{"id":235298,"date":"2025-07-08T14:17:16","date_gmt":"2025-07-08T14:17:16","guid":{"rendered":"https:\/\/www.europesays.com\/fr\/235298\/"},"modified":"2025-07-08T14:17:16","modified_gmt":"2025-07-08T14:17:16","slug":"tcl-a-lyon-le-metro-arrete-durgence-les-pompiers-interviennent-a-la-station-part-dieu","status":"publish","type":"post","link":"https:\/\/www.europesays.com\/fr\/235298\/","title":{"rendered":"TCL \u00e0 Lyon. Le m\u00e9tro arr\u00eat\u00e9 d&rsquo;urgence, les pompiers interviennent \u00e0 la station Part-Dieu"},"content":{"rendered":"<p>            Par<br \/>\n        <strong><br \/>\n            <a href=\"https:\/\/actu.fr\/auteur\/anthony-soudani\" title=\"Consulter tous les articles de Anthony Soudani\" target=\"_blank\" rel=\"noopener\">Anthony Soudani<\/a><br \/>\n        <\/strong><\/p>\n<p>        Publi\u00e9 le<\/p>\n<p>            8 juil. 2025 \u00e0 16h03<br \/>\n        ; mis \u00e0 jour le 8 juil. 2025 \u00e0 16h16    <\/p>\n<p>Le m\u00e9tro B a \u00e9t\u00e9 arr\u00eat\u00e9 d\u2019urgence \u00e0 <a href=\"https:\/\/actu.fr\/lyon\/\" target=\"_blank\" rel=\"noopener\">Lyon<\/a>, ce mardi 8 juillet, \u00e0 15h47. Les pompiers interviennent \u00e0 la station Part-Dieu pour un \u00ab\u00a0accident voyageur\u00a0\u00bb. La ligne B est en partie coup\u00e9e.<\/p>\n<p>Une victime \u00e9vacu\u00e9e consciente<\/p>\n<p class=\" wall-content\">Pour l\u2019heure, nous n\u2019avons pas plus d\u2019informations sur les circonstances de l\u2019accident. Selon le centre op\u00e9rationnel d\u2019incendie et de secours du Rh\u00f4ne, une victime pr\u00e9sente sur les voies a \u00e9t\u00e9 \u00e9vacu\u00e9e.<\/p>\n<p class=\" wall-content\">Elle est actuellement prise en charge consciente \u00e0 l\u2019int\u00e9rieur de la station.\u00a0Pour l\u2019heure, son \u00e9tat de sant\u00e9 n\u2019est pas connu.<\/p>\n<p>Une circulation partielle du m\u00e9tro B<\/p>\n<p class=\" wall-content\">Un gros dispositif de secours a \u00e9t\u00e9 mis en place. Le Samu est \u00e9galement sur les lieux. Tous sont stationn\u00e9s au niveau des arr\u00eats de bus, devant le centre commercial Part-Dieu. Un PC s\u00e9curit\u00e9 a \u00e9t\u00e9 d\u00e9ploy\u00e9 sur les lieux.\u00a0<\/p>\n<p>    <img   decoding=\"async\" loading=\"lazy\" src=\"https:\/\/www.europesays.com\/fr\/wp-content\/uploads\/2025\/07\/pompiers-part-dieu-lyon-960x640.jpg\" alt=\"Une grosse intervention des pompiers est en cours \u00e0 la station de m\u00e9tro de Part-Dieu, \u00e0 Lyon.\" width=\"960\" height=\"640\"\/><br \/>\n    Une grosse intervention des pompiers est en cours \u00e0 la station de m\u00e9tro de Part-Dieu, \u00e0 Lyon. (\u00a9Julien Damboise \/ actu Lyon)Vid\u00e9os : en ce moment sur Actu<\/p>\n<p class=\" wall-content\">Le m\u00e9tro circule de Saint-Genis-Laval H\u00f4p. Sud \u00e0 Stade de Gerland-Le LOU. La reprise est estim\u00e9e \u00e0 17h45.<\/p>\n<p class=\" wall-content\"><strong>Plus d\u2019informations \u00e0 venir\u2026<\/strong><\/p>\n<p class=\" wall-content\">Suivez toute l\u2019actualit\u00e9 de vos villes et m\u00e9dias favoris en vous inscrivant \u00e0 <a href=\"https:\/\/moncompte.actu.fr\" title=\"D\u00e9couvez Mon Actu\" rel=\"nofollow noopener\" data-trk=\"{&quot;cta&quot;:{&quot;action&quot;:&quot;https:\\\/\\\/moncompte.actu.fr&quot;,&quot;category&quot;:&quot;mon compte&quot;,&quot;from&quot;:&quot;article footer&quot;,&quot;name&quot;:&quot;Mon actu&quot;,&quot;type&quot;:&quot;cta&quot;}}\" target=\"_blank\">Mon Actu<\/a>.<\/p>\n","protected":false},"excerpt":{"rendered":"Par Anthony Soudani Publi\u00e9 le 8 juil. 2025 \u00e0 16h03 ; mis \u00e0 jour le 8 juil. 2025&hellip;\n","protected":false},"author":2,"featured_media":235299,"comment_status":"","ping_status":"","sticky":false,"template":"","format":"standard","meta":{"footnotes":""},"categories":[1889],"tags":[119,1111,11,2430,1777,674,118,1011,27,2428,4047,12,25,5787],"class_list":{"0":"post-235298","1":"post","2":"type-post","3":"status-publish","4":"format-standard","5":"has-post-thumbnail","7":"category-lyon","8":"tag-accident","9":"tag-actu","10":"tag-actualites","11":"tag-auvergne-rhone-alpes","12":"tag-eu","13":"tag-europe","14":"tag-faits-divers","15":"tag-fr","16":"tag-france","17":"tag-lyon","18":"tag-metro","19":"tag-news","20":"tag-republique-francaise","21":"tag-transports-en-commun-lyonnais-tcl"},"share_on_mastodon":{"url":"https:\/\/pubeurope.com\/@fr\/114818045988929501","error":""},"_links":{"self":[{"href":"https:\/\/www.europesays.com\/fr\/wp-json\/wp\/v2\/posts\/235298","targetHints":{"allow":["GET"]}}],"collection":[{"href":"https:\/\/www.europesays.com\/fr\/wp-json\/wp\/v2\/posts"}],"about":[{"href":"https:\/\/www.europesays.com\/fr\/wp-json\/wp\/v2\/types\/post"}],"author":[{"embeddable":true,"href":"https:\/\/www.europesays.com\/fr\/wp-json\/wp\/v2\/users\/2"}],"replies":[{"embeddable":true,"href":"https:\/\/www.europesays.com\/fr\/wp-json\/wp\/v2\/comments?post=235298"}],"version-history":[{"count":0,"href":"https:\/\/www.europesays.com\/fr\/wp-json\/wp\/v2\/posts\/235298\/revisions"}],"wp:featuredmedia":[{"embeddable":true,"href":"https:\/\/www.europesays.com\/fr\/wp-json\/wp\/v2\/media\/235299"}],"wp:attachment":[{"href":"https:\/\/www.europesays.com\/fr\/wp-json\/wp\/v2\/media?parent=235298"}],"wp:term":[{"taxonomy":"category","embeddable":true,"href":"https:\/\/www.europesays.com\/fr\/wp-json\/wp\/v2\/categories?post=235298"},{"taxonomy":"post_tag","embeddable":true,"href":"https:\/\/www.europesays.com\/fr\/wp-json\/wp\/v2\/tags?post=235298"}],"curies":[{"name":"wp","href":"https:\/\/api.w.org\/{rel}","templated":true}]}}