{"id":235300,"date":"2025-07-08T14:19:11","date_gmt":"2025-07-08T14:19:11","guid":{"rendered":"https:\/\/www.europesays.com\/fr\/235300\/"},"modified":"2025-07-08T14:19:11","modified_gmt":"2025-07-08T14:19:11","slug":"les-enjeux-du-tri-en-ile-de-france","status":"publish","type":"post","link":"https:\/\/www.europesays.com\/fr\/235300\/","title":{"rendered":"Les enjeux du tri en \u00cele-de-France"},"content":{"rendered":"<p><strong>On vous en dit + &#8211; null<\/strong><\/p>\n<p>L\u2019Extension des Consignes de Tri (ECT) est depuis 2011 un projet national qui vise a\u0300 simplifier le geste de tri en permettant aux habitants de trier tous leurs emballages, qu\u2019ils soient en plastique, carton ou m\u00e9tal et les papiers graphiques comme les journaux.<\/p>\n<p>L\u2019objectif est ainsi de faire progresser les performances de recyclage de tous les emballages et donc de concourir a\u0300 l\u2019ame\u0301lioration de l\u2019impact environnemental global du dispositif de collecte, de tri et de recyclage des emballages me\u0301nagers.<\/p>\n<p>Notre invit\u00e9 : Laurent Dalibon &#8211; Directeur r\u00e9gional Cit\u00e9o.<\/p>\n<p>On vous en dit +, c&rsquo;est quoi ?<\/p>\n<p>\u00ab <a href=\"https:\/\/www.20minutes.fr\/tv\/on-vous-en-dit-plus\/?at_medium=RSS%20feed&amp;at_campaign=ynews&amp;utm_source=yahoo&amp;utm_medium=rss&amp;utm_campaign=news_feed&amp;utm_content=in_article_link\" rel=\"nofollow noopener\" target=\"_blank\" data-ylk=\"slk:ON VOUS EN DIT +;elm:context_link;itc:0;sec:content-canvas\" class=\"link \">ON VOUS EN DIT +<\/a> \u00bb est une \u00e9mission hebdo de 26 minutes, dont l\u2019objectif est de vous faire faire le tour d\u2019un sujet en une \u00e9mission.<\/p>\n<p>Anim\u00e9e par Noham Huclin, On vous en dit + est l\u00e0 pour vous pr\u00e9senter un sujet de soci\u00e9t\u00e9 depuis diff\u00e9rentes perspectives : le v\u00e9cu gr\u00e2ce \u00e0 une personne qui le vit (le t\u00e9moin), le savoir gr\u00e2ce la personne qui sait (l\u2019expert), et la perception g\u00e9n\u00e9rale (l\u2019opinion publique) sous forme de chronique.<\/p>\n<p>Les sujets abord\u00e9s dans l\u2019\u00e9mission sont vari\u00e9s, peuvent \u00eatre l\u00e9gers ou s\u00e9rieux.<\/p>\n<p><a href=\"https:\/\/www.20minutes.fr\/tv\/on-vous-en-dit-plus\/?at_medium=RSS%20feed&amp;at_campaign=ynews&amp;utm_source=yahoo&amp;utm_medium=rss&amp;utm_campaign=news_feed&amp;utm_content=in_article_link\" rel=\"nofollow noopener\" target=\"_blank\" data-ylk=\"slk:On vous en dit +;elm:context_link;itc:0;sec:content-canvas\" class=\"link \">On vous en dit +<\/a>, c&rsquo;est tous les jeudis \u00e0 18h30.<\/p>\n<p><a href=\"https:\/\/www.20minutes.fr\/tv\/on-vous-en-dit-plus\/4161810-20250708-enjeux-tri-ile-france?at_medium=RSS%20feed&amp;at_campaign=ynews&amp;utm_source=yahoo&amp;utm_medium=rss&amp;utm_campaign=news_feed&amp;utm_content=read_more_link\" rel=\"nofollow noopener\" target=\"_blank\" data-ylk=\"slk:Lire la suite sur 20minutes;elm:context_link;itc:0;sec:content-canvas\" class=\"link \">Lire la suite sur 20minutes<\/a><\/p>\n","protected":false},"excerpt":{"rendered":"On vous en dit + &#8211; null L\u2019Extension des Consignes de Tri (ECT) est depuis 2011 un projet&hellip;\n","protected":false},"author":2,"featured_media":235301,"comment_status":"","ping_status":"","sticky":false,"template":"","format":"standard","meta":{"footnotes":""},"categories":[1592],"tags":[1111,11,1777,674,1011,27,662,12,626,25,25019],"class_list":{"0":"post-235300","1":"post","2":"type-post","3":"status-publish","4":"format-standard","5":"has-post-thumbnail","7":"category-ile-de-france","8":"tag-actu","9":"tag-actualites","10":"tag-eu","11":"tag-europe","12":"tag-fr","13":"tag-france","14":"tag-ile-de-france","15":"tag-news","16":"tag-paris","17":"tag-republique-francaise","18":"tag-tri"},"share_on_mastodon":{"url":"https:\/\/pubeurope.com\/@fr\/114818053810678822","error":""},"_links":{"self":[{"href":"https:\/\/www.europesays.com\/fr\/wp-json\/wp\/v2\/posts\/235300","targetHints":{"allow":["GET"]}}],"collection":[{"href":"https:\/\/www.europesays.com\/fr\/wp-json\/wp\/v2\/posts"}],"about":[{"href":"https:\/\/www.europesays.com\/fr\/wp-json\/wp\/v2\/types\/post"}],"author":[{"embeddable":true,"href":"https:\/\/www.europesays.com\/fr\/wp-json\/wp\/v2\/users\/2"}],"replies":[{"embeddable":true,"href":"https:\/\/www.europesays.com\/fr\/wp-json\/wp\/v2\/comments?post=235300"}],"version-history":[{"count":0,"href":"https:\/\/www.europesays.com\/fr\/wp-json\/wp\/v2\/posts\/235300\/revisions"}],"wp:featuredmedia":[{"embeddable":true,"href":"https:\/\/www.europesays.com\/fr\/wp-json\/wp\/v2\/media\/235301"}],"wp:attachment":[{"href":"https:\/\/www.europesays.com\/fr\/wp-json\/wp\/v2\/media?parent=235300"}],"wp:term":[{"taxonomy":"category","embeddable":true,"href":"https:\/\/www.europesays.com\/fr\/wp-json\/wp\/v2\/categories?post=235300"},{"taxonomy":"post_tag","embeddable":true,"href":"https:\/\/www.europesays.com\/fr\/wp-json\/wp\/v2\/tags?post=235300"}],"curies":[{"name":"wp","href":"https:\/\/api.w.org\/{rel}","templated":true}]}}