{"id":235306,"date":"2025-07-08T14:22:09","date_gmt":"2025-07-08T14:22:09","guid":{"rendered":"https:\/\/www.europesays.com\/fr\/235306\/"},"modified":"2025-07-08T14:22:09","modified_gmt":"2025-07-08T14:22:09","slug":"14-juillet-a-paris-1-000-drones-vont-illuminer-le-ciel-de-la-capitale","status":"publish","type":"post","link":"https:\/\/www.europesays.com\/fr\/235306\/","title":{"rendered":"14\u00a0juillet \u00e0 Paris\u00a0: 1\u00a0000 drones vont illuminer le ciel de la capitale"},"content":{"rendered":"<p class=\"paragraph text_align_left lp-f-body-02\">L\u2019exp\u00e9rience avait s\u00e9duit les Parisiens au moment de la s\u00e9quence olympique, la Ville a donc d\u00e9cid\u00e9 de la renouveler cette ann\u00e9e : le 14 juillet prochain, le ciel de la capitale accueillera un ballet de mille drones lumineux. Ces petits engins volants, \u00e9quip\u00e9s de LED multicolores \u00e9quip\u00e9s de modules tridimensionnels et diffuseurs 360\u00b0, vont r\u00e9aliser <a href=\"https:\/\/www.leparisien.fr\/paris-75\/14-juillet-a-paris-dans-les-coulisses-du-spectacle-alliage-de-drones-lumineux-et-de-feux-dartifice-13-07-2024-FMGA5HISEJEEPOUKSDAZRJV6BY.php\" target=\"_blank\" rel=\"noreferrer nofollow noopener\">une chor\u00e9graphie a\u00e9rienne millim\u00e9tr\u00e9e<\/a>.<\/p>\n<p class=\"paragraph text_align_left lp-f-body-02\">Cette danse des drones &#8211; de plus en plus populaire dans les manifestations \u00e0 travers le monde, alternative plus \u00e9cologique aux feux d\u2019artifice traditionnels &#8211; sera d\u00e9coup\u00e9e en quatre grandes s\u00e9quences et 11 tableaux qui mettront \u00e0 l\u2019honneur \u00ab la Seine, les 10 ans de l\u2019Accord de Paris, le Br\u00e9sil et les valeurs de la capitale \u00bb, dans le cadre de la saison culturelle France Br\u00e9sil.<\/p>\n<p>Deux spots d\u2019observation<\/p>\n<p class=\"paragraph text_align_left lp-f-body-02\">Pr\u00e9vue \u00e0 23 heures, cette toile lumineuse accompagnera le traditionnel feu d\u2019artifice avec ces 120 postes de tirs, dont 80 install\u00e9s directement sur la tour Eiffel, et 50 projecteurs \u00e0 son pied. Pour y assister, la Ville de Paris donne rendez-vous aux spectateurs sur le Champ de Mars (VIIe) et au Trocad\u00e9ro (XVIe). Les quais de Seine offriront \u00e9galement comme chaque ann\u00e9e des points de vue privil\u00e9gi\u00e9s pour assister au spectacle pyrotechnique.<\/p>\n<p class=\"paragraph text_align_left lp-f-body-02\">Le show d\u2019environ 30 minutes sera pr\u00e9c\u00e9d\u00e9 \u00e0 21 heures du Concert de Paris, pr\u00e9sent\u00e9 au public par France T\u00e9l\u00e9visions et Radio France, qui r\u00e9unira les plus grands noms du classique autour de l\u2019Orchestre National de France, la Ma\u00eetrise et le Ch\u0153ur de Radio France.<\/p>\n<p class=\"paragraph text_align_left lp-f-body-02\">Un dispositif de s\u00e9curit\u00e9 est pr\u00e9vu, et des restrictions de circulation et de stationnement s\u2019imposeront dans plusieurs secteurs de la capitale, notamment dans les VIIe, VIIIe, XVIe et XVIIe arrondissements de Paris. Les automobilistes sont invit\u00e9s \u00e0 consulter le d\u00e9tail des mesures sur le site de la pr\u00e9fecture de Police pour planifier leurs d\u00e9placements.<\/p>\n","protected":false},"excerpt":{"rendered":"L\u2019exp\u00e9rience avait s\u00e9duit les Parisiens au moment de la s\u00e9quence olympique, la Ville a donc d\u00e9cid\u00e9 de la&hellip;\n","protected":false},"author":2,"featured_media":235307,"comment_status":"","ping_status":"","sticky":false,"template":"","format":"standard","meta":{"footnotes":""},"categories":[1888],"tags":[11,1777,674,1011,27,1944,12,626,25],"class_list":{"0":"post-235306","1":"post","2":"type-post","3":"status-publish","4":"format-standard","5":"has-post-thumbnail","7":"category-paris","8":"tag-actualites","9":"tag-eu","10":"tag-europe","11":"tag-fr","12":"tag-france","13":"tag-ma-ville","14":"tag-news","15":"tag-paris","16":"tag-republique-francaise"},"share_on_mastodon":{"url":"https:\/\/pubeurope.com\/@fr\/114818065620791627","error":""},"_links":{"self":[{"href":"https:\/\/www.europesays.com\/fr\/wp-json\/wp\/v2\/posts\/235306","targetHints":{"allow":["GET"]}}],"collection":[{"href":"https:\/\/www.europesays.com\/fr\/wp-json\/wp\/v2\/posts"}],"about":[{"href":"https:\/\/www.europesays.com\/fr\/wp-json\/wp\/v2\/types\/post"}],"author":[{"embeddable":true,"href":"https:\/\/www.europesays.com\/fr\/wp-json\/wp\/v2\/users\/2"}],"replies":[{"embeddable":true,"href":"https:\/\/www.europesays.com\/fr\/wp-json\/wp\/v2\/comments?post=235306"}],"version-history":[{"count":0,"href":"https:\/\/www.europesays.com\/fr\/wp-json\/wp\/v2\/posts\/235306\/revisions"}],"wp:featuredmedia":[{"embeddable":true,"href":"https:\/\/www.europesays.com\/fr\/wp-json\/wp\/v2\/media\/235307"}],"wp:attachment":[{"href":"https:\/\/www.europesays.com\/fr\/wp-json\/wp\/v2\/media?parent=235306"}],"wp:term":[{"taxonomy":"category","embeddable":true,"href":"https:\/\/www.europesays.com\/fr\/wp-json\/wp\/v2\/categories?post=235306"},{"taxonomy":"post_tag","embeddable":true,"href":"https:\/\/www.europesays.com\/fr\/wp-json\/wp\/v2\/tags?post=235306"}],"curies":[{"name":"wp","href":"https:\/\/api.w.org\/{rel}","templated":true}]}}