{"id":23531,"date":"2025-04-14T02:48:10","date_gmt":"2025-04-14T02:48:10","guid":{"rendered":"https:\/\/www.europesays.com\/fr\/23531\/"},"modified":"2025-04-14T02:48:10","modified_gmt":"2025-04-14T02:48:10","slug":"donald-trump-se-ridiculise-en-montant-dans-lavion-presidentiel-et-ca-tient-a-pas-grand-chose","status":"publish","type":"post","link":"https:\/\/www.europesays.com\/fr\/23531\/","title":{"rendered":"Donald Trump se ridiculise en montant dans l\u2019avion pr\u00e9sidentiel, et \u00e7a tient \u00e0 pas grand-chose"},"content":{"rendered":"<p>Ce mardi 11 avril 2025, <a href=\"https:\/\/www.closermag.fr\/politique\/donald-trump-alors-quil-fait-trembler-leurope-voici-ou-il-a-litteralement-passe-un-tiers-de-son-temps-sur-les-77-premiers-jours-de-mandat-3535424\" rel=\"nofollow noopener\" target=\"_blank\"><br \/>\nDonald Trump<\/a> s&rsquo;est une nouvelle fois attir\u00e9 les moqueries sur<br \/>\nles r\u00e9seaux sociaux. En cause, un moment de maladresse captur\u00e9 par<br \/>\nles cam\u00e9ras alors que le locataire de la Maison-Blanche s&rsquo;appr\u00eatait<br \/>\n\u00e0 embarquer dans l&rsquo;avion pr\u00e9sidentiel Air Force One.<\/p>\n<p>Un parapluie r\u00e9calcitrant<\/p>\n<p>Alors qu&rsquo;il se rendait \u00e0 sa r\u00e9sidence de Mar-a-Lago en Floride<br \/>\npour le week-end, le <a href=\"https:\/\/www.closermag.fr\/politique\/donald-trump-grand-pere-a-nouveau-sa-fille-tiffany-devoile-son-baby-bump-perchee-sur-des-talons-aiguilles-3531244\" rel=\"nofollow noopener\" target=\"_blank\"><br \/>\npr\u00e9sident am\u00e9ricain<\/a> a d\u00fb affronter des conditions<br \/>\nm\u00e9t\u00e9orologiques peu cl\u00e9mentes sur le tarmac de la base militaire<br \/>\nd&rsquo;Andrews dans le Maryland. \u00c9quip\u00e9 d&rsquo;un large parapluie noir pour<br \/>\nse prot\u00e9ger de la pluie battante, Donald Trump a entrepris de<br \/>\ngravir les marches menant \u00e0 l&rsquo;appareil. C&rsquo;est l\u00e0 que les choses se<br \/>\nsont cors\u00e9es.<\/p>\n<p>En effet, arriv\u00e9 devant la porte d&rsquo;Air Force One, l&rsquo;<a href=\"https:\/\/www.closermag.fr\/politique\/business-is-business-donald-trump-innove-pour-les-fetes-de-paques-a-la-maison-blanche-tolle-general-3530129\" rel=\"nofollow noopener\" target=\"_blank\">ex-magnat<br \/>\nde l&rsquo;immobilier<\/a> a tent\u00e9 de franchir le seuil sans refermer son<br \/>\nparapluie. Probl\u00e8me, l&rsquo;accessoire s&rsquo;est av\u00e9r\u00e9 trop encombrant pour<br \/>\npasser l&#8217;embrasure. Apr\u00e8s plusieurs essais infructueux, un Donald<br \/>\nTrump visiblement agac\u00e9 a fini par abandonner et confier le<br \/>\nparapluie r\u00e9calcitrant \u00e0 un membre d&rsquo;\u00e9quipage \u00e0 l&rsquo;int\u00e9rieur.<\/p>\n<blockquote class=\"twitter-tweet\"><p><a class=\"twitter-link\" rel=\"noindex, nofollow noopener\" href=\"https:\/\/twitter.com\/renaudpila\/status\/1910968670534193177\" target=\"_blank\"><\/p><\/blockquote>\n<p>Les internautes s&rsquo;en donnent \u00e0 c\u0153ur<br \/>\njoie<\/p>\n<p>La s\u00e9quence, immortalis\u00e9e par les journalistes pr\u00e9sents sur<br \/>\nplace, a rapidement fait le tour de la toile. \u00ab\u00a0Il n&rsquo;a toujours<br \/>\npas compris le fonctionnement des parapluies ?\u00a0\u00bb s&rsquo;amuse un<br \/>\nutilisateur sur le r\u00e9seau social X (ex-Twitter). \u00ab\u00a0Toutes ces<br \/>\nann\u00e9es et il n&rsquo;arrive toujours pas \u00e0 s&rsquo;en sortir\u00a0\u00bb rench\u00e9rit un<br \/>\nautre. Les commentaires moqueurs se sont multipli\u00e9s, d&rsquo;autant que<br \/>\nce n&rsquo;est pas la premi\u00e8re fois que Donald Trump se retrouve dans ce<br \/>\ngenre de situation.<\/p>\n<p>Les plus critiques n&rsquo;ont pas manqu\u00e9 de souligner que le<br \/>\npr\u00e9sident prenait du bon temps dans sa luxueuse propri\u00e9t\u00e9 de<br \/>\nFloride alors que les \u00c9tats-Unis traversent une p\u00e9riode \u00e9conomique<br \/>\nagit\u00e9e, en grande partie due \u00e0 la guerre commerciale d\u00e9clench\u00e9e par<br \/>\nTrump lui-m\u00eame. Une guerre qui a fait trembler les march\u00e9s<br \/>\nfinanciers avant un sursaut cons\u00e9cutif \u00e0 la d\u00e9cision pr\u00e9sidentielle<br \/>\nde suspendre pendant 90 jours les nouveaux tarifs douaniers.<\/p>\n<p>Cet \u00e9pisode du parapluie, qui peut sembler anecdotique, illustre<br \/>\nune fois de plus la propension de Donald Trump \u00e0 cr\u00e9er le buzz<br \/>\nmalgr\u00e9 lui. Une tendance qui ne cesse d&rsquo;alimenter les<br \/>\nconversations, pour le meilleur et pour le pire.<\/p>\n<p><script async src=\"https:\/\/platform.twitter.com\/widgets.js\" charset=\"utf-8\"><\/script><\/p>\n","protected":false},"excerpt":{"rendered":"Ce mardi 11 avril 2025, Donald Trump s&rsquo;est une nouvelle fois attir\u00e9 les moqueries sur les r\u00e9seaux sociaux.&hellip;\n","protected":false},"author":2,"featured_media":23532,"comment_status":"","ping_status":"","sticky":false,"template":"","format":"standard","meta":{"footnotes":""},"categories":[5],"tags":[11,548,75,1011,27,14,12,28],"class_list":{"0":"post-23531","1":"post","2":"type-post","3":"status-publish","4":"format-standard","5":"has-post-thumbnail","7":"category-international","8":"tag-actualites","9":"tag-article-simple","10":"tag-donald-trump","11":"tag-fr","12":"tag-france","13":"tag-international","14":"tag-news","15":"tag-world"},"share_on_mastodon":{"url":"https:\/\/pubeurope.com\/@fr\/114334040221405329","error":""},"_links":{"self":[{"href":"https:\/\/www.europesays.com\/fr\/wp-json\/wp\/v2\/posts\/23531","targetHints":{"allow":["GET"]}}],"collection":[{"href":"https:\/\/www.europesays.com\/fr\/wp-json\/wp\/v2\/posts"}],"about":[{"href":"https:\/\/www.europesays.com\/fr\/wp-json\/wp\/v2\/types\/post"}],"author":[{"embeddable":true,"href":"https:\/\/www.europesays.com\/fr\/wp-json\/wp\/v2\/users\/2"}],"replies":[{"embeddable":true,"href":"https:\/\/www.europesays.com\/fr\/wp-json\/wp\/v2\/comments?post=23531"}],"version-history":[{"count":0,"href":"https:\/\/www.europesays.com\/fr\/wp-json\/wp\/v2\/posts\/23531\/revisions"}],"wp:featuredmedia":[{"embeddable":true,"href":"https:\/\/www.europesays.com\/fr\/wp-json\/wp\/v2\/media\/23532"}],"wp:attachment":[{"href":"https:\/\/www.europesays.com\/fr\/wp-json\/wp\/v2\/media?parent=23531"}],"wp:term":[{"taxonomy":"category","embeddable":true,"href":"https:\/\/www.europesays.com\/fr\/wp-json\/wp\/v2\/categories?post=23531"},{"taxonomy":"post_tag","embeddable":true,"href":"https:\/\/www.europesays.com\/fr\/wp-json\/wp\/v2\/tags?post=23531"}],"curies":[{"name":"wp","href":"https:\/\/api.w.org\/{rel}","templated":true}]}}