{"id":235310,"date":"2025-07-08T14:24:10","date_gmt":"2025-07-08T14:24:10","guid":{"rendered":"https:\/\/www.europesays.com\/fr\/235310\/"},"modified":"2025-07-08T14:24:10","modified_gmt":"2025-07-08T14:24:10","slug":"les-centres-de-recrutement-nouvel-objectif-des-frappes-russes-en-ukraine","status":"publish","type":"post","link":"https:\/\/www.europesays.com\/fr\/235310\/","title":{"rendered":"Les centres de recrutement, nouvel objectif des frappes russes en Ukraine ?"},"content":{"rendered":"\n<p>\u201cAu cours des deux derni\u00e8res semaines, la F\u00e9d\u00e9ration de Russie a d\u00e9j\u00e0 lanc\u00e9 six frappes contre des centres de recrutement dans diff\u00e9rentes r\u00e9gions d\u2019Ukraine, dont Kharkiv, Kryvy\u00ef\u00a0Rih, Poltava, Krementchoug et Zaporijjia\u201d, <a class=\"ithalc\" data-ithal=\"lien_externe\" data-ithalc=\"[nav_article]\" target=\"_blank\" href=\"https:\/\/gazeta.ua\/articles\/np\/_udari-po-tck-ne-zupinyat-mobilizaciyu-zsu-vrahuvali-girkij-dosvid\/1223525\" rel=\"nofollow noopener\">constate le quotidien <strong>Gazeta<\/strong><\/a><strong>.<\/strong> Et ces attaques risquent de continuer, pr\u00e9vient Vitaliy\u00a0Sarantsev, le porte-parole de l\u2019arm\u00e9e de terre (charg\u00e9e de g\u00e9rer ces centres), <a class=\"ithalc\" data-ithal=\"lien_externe\" data-ithalc=\"[nav_article]\" target=\"_blank\" href=\"https:\/\/gazeta.ua\/articles\/life\/_rf-namagayetsya-zirvati-mobilizaciyu-udarami-po-tck-zsu\/1223406\" rel=\"nofollow noopener\">dans un autre article du m\u00eame journal<\/a>.<\/p>\n<p>Pour les forces arm\u00e9es ukrainiennes \u201cl\u2019ennemi cible pr\u00e9cis\u00e9ment des \u00e9l\u00e9ments cl\u00e9s des infrastructures de mobilisation afin de saboter la d\u00e9fense du pays\u201d, souligne encore Gazeta. L\u2019objectif\u00a0? \u201cDiscr\u00e9diter le syst\u00e8me de mobilisation, semer la peur dans la population et paralyser des m\u00e9canismes cruciaux\u201d pour l\u2019arm\u00e9e, affirme Ivan\u00a0Tymotchko, chef du conseil des r\u00e9serves de l\u2019arm\u00e9e de terre. Autrement dit, affirme la journaliste Tetiana\u00a0Trochynska <a class=\"ithalc\" data-ithal=\"lien_externe\" data-ithalc=\"[nav_article]\" target=\"_blank\" href=\"https:\/\/espreso.tv\/poglyad-udari-po-ttsk-sproba-demilitarizatsii-pro-yaku-torochit-putin\" rel=\"nofollow noopener\">sur le site de la cha\u00eene de t\u00e9l\u00e9vision <strong>Espreso<\/strong><\/a>\u00a0:<\/p>\n<blockquote><p>\u201cC\u2019est une tentative de d\u00e9militarisation du pays, sur laquelle Poutine d\u00e9blat\u00e8re avec insistance.\u201d<\/p><\/blockquote>\n<p>Tetiana\u00a0Trochynska d\u00e9plore la r\u00e9action d\u2019une partie de la population ukrainienne. En effet, sur les r\u00e9seaux sociaux, certains internautes se seraient r\u00e9jouis des frappes. Les centres de recrutement ont mauvaise r\u00e9putation dans le pays.<\/p>\n<p> Vers un recrutement en distanciel <\/p>\n<p>\u201cPour <\/p>\n","protected":false},"excerpt":{"rendered":"\u201cAu cours des deux derni\u00e8res semaines, la F\u00e9d\u00e9ration de Russie a d\u00e9j\u00e0 lanc\u00e9 six frappes contre des centres&hellip;\n","protected":false},"author":2,"featured_media":235311,"comment_status":"","ping_status":"","sticky":false,"template":"","format":"standard","meta":{"footnotes":""},"categories":[1591],"tags":[11,674,1887,1892,131,12,1885,1886,132,220],"class_list":{"0":"post-235310","1":"post","2":"type-post","3":"status-publish","4":"format-standard","5":"has-post-thumbnail","7":"category-russie","8":"tag-actualites","9":"tag-europe","10":"tag-federation-de-russie","11":"tag-gu00e9opolitique","12":"tag-guerre-en-ukraine","13":"tag-news","14":"tag-russia","15":"tag-russian-federation","16":"tag-russie","17":"tag-ukraine"},"share_on_mastodon":{"url":"https:\/\/pubeurope.com\/@fr\/114818073531252724","error":""},"_links":{"self":[{"href":"https:\/\/www.europesays.com\/fr\/wp-json\/wp\/v2\/posts\/235310","targetHints":{"allow":["GET"]}}],"collection":[{"href":"https:\/\/www.europesays.com\/fr\/wp-json\/wp\/v2\/posts"}],"about":[{"href":"https:\/\/www.europesays.com\/fr\/wp-json\/wp\/v2\/types\/post"}],"author":[{"embeddable":true,"href":"https:\/\/www.europesays.com\/fr\/wp-json\/wp\/v2\/users\/2"}],"replies":[{"embeddable":true,"href":"https:\/\/www.europesays.com\/fr\/wp-json\/wp\/v2\/comments?post=235310"}],"version-history":[{"count":0,"href":"https:\/\/www.europesays.com\/fr\/wp-json\/wp\/v2\/posts\/235310\/revisions"}],"wp:featuredmedia":[{"embeddable":true,"href":"https:\/\/www.europesays.com\/fr\/wp-json\/wp\/v2\/media\/235311"}],"wp:attachment":[{"href":"https:\/\/www.europesays.com\/fr\/wp-json\/wp\/v2\/media?parent=235310"}],"wp:term":[{"taxonomy":"category","embeddable":true,"href":"https:\/\/www.europesays.com\/fr\/wp-json\/wp\/v2\/categories?post=235310"},{"taxonomy":"post_tag","embeddable":true,"href":"https:\/\/www.europesays.com\/fr\/wp-json\/wp\/v2\/tags?post=235310"}],"curies":[{"name":"wp","href":"https:\/\/api.w.org\/{rel}","templated":true}]}}