{"id":235317,"date":"2025-07-08T14:28:12","date_gmt":"2025-07-08T14:28:12","guid":{"rendered":"https:\/\/www.europesays.com\/fr\/235317\/"},"modified":"2025-07-08T14:28:12","modified_gmt":"2025-07-08T14:28:12","slug":"streaming-chaine-tv-et-compos-4","status":"publish","type":"post","link":"https:\/\/www.europesays.com\/fr\/235317\/","title":{"rendered":"streaming, cha\u00eene TV et compos"},"content":{"rendered":"<p>L&rsquo;Allemagne et le Danemark s&rsquo;affrontent<br \/>\npour la phase de poules de l&rsquo;Euro f\u00e9minin, ce mardi (18 heures).<br \/>\nVoici toutes les infos essentielles sur ce match.<\/p>\n<p>Si l\u2019Espagne \u00e9merge comme l\u2019\u00e9pouvantail de cet Euro f\u00e9minin,<br \/>\nl\u2019Allemagne sera une autre t\u00eate de s\u00e9rie \u00e0 prendre tr\u00e8s au s\u00e9rieux,<br \/>\nau m\u00eame titre que les Bleues. La s\u00e9lection germanique est la nation<br \/>\nla plus titr\u00e9e de l\u2019histoire de ce tournoi, et elle a fait<br \/>\nrespecter son standing pour ses d\u00e9buts dans la comp\u00e9tition, avec un<br \/>\nvictoire sans appel contre le Danemark, vendredi (2-0).<\/p>\n<p>L\u2019Allemagne pourrait donc composter son ticket pour le prochain<br \/>\ntour en cas de victoire ce mardi, en d\u00e9but de soir\u00e9e (coup d\u2019envoi<br \/>\n\u00e0 18 heures). Mais pour cela, elle devra \u00e9viter le pi\u00e8ge tendu par<br \/>\nle Danemark. Battue par son voisin su\u00e9dois vendredi dernier (0-1),<br \/>\nla s\u00e9lection scandinave est contrainte \u00e0 l\u2019exploit pour \u00e9viter une<br \/>\n\u00e9limination pr\u00e9coce.<\/p>\n<p>Les compos attendues<\/p>\n<p><strong>Allemagne<\/strong> : Berger; Linder, Knaak, Minge,<br \/>\nWamser; N\u00fcsken, Sen\u00df; B\u00fchl, Dallmann, Brand; Sch\u00fcller.<\/p>\n<p><strong>Danemark<\/strong> : \u00d8stergaard; Veje, Ballisager, F\u00e6rge;<br \/>\nS. Holmgaard, Snerle, K. Holmgaard, Th\u00f8gersen; Harder, Vangsgaard,<br \/>\nThomsen.<\/p>\n<p>O\u00f9 voir le match ?<\/p>\n<p>Ce match de l\u2019Euro f\u00e9minin entre l\u2019Allemagne et le Danemark sera<br \/>\ndiffus\u00e9 ce mardi sur France 4, \u00e0 partir de 18 heures.<\/p>\n<p>EN BREF<\/p>\n<ul class=\"bloc_resume_post_list\">\n<li>L&rsquo;Allemagne, la nation la plus titr\u00e9e de l&rsquo;histoire de l&rsquo;Euro<br \/>\nf\u00e9minin, a d\u00e9but\u00e9 la comp\u00e9tition avec une victoire contre le<br \/>\nDanemark (2-0) vendredi.<\/li>\n<li>Une victoire de l&rsquo;Allemagne contre le Danemark ce mardi \u00e0 18<br \/>\nheures pourrait leur assurer une place pour le prochain tour,<br \/>\ntandis que le Danemark doit \u00e9viter une \u00e9limination pr\u00e9coce apr\u00e8s sa<br \/>\nd\u00e9faite contre la Su\u00e8de.<\/li>\n<li>Le match sera diffus\u00e9 sur France 4, permettant aux fans de<br \/>\nsuivre cette rencontre d\u00e9cisive de l&rsquo;Euro f\u00e9minin.<\/li>\n<\/ul>\n","protected":false},"excerpt":{"rendered":"L&rsquo;Allemagne et le Danemark s&rsquo;affrontent pour la phase de poules de l&rsquo;Euro f\u00e9minin, ce mardi (18 heures). Voici&hellip;\n","protected":false},"author":2,"featured_media":235318,"comment_status":"","ping_status":"","sticky":false,"template":"","format":"standard","meta":{"footnotes":""},"categories":[1587],"tags":[11,672,1804,1805,1803,1777,674,1801,12,1802],"class_list":{"0":"post-235317","1":"post","2":"type-post","3":"status-publish","4":"format-standard","5":"has-post-thumbnail","7":"category-allemagne","8":"tag-actualites","9":"tag-allemagne","10":"tag-bundesrepublik-deutschland","11":"tag-de","12":"tag-deutschland","13":"tag-eu","14":"tag-europe","15":"tag-germany","16":"tag-news","17":"tag-republique-federale-dallemagne"},"share_on_mastodon":{"url":"https:\/\/pubeurope.com\/@fr\/114818089254758047","error":""},"_links":{"self":[{"href":"https:\/\/www.europesays.com\/fr\/wp-json\/wp\/v2\/posts\/235317","targetHints":{"allow":["GET"]}}],"collection":[{"href":"https:\/\/www.europesays.com\/fr\/wp-json\/wp\/v2\/posts"}],"about":[{"href":"https:\/\/www.europesays.com\/fr\/wp-json\/wp\/v2\/types\/post"}],"author":[{"embeddable":true,"href":"https:\/\/www.europesays.com\/fr\/wp-json\/wp\/v2\/users\/2"}],"replies":[{"embeddable":true,"href":"https:\/\/www.europesays.com\/fr\/wp-json\/wp\/v2\/comments?post=235317"}],"version-history":[{"count":0,"href":"https:\/\/www.europesays.com\/fr\/wp-json\/wp\/v2\/posts\/235317\/revisions"}],"wp:featuredmedia":[{"embeddable":true,"href":"https:\/\/www.europesays.com\/fr\/wp-json\/wp\/v2\/media\/235318"}],"wp:attachment":[{"href":"https:\/\/www.europesays.com\/fr\/wp-json\/wp\/v2\/media?parent=235317"}],"wp:term":[{"taxonomy":"category","embeddable":true,"href":"https:\/\/www.europesays.com\/fr\/wp-json\/wp\/v2\/categories?post=235317"},{"taxonomy":"post_tag","embeddable":true,"href":"https:\/\/www.europesays.com\/fr\/wp-json\/wp\/v2\/tags?post=235317"}],"curies":[{"name":"wp","href":"https:\/\/api.w.org\/{rel}","templated":true}]}}