{"id":235321,"date":"2025-07-08T14:30:16","date_gmt":"2025-07-08T14:30:16","guid":{"rendered":"https:\/\/www.europesays.com\/fr\/235321\/"},"modified":"2025-07-08T14:30:16","modified_gmt":"2025-07-08T14:30:16","slug":"droits-de-douane-un-peu-plus-de-temps-necessaire-pour-trouver-un-accord-avec-les-etats-unis-selon-une-commissaire-europeenne","status":"publish","type":"post","link":"https:\/\/www.europesays.com\/fr\/235321\/","title":{"rendered":"Droits de douane: \u00ab\u00a0Un peu plus de temps\u00a0\u00bb n\u00e9cessaire pour trouver un accord avec les \u00c9tats-Unis, selon une commissaire europ\u00e9enne"},"content":{"rendered":"<p class=\"ap-StoryElement ap-StoryElement--mb js-paywall-target ap-StoryText\">\u00ab\u00a0Nous avons travaill\u00e9 avec l&rsquo;\u00e9ch\u00e9ance du 9 juillet \u00e0 l&rsquo;esprit, mais il appara\u00eet que les \u00c9tats-Unis l&rsquo;ont, en quelque sorte, repouss\u00e9e au 1er ao\u00fbt. Cela nous donne un peu plus de temps\u00a0\u00bb, a comment\u00e9 M. Dombrovskis mardi.<\/p>\n<p class=\"ap-StoryElement ap-StoryElement--mb ap-StoryText\">Le commissaire europ\u00e9en esp\u00e8re n\u00e9anmoins que les deux parties parviendront \u00e0 un accord de principe avant la fin du mois. \u00ab\u00a0Cela permettrait de lever l&rsquo;incertitude qui p\u00e8se sur l&rsquo;\u00e9conomie et les d\u00e9cisions d&rsquo;investissement des entreprises.\u00a0\u00bb<\/p>\n<p class=\"ap-StoryElement ap-StoryElement--mb ap-StoryText\">Donald Trump lui-m\u00eame continue de semer le trouble sur le calendrier. Interrog\u00e9 lundi soir sur le caract\u00e8re contraignant de l&rsquo;\u00e9ch\u00e9ance du 1er ao\u00fbt, il a r\u00e9pondu aux journalistes: \u00ab\u00a0Je dirais contraignant, mais pas \u00e0 100 %\u00a0\u00bb.<\/p>\n","protected":false},"excerpt":{"rendered":"\u00ab\u00a0Nous avons travaill\u00e9 avec l&rsquo;\u00e9ch\u00e9ance du 9 juillet \u00e0 l&rsquo;esprit, mais il appara\u00eet que les \u00c9tats-Unis l&rsquo;ont, en&hellip;\n","protected":false},"author":2,"featured_media":235322,"comment_status":"","ping_status":"","sticky":false,"template":"","format":"standard","meta":{"footnotes":""},"categories":[1586],"tags":[11,4763,215,73,1777,674,1779,1011,27,12,25,1778,364],"class_list":{"0":"post-235321","1":"post","2":"type-post","3":"status-publish","4":"format-standard","5":"has-post-thumbnail","7":"category-europe","8":"tag-actualites","9":"tag-agenda","10":"tag-commerce","11":"tag-etats-unis","12":"tag-eu","13":"tag-europe","14":"tag-european-union","15":"tag-fr","16":"tag-france","17":"tag-news","18":"tag-republique-francaise","19":"tag-ue","20":"tag-union-europeenne"},"share_on_mastodon":{"url":"https:\/\/pubeurope.com\/@fr\/114818097068695511","error":""},"_links":{"self":[{"href":"https:\/\/www.europesays.com\/fr\/wp-json\/wp\/v2\/posts\/235321","targetHints":{"allow":["GET"]}}],"collection":[{"href":"https:\/\/www.europesays.com\/fr\/wp-json\/wp\/v2\/posts"}],"about":[{"href":"https:\/\/www.europesays.com\/fr\/wp-json\/wp\/v2\/types\/post"}],"author":[{"embeddable":true,"href":"https:\/\/www.europesays.com\/fr\/wp-json\/wp\/v2\/users\/2"}],"replies":[{"embeddable":true,"href":"https:\/\/www.europesays.com\/fr\/wp-json\/wp\/v2\/comments?post=235321"}],"version-history":[{"count":0,"href":"https:\/\/www.europesays.com\/fr\/wp-json\/wp\/v2\/posts\/235321\/revisions"}],"wp:featuredmedia":[{"embeddable":true,"href":"https:\/\/www.europesays.com\/fr\/wp-json\/wp\/v2\/media\/235322"}],"wp:attachment":[{"href":"https:\/\/www.europesays.com\/fr\/wp-json\/wp\/v2\/media?parent=235321"}],"wp:term":[{"taxonomy":"category","embeddable":true,"href":"https:\/\/www.europesays.com\/fr\/wp-json\/wp\/v2\/categories?post=235321"},{"taxonomy":"post_tag","embeddable":true,"href":"https:\/\/www.europesays.com\/fr\/wp-json\/wp\/v2\/tags?post=235321"}],"curies":[{"name":"wp","href":"https:\/\/api.w.org\/{rel}","templated":true}]}}