{"id":235325,"date":"2025-07-08T14:32:10","date_gmt":"2025-07-08T14:32:10","guid":{"rendered":"https:\/\/www.europesays.com\/fr\/235325\/"},"modified":"2025-07-08T14:32:10","modified_gmt":"2025-07-08T14:32:10","slug":"le-senat-stupefait-du-deficit-devaluation-des-211-milliards-daides","status":"publish","type":"post","link":"https:\/\/www.europesays.com\/fr\/235325\/","title":{"rendered":"le S\u00e9nat stup\u00e9fait du d\u00e9ficit d&rsquo;\u00e9valuation des 211\u00a0milliards d&rsquo;aides"},"content":{"rendered":"<p>Fran\u00e7ois Bayrou va-t-il oser s&rsquo;attaquer aux aides aux\u00a0entreprises\u00a0?\u00a0\u00c0\u00a0moins d&rsquo;une semaine de la pr\u00e9sentation du Premier ministre sur le cadrage budg\u00e9taire, le S\u00e9nat a chiffr\u00e9 pour la premi\u00e8re fois\u00a0<strong>le montant des soutiens aux entreprises \u00e0 211\u00a0milliards d&rsquo;euros.<\/strong> Derri\u00e8re ce chiffre colossal, il existe une myriade de plus de 2\u00a0200\u00a0dispositifs. \u00ab\u00a0Ce qui nous a stup\u00e9faits est qu&rsquo;aujourd&rsquo;hui, il n&rsquo;existe pas de d\u00e9finition des aides et de tableau centralisateur de suivi. L&rsquo;administration a \u00e9t\u00e9 incapable de nous dire ce qu&rsquo;elle donnait et \u00e0 qui\u00a0\u00bb, a affirm\u00e9 le s\u00e9nateur de Seine-Saint-Denis et rapporteur de la commission Fabien Gay\u00a0(PCF). Pour compiler ces chiffres, ont \u00e9t\u00e9 pris en compte les subventions d&rsquo;\u00c9tat, les aides vers\u00e9es par Bpifrance, les d\u00e9penses fiscales et les all\u00e8gements de cotisation sociale.<\/p>\n","protected":false},"excerpt":{"rendered":"Fran\u00e7ois Bayrou va-t-il oser s&rsquo;attaquer aux aides aux\u00a0entreprises\u00a0?\u00a0\u00c0\u00a0moins d&rsquo;une semaine de la pr\u00e9sentation du Premier ministre sur le&hellip;\n","protected":false},"author":2,"featured_media":235326,"comment_status":"","ping_status":"","sticky":false,"template":"","format":"standard","meta":{"footnotes":""},"categories":[2],"tags":[17,37396,11,37395,10259,154,33,313,1011,27,12,25,1004,37394],"class_list":{"0":"post-235325","1":"post","2":"type-post","3":"status-publish","4":"format-standard","5":"has-post-thumbnail","7":"category-actualites","8":"tag-17","9":"tag-211-milliards","10":"tag-actualites","11":"tag-devaluation","12":"tag-deficit","13":"tag-des","14":"tag-economie","15":"tag-entreprises","16":"tag-fr","17":"tag-france","18":"tag-news","19":"tag-republique-francaise","20":"tag-senat","21":"tag-stupefait"},"share_on_mastodon":{"url":"https:\/\/pubeurope.com\/@fr\/114818104884752804","error":""},"_links":{"self":[{"href":"https:\/\/www.europesays.com\/fr\/wp-json\/wp\/v2\/posts\/235325","targetHints":{"allow":["GET"]}}],"collection":[{"href":"https:\/\/www.europesays.com\/fr\/wp-json\/wp\/v2\/posts"}],"about":[{"href":"https:\/\/www.europesays.com\/fr\/wp-json\/wp\/v2\/types\/post"}],"author":[{"embeddable":true,"href":"https:\/\/www.europesays.com\/fr\/wp-json\/wp\/v2\/users\/2"}],"replies":[{"embeddable":true,"href":"https:\/\/www.europesays.com\/fr\/wp-json\/wp\/v2\/comments?post=235325"}],"version-history":[{"count":0,"href":"https:\/\/www.europesays.com\/fr\/wp-json\/wp\/v2\/posts\/235325\/revisions"}],"wp:featuredmedia":[{"embeddable":true,"href":"https:\/\/www.europesays.com\/fr\/wp-json\/wp\/v2\/media\/235326"}],"wp:attachment":[{"href":"https:\/\/www.europesays.com\/fr\/wp-json\/wp\/v2\/media?parent=235325"}],"wp:term":[{"taxonomy":"category","embeddable":true,"href":"https:\/\/www.europesays.com\/fr\/wp-json\/wp\/v2\/categories?post=235325"},{"taxonomy":"post_tag","embeddable":true,"href":"https:\/\/www.europesays.com\/fr\/wp-json\/wp\/v2\/tags?post=235325"}],"curies":[{"name":"wp","href":"https:\/\/api.w.org\/{rel}","templated":true}]}}