{"id":235335,"date":"2025-07-08T14:38:12","date_gmt":"2025-07-08T14:38:12","guid":{"rendered":"https:\/\/www.europesays.com\/fr\/235335\/"},"modified":"2025-07-08T14:38:12","modified_gmt":"2025-07-08T14:38:12","slug":"la-federation-francaise-a-rendu-sa-decision","status":"publish","type":"post","link":"https:\/\/www.europesays.com\/fr\/235335\/","title":{"rendered":"la f\u00e9d\u00e9ration fran\u00e7aise a rendu sa d\u00e9cision"},"content":{"rendered":"<p>            Par<br \/>\n        <strong><br \/>\n            <a href=\"https:\/\/actu.fr\/auteur\/remi-charrondiere\" title=\"Consulter tous les articles de R\u00e9mi Charrondi\u00e8re\" target=\"_blank\" rel=\"noopener\">R\u00e9mi Charrondi\u00e8re<\/a><br \/>\n        <\/strong><\/p>\n<p>        Publi\u00e9 le<\/p>\n<p>            1 f\u00e9vr. 2025 \u00e0 7h57        <\/p>\n<p>La <b>mauvaise nouvelle<\/b> est tomb\u00e9e ce vendredi 31\u00a0janvier. La chambre <b>d\u2019appel <\/b>de la f\u00e9d\u00e9ration fran\u00e7aise de <b>basketball <\/b>confirme <a href=\"https:\/\/actu.fr\/bretagne\/fougeres_35115\/basket-la-federation-francaise-sanctionne-fougeres-et-vitre-nationale-1_62099790.html\" target=\"_blank\" rel=\"noopener\">la lourde sanction inflig\u00e9e<\/a> au <a href=\"https:\/\/actu.fr\/tag\/pays-de-fougeres-basket\" target=\"_blank\" rel=\"noopener\">Pays de Foug\u00e8res basket<\/a> pour avoir transmis des <b>comptes <\/b>d\u00e9finitifs 2023-2024 jug\u00e9s <b>non conformes<\/b>.<\/p>\n<p>Deux reproches<\/p>\n<p class=\" wall-content\">Pour rappel, la Commission de <b>Contr\u00f4le <\/b>de Gestion reproche deux \u00ab\u2009griefs\u2009\u00bb au club\u2009: \u00ab\u2009pr\u00e9sentation d\u2019une <b>situation nette n\u00e9gative <\/b>pour un club acc\u00e9dant en division sup\u00e9rieure\u2009\u00bb et \u00ab\u2009production de documents <b>incomplets<\/b>, ou non <b>fiables<\/b>, ou ne pr\u00e9sentant pas la <b>r\u00e9alit\u00e9 <\/b>de la situation financi\u00e8re du club\u2009\u00bb.<\/p>\n<p class=\" wall-content\">Le 10\u00a0janvier, elle avait donc prononc\u00e9 une lourde <b>sanction <\/b>consistant en deux points\u2009:<\/p>\n<ul class=\" wall-content\">\n<li>\u00ab\u2009Un <b>retrait de 5 points <\/b>au classement de la phase 1 de NM1 2024\/25 et de <b>5 points <\/b>au classement de la phase 2 de NM1 2024\/25.\u2009\u00bb<\/li>\n<li>\u00ab\u2009Une <b>p\u00e9nalit\u00e9 <\/b>financi\u00e8re de <b>2\u2009000\u00a0euros<\/b>.\u2009\u00bb<\/li>\n<\/ul>\n<p>Une possibilit\u00e9 de contester devant le Tribunal Administratif<\/p>\n<p class=\" wall-content\">Le club avait \u00ab\u2009reconnu des <b>\u00e9carts <\/b>dans ses projections initiales\u2009\u00bb mais avait assur\u00e9 avoir \u00ab\u2009fait preuve de <b>r\u00e9activit\u00e9 <\/b>et transparence en prenant, sans d\u00e9lai, la d\u00e9cision de s\u2019appuyer sur un <b>cabinet <\/b>comptable professionnel\u2009\u00bb. Il indiquait\u00a0que \u00ab\u2009ce <b>partenariat <\/b>vise \u00e0 r\u00e9\u00e9quilibrer la situation financi\u00e8re et \u00e0 garantir une <b>projection <\/b>vers une situation nette comptable <b>ma\u00eetris\u00e9e <\/b>d\u2019ici la fin de la saison en cours\u2009\u00bb.<\/p>\n<p>Vid\u00e9os : en ce moment sur Actu<\/p>\n<p class=\" wall-content\">En cons\u00e9quence, il avait fait <b>appel <\/b>de cette sanction qu\u2019il juge \u00ab<b>\u2009disproportionn\u00e9e <\/b>au regard des <b>efforts <\/b>entrepris, de la dynamique du club et d\u2019un <b>historique <\/b>sans ant\u00e9c\u00e9dent\u2009\u00bb.<\/p>\n<p class=\" wall-content\">Le <b>verdict <\/b>de la chambre d\u2019appel vient confirmer cette <b>punition<\/b>. La f\u00e9d\u00e9ration pr\u00e9cise tout de m\u00eame que \u00ab\u2009le club a la possibilit\u00e9 de <b>contester <\/b>cette d\u00e9cision aupr\u00e8s du Tribunal Administratif\u2009\u00bb.<\/p>\n<p class=\" wall-content\">Suivez toute l\u2019actualit\u00e9 de vos villes et m\u00e9dias favoris en vous inscrivant \u00e0 <a href=\"https:\/\/moncompte.actu.fr\" title=\"D\u00e9couvez Mon Actu\" rel=\"nofollow noopener\" data-trk=\"{&quot;cta&quot;:{&quot;action&quot;:&quot;https:\\\/\\\/moncompte.actu.fr&quot;,&quot;category&quot;:&quot;mon compte&quot;,&quot;from&quot;:&quot;article footer&quot;,&quot;name&quot;:&quot;Mon actu&quot;,&quot;type&quot;:&quot;cta&quot;}}\" target=\"_blank\">Mon Actu<\/a>.<\/p>\n<ul class=\"ac-article-tag wall-content\">\n<li><a href=\"https:\/\/actu.fr\/tag\/athle-pays-de-fougeres\" data-trk=\"{&quot;cta&quot;:{&quot;action&quot;:&quot;Athl\\u00e9 Pays de Foug\\u00e8res&quot;,&quot;category&quot;:&quot;tag&quot;,&quot;from&quot;:&quot;article footer&quot;,&quot;name&quot;:&quot;Athl\\u00e9 Pays de Foug\\u00e8res&quot;,&quot;type&quot;:&quot;cta&quot;}}\" target=\"_blank\" rel=\"noopener\">#Athl\u00e9 Pays de Foug\u00e8res<\/a><\/li>\n<\/ul>\n","protected":false},"excerpt":{"rendered":"Par R\u00e9mi Charrondi\u00e8re Publi\u00e9 le 1 f\u00e9vr. 2025 \u00e0 7h57 La mauvaise nouvelle est tomb\u00e9e ce vendredi 31\u00a0janvier.&hellip;\n","protected":false},"author":2,"featured_media":235336,"comment_status":"","ping_status":"","sticky":false,"template":"","format":"standard","meta":{"footnotes":""},"categories":[1414],"tags":[37397,1465,1464,1011,27,60],"class_list":{"0":"post-235335","1":"post","2":"type-post","3":"status-publish","4":"format-standard","5":"has-post-thumbnail","7":"category-basket","8":"tag-athle-pays-de-fougeres","9":"tag-basket","10":"tag-basketball","11":"tag-fr","12":"tag-france","13":"tag-sports"},"share_on_mastodon":{"url":"https:\/\/pubeurope.com\/@fr\/114818128707292042","error":""},"_links":{"self":[{"href":"https:\/\/www.europesays.com\/fr\/wp-json\/wp\/v2\/posts\/235335","targetHints":{"allow":["GET"]}}],"collection":[{"href":"https:\/\/www.europesays.com\/fr\/wp-json\/wp\/v2\/posts"}],"about":[{"href":"https:\/\/www.europesays.com\/fr\/wp-json\/wp\/v2\/types\/post"}],"author":[{"embeddable":true,"href":"https:\/\/www.europesays.com\/fr\/wp-json\/wp\/v2\/users\/2"}],"replies":[{"embeddable":true,"href":"https:\/\/www.europesays.com\/fr\/wp-json\/wp\/v2\/comments?post=235335"}],"version-history":[{"count":0,"href":"https:\/\/www.europesays.com\/fr\/wp-json\/wp\/v2\/posts\/235335\/revisions"}],"wp:featuredmedia":[{"embeddable":true,"href":"https:\/\/www.europesays.com\/fr\/wp-json\/wp\/v2\/media\/235336"}],"wp:attachment":[{"href":"https:\/\/www.europesays.com\/fr\/wp-json\/wp\/v2\/media?parent=235335"}],"wp:term":[{"taxonomy":"category","embeddable":true,"href":"https:\/\/www.europesays.com\/fr\/wp-json\/wp\/v2\/categories?post=235335"},{"taxonomy":"post_tag","embeddable":true,"href":"https:\/\/www.europesays.com\/fr\/wp-json\/wp\/v2\/tags?post=235335"}],"curies":[{"name":"wp","href":"https:\/\/api.w.org\/{rel}","templated":true}]}}