{"id":235341,"date":"2025-07-08T14:41:10","date_gmt":"2025-07-08T14:41:10","guid":{"rendered":"https:\/\/www.europesays.com\/fr\/235341\/"},"modified":"2025-07-08T14:41:10","modified_gmt":"2025-07-08T14:41:10","slug":"cyclisme-transfert-benoit-cosnefroy-devrait-quitter-decathlon-pour-une-equipe-francaise","status":"publish","type":"post","link":"https:\/\/www.europesays.com\/fr\/235341\/","title":{"rendered":"Cyclisme. Transfert &#8211; Benoit Cosnefroy devrait quitter Decathlon&#8230; pour une \u00e9quipe fran\u00e7aise"},"content":{"rendered":"<p>En fin de contrat avec<strong> Decathlon AG2R La Mondiale<\/strong>, <strong><a href=\"https:\/\/www.cyclismactu.net\/..\/news-tour-de-france-route-benoit-cosnefroy-a-renonce-aux-france-et-tour-de-france-88542.html\" target=\"_blank\" rel=\"nofollow noopener\">Beno\u00eet Cosnefroy<\/a><\/strong> ne sera pas conserv\u00e9 par la formation savoyarde \u00e0 l\u2019issue de la saison. \u00c0 29 ans, le puncheur tricolore explore donc de nouvelles pistes pour rebondir, alors que des rumeurs insistantes l&rsquo;envoyait chez<strong> Picnic PostNL<\/strong> ou chez <strong>INEOS Grenadiers<\/strong>, il pourrait bien rester dans le giron du cyclisme fran\u00e7ais.<\/p>\n<p>Vid\u00e9o &#8211; Benoit Cosnefroy, vainqueur du GP du Morbihan 2025 Lire la suite de l&rsquo;article&#13;<\/p>\n<p>\u00a0<\/p>\n<p>&#13;<br \/>\nCofidis en p\u00f4le position ?&#13;<\/p>\n<p>Selon les informations de nos confr\u00e8res de <a href=\"https:\/\/www.lequipe.fr\/Cyclisme-sur-route\/Actualites\/En-fin-de-contrat-chez-decathlon-ag2r-la-mondiale-benoit-cosnefroy-en-contacts-avances-avec-cofidis\/1575940\" target=\"_blank\" rel=\"nofollow noopener\">L&rsquo;\u00c9quipe<\/a>, le vainqueur du<strong> Grand Prix du Morbihan<\/strong> est en contacts avanc\u00e9s avec l\u2019\u00e9quipe <strong>Cofidis<\/strong>. La formation nordiste, dirig\u00e9e par <strong>C\u00e9dric Vasseur<\/strong>, suit de pr\u00e8s le profil du Normand, capable de briller sur les classiques vallonn\u00e9es et les manches de <strong>Coupe de France FDJ<\/strong>. Les discussions entre les deux parties se sont intensifi\u00e9es ces derni\u00e8res semaines, alors que l\u2019avenir du coureur semble se dessiner loin de <strong>Decathlon AG2R<\/strong>, \u00e9quipe dans laquelle il a fait toute sa carri\u00e8re professionnelle depuis 2016, apr\u00e8s avoir \u00e9t\u00e9 form\u00e9 au sein de <strong>Chamb\u00e9ry Cyclisme Formation<\/strong>.<\/p>\n<p>&#13;<\/p>\n<p>Absent du<strong> Tour de France <\/strong>apr\u00e8s une chute lors de la premi\u00e8re \u00e9tape du <strong>Tour de Suisse<\/strong>, le 15 juin, <strong>Cosnefroy <\/strong>n\u2019a pas encore tranch\u00e9 selon ces informations, mais son choix pourrait intervenir rapidement. La polyvalence du puncheur et sa capacit\u00e9 \u00e0 engranger des points <strong>UCI <\/strong>en font une cible de choix pour plusieurs \u00e9quipes du WorldTour&#8230; m\u00eame si la <strong>Cofidis <\/strong>pourrait bien se voir rel\u00e9gu\u00e9 en ProTeam (2e division) l&rsquo;an prochain.<\/p>\n","protected":false},"excerpt":{"rendered":"En fin de contrat avec Decathlon AG2R La Mondiale, Beno\u00eet Cosnefroy ne sera pas conserv\u00e9 par la formation&hellip;\n","protected":false},"author":2,"featured_media":235342,"comment_status":"","ping_status":"","sticky":false,"template":"","format":"standard","meta":{"footnotes":""},"categories":[1411],"tags":[1154,207,211,1011,27,209,60,210,969,212,208,213],"class_list":{"0":"post-235341","1":"post","2":"type-post","3":"status-publish","4":"format-standard","5":"has-post-thumbnail","7":"category-cyclisme","8":"tag-cycling","9":"tag-cyclisme","10":"tag-ffc","11":"tag-fr","12":"tag-france","13":"tag-route","14":"tag-sports","15":"tag-tour-de-france","16":"tag-transfert","17":"tag-uci","18":"tag-velo","19":"tag-world-tour"},"share_on_mastodon":{"url":"https:\/\/pubeurope.com\/@fr\/114818140313282767","error":""},"_links":{"self":[{"href":"https:\/\/www.europesays.com\/fr\/wp-json\/wp\/v2\/posts\/235341","targetHints":{"allow":["GET"]}}],"collection":[{"href":"https:\/\/www.europesays.com\/fr\/wp-json\/wp\/v2\/posts"}],"about":[{"href":"https:\/\/www.europesays.com\/fr\/wp-json\/wp\/v2\/types\/post"}],"author":[{"embeddable":true,"href":"https:\/\/www.europesays.com\/fr\/wp-json\/wp\/v2\/users\/2"}],"replies":[{"embeddable":true,"href":"https:\/\/www.europesays.com\/fr\/wp-json\/wp\/v2\/comments?post=235341"}],"version-history":[{"count":0,"href":"https:\/\/www.europesays.com\/fr\/wp-json\/wp\/v2\/posts\/235341\/revisions"}],"wp:featuredmedia":[{"embeddable":true,"href":"https:\/\/www.europesays.com\/fr\/wp-json\/wp\/v2\/media\/235342"}],"wp:attachment":[{"href":"https:\/\/www.europesays.com\/fr\/wp-json\/wp\/v2\/media?parent=235341"}],"wp:term":[{"taxonomy":"category","embeddable":true,"href":"https:\/\/www.europesays.com\/fr\/wp-json\/wp\/v2\/categories?post=235341"},{"taxonomy":"post_tag","embeddable":true,"href":"https:\/\/www.europesays.com\/fr\/wp-json\/wp\/v2\/tags?post=235341"}],"curies":[{"name":"wp","href":"https:\/\/api.w.org\/{rel}","templated":true}]}}