{"id":235349,"date":"2025-07-08T14:45:18","date_gmt":"2025-07-08T14:45:18","guid":{"rendered":"https:\/\/www.europesays.com\/fr\/235349\/"},"modified":"2025-07-08T14:45:18","modified_gmt":"2025-07-08T14:45:18","slug":"deux-jours-de-rencontres-litteraires-avec-musa-nostra","status":"publish","type":"post","link":"https:\/\/www.europesays.com\/fr\/235349\/","title":{"rendered":"deux jours de rencontres litt\u00e9raires avec Musa Nostra"},"content":{"rendered":"<p data-end=\"1135\" data-start=\"719\" style=\"caret-color: rgb(0, 0, 0); color: rgb(0, 0, 0);\">Les 4 et 5 juillet, la commune de Montegrossu a une nouvelle fois ouvert ses portes \u00e0 la litt\u00e9rature. Pour la cinqui\u00e8me ann\u00e9e cons\u00e9cutive, le festival itin\u00e9rant\u00a0E Culturale, organis\u00e9 par l\u2019association bastiaise\u00a0Musa Nostra, s\u2019est d\u00e9ploy\u00e9 dans les villages de Cassanu, Lunghignanu et Montemai\u00f2. \u00c0 chaque \u00e9tape, une rencontre, un auteur, une ambiance chaleureuse : une formule qui fait ses preuves. \u00ab\u00a0C\u2019est la cinqui\u00e8me \u00e9dition \u00e0 Montegrossu\u00a0\u00bb, rappelle Marie-France Bereni-Canazzi, pr\u00e9sidente de l\u2019association. \u00ab\u00a0Comme d\u2019habitude, on tient \u00e0 se d\u00e9placer dans chaque village. Hier, \u00e0 Cassanu, nous avons v\u00e9cu un tr\u00e8s beau moment avec Franck Thilliez, auteur de polar, et Jean-Michel Neri, prix du livre corse cette ann\u00e9e pour Mangeurs de monde \u00e0 Lunghignanu.\u00a0\u00bb <\/p>\n<p>Le public, fid\u00e8le et de plus en plus nombreux, suit le festival de village en village. \u00ab\u00a0Un auteur dans chaque village, c\u2019est un symbole fort de proximit\u00e9. Et chaque ann\u00e9e, il y a de plus en plus de monde,\u00a0\u00bb souligne Jean-Marc Borri, maire de Montegrossu. <\/p>\n<p>La cl\u00f4ture, samedi \u00e0 Montemai\u00f2, a r\u00e9uni les festivaliers autour de Jacques Pradel, figure du journalisme fran\u00e7ais. Venu pr\u00e9senter\u00a0L\u2019univers du crime, son dernier ouvrage, il a partag\u00e9 sa vision du fait divers : \u00ab\u00a0Ce livre raconte des histoires vraies, avec des familles de victimes qui sont parfois condamn\u00e9es au chagrin \u00e0 perp\u00e9tuit\u00e9. J\u2019essaie de redonner \u00e0 ces faits divers leur dimension humaine, loin du sensationnel.\u00a0\u00bb L\u2019ancien journaliste a \u00e9voqu\u00e9 la fascination pour le crime, les d\u00e9rives voyeuristes de l\u2019\u00e9poque, mais aussi l\u2019importance de l\u2019\u00e9criture : \u00ab\u00a0Les paroles s\u2019envolent, les \u00e9crits restent. L\u2019\u00e9crit permet de se d\u00e9tacher de l\u2019\u00e9motion imm\u00e9diate et de mieux comprendre.\u00a0\u00bb Install\u00e9 \u00e0 Campi, au-dessus d\u2019Aleria, Jacques Pradel a aussi exprim\u00e9 son attachement \u00e0 l\u2019\u00eele : \u00ab\u00a0J\u2019ai longtemps connu la Corse touristique, mais il y a une autre Corse, int\u00e9rieure, authentique, avec des gens formidables. C\u2019est elle que je d\u00e9couvre maintenant.\u00a0\u00bb <\/p>\n<p data-end=\"3027\" data-start=\"2721\" style=\"caret-color: rgb(0, 0, 0); color: rgb(0, 0, 0);\">\u00c0 travers ce festival,\u00a0Musa Nostra\u00a0d\u00e9fend une vision : rapprocher la culture des territoires ruraux. \u00ab\u00a0M\u00eame s\u2019il fait chaud, m\u00eame si c\u2019est loin, m\u00eame si cela suppose de d\u00e9placer les micros, les livres, la lumi\u00e8re\u2026 on vient. Parce que c\u2019est important, parce que \u00e7a cr\u00e9e du lien,\u00a0\u00bb insiste la pr\u00e9sidente. <\/p>\n<p>Une librairie \u00e9ph\u00e9m\u00e8re a accompagn\u00e9\u00a0chaque rencontre. \u00ab\u00a0On nous confie des livres pour que les auteurs puissent d\u00e9dicacer. Ce sont des livres que nous transportons nous-m\u00eames, \u00e0 la main. C\u2019est lourd, c\u2019est contraignant, et tout le monde est b\u00e9n\u00e9vole\u2026 mais c\u2019est notre fa\u00e7on de soutenir aussi les libraires corses,\u00a0\u00bb poursuit-elle. \u00c0 Montegrossu, c\u2019est la Librairie Ambrogi de L\u2019\u00cele-Rousse qui s\u2019est pr\u00eat\u00e9e au jeu. <\/p>\n<p data-end=\"3689\" data-start=\"3444\" style=\"caret-color: rgb(0, 0, 0); color: rgb(0, 0, 0);\">E Culturale\u00a0se poursuivra fin juillet avec\u00a0Les Statinate, \u00e0 Lumiu, du 25 au 27 juillet. Parmi les invit\u00e9s : Delphine Horvilleur, Kamel Daoud (prix Goncourt 2024), Olivier Guez, Fran\u00e7ois-Henri D\u00e9s\u00e9rable, Ambre Chalumeau et Patrizia Gattaceca. <\/p>\n<p>Au fil des \u00e9ditions,\u00a0Musa Nostra\u00a0affirme une ligne claire : faire de la litt\u00e9rature un espace de rencontre, de transmission, et d\u2019enracinement. \u00ab\u00a0Si on ne se d\u00e9place pas de cette fa\u00e7on, on perd l\u2019esprit de la rencontre. La litt\u00e9rature, c\u2019est aussi montrer qui nous sommes, transmettre notre patrimoine, rendre la Corse accessible et lisible, sans la d\u00e9naturer\u00a0\u00bb, conclut Marie-France Bereni-Canazzi. <\/p>\n","protected":false},"excerpt":{"rendered":"Les 4 et 5 juillet, la commune de Montegrossu a une nouvelle fois ouvert ses portes \u00e0 la&hellip;\n","protected":false},"author":2,"featured_media":235350,"comment_status":"","ping_status":"","sticky":false,"template":"","format":"standard","meta":{"footnotes":""},"categories":[1357],"tags":[1379,58,37398,59,1011,27,17053,37399,37400,1380,37401,37402],"class_list":{"0":"post-235349","1":"post","2":"type-post","3":"status-publish","4":"format-standard","5":"has-post-thumbnail","7":"category-livres","8":"tag-books","9":"tag-divertissement","10":"tag-e-culturale","11":"tag-entertainment","12":"tag-fr","13":"tag-france","14":"tag-franck-thilliez","15":"tag-jacques-pradel","16":"tag-jean-michel-neri","17":"tag-livres","18":"tag-montegrosdu","19":"tag-musa-nostra"},"share_on_mastodon":{"url":"https:\/\/pubeurope.com\/@fr\/114818156050871355","error":""},"_links":{"self":[{"href":"https:\/\/www.europesays.com\/fr\/wp-json\/wp\/v2\/posts\/235349","targetHints":{"allow":["GET"]}}],"collection":[{"href":"https:\/\/www.europesays.com\/fr\/wp-json\/wp\/v2\/posts"}],"about":[{"href":"https:\/\/www.europesays.com\/fr\/wp-json\/wp\/v2\/types\/post"}],"author":[{"embeddable":true,"href":"https:\/\/www.europesays.com\/fr\/wp-json\/wp\/v2\/users\/2"}],"replies":[{"embeddable":true,"href":"https:\/\/www.europesays.com\/fr\/wp-json\/wp\/v2\/comments?post=235349"}],"version-history":[{"count":0,"href":"https:\/\/www.europesays.com\/fr\/wp-json\/wp\/v2\/posts\/235349\/revisions"}],"wp:featuredmedia":[{"embeddable":true,"href":"https:\/\/www.europesays.com\/fr\/wp-json\/wp\/v2\/media\/235350"}],"wp:attachment":[{"href":"https:\/\/www.europesays.com\/fr\/wp-json\/wp\/v2\/media?parent=235349"}],"wp:term":[{"taxonomy":"category","embeddable":true,"href":"https:\/\/www.europesays.com\/fr\/wp-json\/wp\/v2\/categories?post=235349"},{"taxonomy":"post_tag","embeddable":true,"href":"https:\/\/www.europesays.com\/fr\/wp-json\/wp\/v2\/tags?post=235349"}],"curies":[{"name":"wp","href":"https:\/\/api.w.org\/{rel}","templated":true}]}}