{"id":235351,"date":"2025-07-08T14:46:17","date_gmt":"2025-07-08T14:46:17","guid":{"rendered":"https:\/\/www.europesays.com\/fr\/235351\/"},"modified":"2025-07-08T14:46:17","modified_gmt":"2025-07-08T14:46:17","slug":"jennifer-decouvre-que-samuel-voyait-une-autre-femme-morgane-culpabilise-de-la-mort-de-son-collegue-le-resume-de-lepisode-372-du-mercredi-9-juillet-2025","status":"publish","type":"post","link":"https:\/\/www.europesays.com\/fr\/235351\/","title":{"rendered":"Jennifer d\u00e9couvre que Samuel voyait une autre femme, Morgane culpabilise de la mort de son coll\u00e8gue&#8230; Le r\u00e9sum\u00e9 de l&rsquo;\u00e9pisode 372 du mercredi 9 juillet 2025"},"content":{"rendered":"<p>Dans Plus belle la vie, encore plus belle, Jennifer est en qu\u00eate d&rsquo;informations apr\u00e8s la mort de Samuel. Elle d\u00e9couvre que Samuel voulait la demander en mariage mais voyait une autre femme. <\/p>\n<p><b>Dans l\u2019\u00e9pisode de <\/b><b>Plus belle la vie, encore plus belle<\/b><b> du mercredi 9\u00a0juillet 2025<\/b>, <a href=\"https:\/\/www.programme-tv.net\/news\/series-tv\/344072-plus-belle-la-vie-encore-plus-belle-en-streaming-ou-regarder-la-nouvelle-serie-de-tf1-en-replay\/\" data-api-deeplink=\"teleloisirs:\/\/news\/344072\" target=\"_blank\" rel=\"noopener\">disponible en streaming<\/a>&#8230; Jennifer \u00e9coute en boucle le message vocal de <a href=\"https:\/\/www.programme-tv.net\/news\/series-tv\/382211-plus-belle-la-vie-en-avance-samuel-est-mort-jennifer-s-effondre-de-chagrin-le-resume-de-l-episode-371-du-mardi-8-juillet-2025\/\" data-api-deeplink=\"teleloisirs:\/\/news\/382211\" target=\"_blank\" rel=\"noopener\">Samuel, <\/a><a href=\"https:\/\/www.programme-tv.net\/news\/series-tv\/382211-plus-belle-la-vie-en-avance-samuel-est-mort-jennifer-s-effondre-de-chagrin-le-resume-de-l-episode-371-du-mardi-8-juillet-2025\/\" data-api-deeplink=\"teleloisirs:\/\/news\/382211\" target=\"_blank\" rel=\"noopener\">mort la veille<\/a>. Elle se demande s&rsquo;il voulait rompre. Barbare essaye de l&rsquo;\u00e9pauler tant bien que mal.<\/p>\n<p><b>Plus belle la vie <\/b><b>en avance : Lenny Privat \u00e9tait schizophr\u00e8ne, Jennifer d\u00e9couvre que Samuel voyait une autre femme<\/b><\/p>\n<p>Au commissariat, Patrick annonce la mort de Samuel \u00e0 ses coll\u00e8gues. Boher et Ariane sont en larmes. \u00ab\u00a0Samuel \u00e9tait un enqu\u00eateur brillant, investi et un coll\u00e8gue extraordinaire\u00a0\u00bb, d\u00e9clare le commissaire. Patrick rappelle qu&rsquo;une cellule psychologique est install\u00e9e et que la porte de son bureau reste ouverte.<br \/>\u00c0 la r\u00e9sidence, Jennifer retrouve Morgane, qui est la derni\u00e8re personne \u00e0 qui a parl\u00e9 Samuel. Elle veut savoir si Morgane a pu lui parler avant de mourir. Elle lui fait \u00e9couter le message vocal laiss\u00e9 par son compagnon avant le drame. Elle cherche \u00e0 savoir ce qui s&rsquo;est pass\u00e9. Morgane lui conseille de se rendre au Pavillon des fleurs. Mais avant, Riva veut donner les affaires de son cousin \u00e0 Jennifer. Elles contiennent une bague mont\u00e9e d&rsquo;un saphir, sa pierre pr\u00e9f\u00e9r\u00e9e. Pour Barbara, Samuel voulait la demander en mariage. Au commissariat, Patrick informe Idriss que Privat est schizophr\u00e8ne. Il va \u00eatre plac\u00e9 en h\u00f4pital psychiatrique. Idriss ne comprend pas pourquoi Samuel ne l&rsquo;a pas attendu. Pour Patrick, Samuel est parti en h\u00e9ros. \u00c0 la fin de l&rsquo;\u00e9pisode, le dealer de Samuel l&rsquo;appelle. Jennifer d\u00e9croche, une femme lui r\u00e9pond. Elle demande si Samuel va passer la voir, ce soir.<\/p>\n<p>                        <b>Plus belle la vie <\/b><b>en avance : La soeur de Morgane d\u00e9barque \u00e0 la r\u00e9sidence<\/b><\/p>\n<p>\u00c0 la r\u00e9sidence, Morgane n\u2019arr\u00eate pas de penser \u00e0 Samuel, qu&rsquo;elle aurait aim\u00e9 pouvoir sauver. Elle est surprise par quelqu&rsquo;un qu&rsquo;elle ne s&rsquo;attendait pas \u00e0 voir : sa s\u0153ur ! Laura passe aussi le concours comme <a href=\"https:\/\/www.programme-tv.net\/news\/series-tv\/382203-a-moitie-a-poil-en-train-de-faire-des-pompes-et-de-rouler-une-grosse-galoche-leo-nadler-secret-story-raconte-son-arrivee-dans-plus-belle-la-vie\/\" data-api-deeplink=\"teleloisirs:\/\/news\/382203\" target=\"_blank\" rel=\"noopener\">Esteban, jou\u00e9 par un acteur de Secret Story<\/a>. Elles vont partager la m\u00eame chambre. Jules d\u00e9couvre que les deux s\u0153urs ont exactement le m\u00eame parcours. Sa grande s\u0153ur lui propose de l&rsquo;accompagner \u00e0 l&rsquo;entra\u00eenement pour se changer les id\u00e9es. Sur la plage, Morgane a du mal \u00e0 suivre sa s\u0153ur.<\/p>\n<p><b>Plus belle la vie <\/b><b>en avance\u00a0: <\/b>Apolline veut devenir conseill\u00e8re juridique<\/p>\n<p>Au Mistral, Djawad est \u00e9nerv\u00e9 contre Apolline qui ne commande qu&rsquo;un verre d&rsquo;eau, chaque jour. Aya intervient pour d\u00e9fendre sa copine. Apolline lui explique qu&rsquo;elle attend Ulysse pour se faire pardonner.  Plus tard, elle d\u00e9couvre qu&rsquo;Ulysse cherche une nouvelle stagiaire. Oph\u00e9lie se moque d&rsquo;elle. Une dispute avec sa meilleure ennemie \u00e9clate. Apolline a alors l&rsquo;id\u00e9e de prendre un nouveau tournant dans sa vie professionnelle : elle va faire du conseil juridique en free lance.<\/p>\n","protected":false},"excerpt":{"rendered":"Dans Plus belle la vie, encore plus belle, Jennifer est en qu\u00eate d&rsquo;informations apr\u00e8s la mort de Samuel.&hellip;\n","protected":false},"author":2,"featured_media":235352,"comment_status":"","ping_status":"","sticky":false,"template":"","format":"standard","meta":{"footnotes":""},"categories":[1356],"tags":[244,58,1367,7313,7312,7314,7315,7316,59,1011,27,5249,1368,7309,7311,7310,252,199,2175,1364],"class_list":{"0":"post-235351","1":"post","2":"type-post","3":"status-publish","4":"format-standard","5":"has-post-thumbnail","7":"category-television","8":"tag-commentaire","9":"tag-divertissement","10":"tag-encore-plus-belle","11":"tag-encore-plus-belle-182024-0120-pm-plug-rtl","12":"tag-encore-plus-belle-192024-1145-am-rts-un","13":"tag-encore-plus-belle-saison-1-52152789","14":"tag-encore-plus-belle-su00e9rie-52152788","15":"tag-encore-plus-belle-le-doc-u00e9vu00e8nement-292024-0905-pm-tfx","16":"tag-entertainment","17":"tag-fr","18":"tag-france","19":"tag-mytf1-max","20":"tag-plus-belle-la-vie","21":"tag-plus-belle-la-vie-en-avance","22":"tag-ru00e9sumu00e9-plus-belle-la-vie","23":"tag-ru00e9sumu00e9-plus-belle-la-vie-en-avance","24":"tag-television","25":"tag-tf1","26":"tag-tl-story","27":"tag-tv"},"share_on_mastodon":{"url":"","error":"Validation failed: Text character limit of 500 exceeded"},"_links":{"self":[{"href":"https:\/\/www.europesays.com\/fr\/wp-json\/wp\/v2\/posts\/235351","targetHints":{"allow":["GET"]}}],"collection":[{"href":"https:\/\/www.europesays.com\/fr\/wp-json\/wp\/v2\/posts"}],"about":[{"href":"https:\/\/www.europesays.com\/fr\/wp-json\/wp\/v2\/types\/post"}],"author":[{"embeddable":true,"href":"https:\/\/www.europesays.com\/fr\/wp-json\/wp\/v2\/users\/2"}],"replies":[{"embeddable":true,"href":"https:\/\/www.europesays.com\/fr\/wp-json\/wp\/v2\/comments?post=235351"}],"version-history":[{"count":0,"href":"https:\/\/www.europesays.com\/fr\/wp-json\/wp\/v2\/posts\/235351\/revisions"}],"wp:featuredmedia":[{"embeddable":true,"href":"https:\/\/www.europesays.com\/fr\/wp-json\/wp\/v2\/media\/235352"}],"wp:attachment":[{"href":"https:\/\/www.europesays.com\/fr\/wp-json\/wp\/v2\/media?parent=235351"}],"wp:term":[{"taxonomy":"category","embeddable":true,"href":"https:\/\/www.europesays.com\/fr\/wp-json\/wp\/v2\/categories?post=235351"},{"taxonomy":"post_tag","embeddable":true,"href":"https:\/\/www.europesays.com\/fr\/wp-json\/wp\/v2\/tags?post=235351"}],"curies":[{"name":"wp","href":"https:\/\/api.w.org\/{rel}","templated":true}]}}