{"id":235359,"date":"2025-07-08T14:50:10","date_gmt":"2025-07-08T14:50:10","guid":{"rendered":"https:\/\/www.europesays.com\/fr\/235359\/"},"modified":"2025-07-08T14:50:10","modified_gmt":"2025-07-08T14:50:10","slug":"ce-choix-de-la-tenniswoman-lois-boisson-a-wimbledon-en-a-surpris-plus-dun","status":"publish","type":"post","link":"https:\/\/www.europesays.com\/fr\/235359\/","title":{"rendered":"ce choix de la tenniswoman Lo\u00efs Boisson \u00e0 Wimbledon en a surpris plus d&rsquo;un !"},"content":{"rendered":"<p>Lo\u00efs Boisson ne cesse de faire parler d\u2019elle. Alors qu\u2019elle participait au prestigieux tournoi de Wimbledon, la jeune tenniswoman fran\u00e7aise a pris une d\u00e9cision qui a d\u00e9rout\u00e9 de nombreux fans et sp\u00e9cialistes. <\/p>\n<p>\u00c0 seulement 22 ans, <strong>Lo\u00efs Boisson<\/strong> incarne la <a href=\"https:\/\/www.pleinevie.fr\/loisirs\/celebrites\/jadore-la-lois-boisson-22-ans-fait-des-confidences-sur-sa-vie-privee-et-son-couple-162680.html\" rel=\"nofollow noopener\" target=\"_blank\">nouvelle g\u00e9n\u00e9ration du tennis f\u00e9minin<\/a><strong> fran\u00e7ais<\/strong>. Pr\u00e9sente <a href=\"https:\/\/www.pleinevie.fr\/loisirs\/celebrites\/lois-boisson-22-ans-privee-de-wimbledon-ce-quil-sest-reellement-passe-en-coulisses-163199.html\" rel=\"nofollow noopener\" target=\"_blank\">\u00e0 Wimbledon<\/a>, la jeune joueuse s\u2019est retrouv\u00e9e sous les projecteurs, non pas pour ses exploits sur le court, mais pour une d\u00e9cision inattendue qui a surpris les amateurs de tennis. En effet, alors que beaucoup esp\u00e9raient la voir poursuivre son aventure londonienne, Lo\u00efs a fait un choix qui a suscit\u00e9 incompr\u00e9hension et d\u00e9ception chez certains fans. Un coup de th\u00e9\u00e2tre qui fait r\u00e9agir la plan\u00e8te tennis.<\/p>\n<p> \t\t\t  Lo\u00efs Boisson (22 ans) cr\u00e9e la surprise \u00e0 Wimbledon   Lo\u00efs Boisson, r\u00e9v\u00e9lation de Roland-Garros, fait parler d&rsquo;elle  <\/p>\n<p><strong>R\u00e9v\u00e9lation fran\u00e7aise<\/strong> de Roland-Garros, Lo\u00efs Boisson a conquis le public en atteignant les demi-finales, avant de s\u2019incliner face \u00e0 l\u2019Am\u00e9ricaine Coco Gauff. Malgr\u00e9 cette d\u00e9faite, elle a confirm\u00e9 son potentiel sur terre battue. Forte de ce parcours, elle a tent\u00e9 sa chance sur <strong>gazon \u00e0 Wimbledon<\/strong>, mais sans succ\u00e8s. Battue d\u00e8s les qualifications, elle a pr\u00e9f\u00e9r\u00e9 tourner la page rapidement pour se recentrer sur sa surface favorite. La terre battue, l\u00e0 o\u00f9 elle se sent la plus \u00e0 l\u2019aise.<\/p>\n<p>    Une invitation refus\u00e9e qui cr\u00e9e la surprise  <\/p>\n<p>Durant la deuxi\u00e8me semaine de Wimbledon, deux tournois s&rsquo;affrontaient pour attirer la jeune fran\u00e7aise<strong>. Le Grand Est Open 88, \u00e0 Contrex\u00e9ville, et le tournoi de Bastad, en Su\u00e8de<\/strong>, ont chacun propos\u00e9 une invitation (wild card) \u00e0 Lo\u00efs Boisson. Contrex\u00e9ville esp\u00e9rait accueillir la demi-finaliste de Roland-Garros, mais la joueuse a surpris en d\u00e9clinant. Une d\u00e9cision inattendue, confirm\u00e9e par la directrice du tournoi vosgien, qui a exprim\u00e9 sa d\u00e9ception face au refus, malgr\u00e9 tous les efforts pour la convaincre, pr\u00e9cise <a href=\"https:\/\/www.sports.fr\/tennis\/wta\/on-a-tout-tente-mais-elle-refuse-lois-boisson-dit-non-933917.html\" target=\"_blank\" rel=\"noopener nofollow\">Sport.fr<\/a>.<\/p>\n<p>  Les raisons de son choix expliqu\u00e9es  <\/p>\n<p>Pourquoi Lo\u00efs Boisson a-t-elle dit non \u00e0 <strong>Contrex\u00e9ville<\/strong> ? Selon la directrice du tournoi, la joueuse fran\u00e7aise a expliqu\u00e9 vouloir \u00e9viter la trop forte m\u00e9diatisation. \u00c0 Bastad, tournoi plus discret, elle pourra \u00e9voluer loin des projecteurs, dans un cadre plus paisible. Ce besoin de s\u00e9r\u00e9nit\u00e9 apr\u00e8s l\u2019intense Roland-Garros semble avoir guid\u00e9 son choix. <strong>Les organisateurs de Contrex\u00e9ville<\/strong>, m\u00eame s\u2019ils comprennent ses motivations, ont exprim\u00e9 leur regret de ne pas pouvoir compter sur sa pr\u00e9sence cette ann\u00e9e.<\/p>\n<p>     A Wimbledon, Lo\u00efs Boisson fait un choix qui d\u00e9range   Bastad, tournoi discret mais relev\u00e9  <\/p>\n<p>Malgr\u00e9 sa discr\u00e9tion, <strong>le tournoi WTA 125 de Bastad<\/strong> attire des joueuses de qualit\u00e9. Lo\u00efs Boisson y rejoint notamment <strong>l\u2019Italienne Lucia Bronzetti, actuelle 63e mondiale<\/strong>. Ce sera la premi\u00e8re <a href=\"https:\/\/www.pleinevie.fr\/loisirs\/celebrites\/lois-boisson-22-ans-taclee-sur-son-physique-la-joueuse-de-tennis-repond-sans-detour-honnetement-162870.html\" target=\"_blank\" rel=\"noopener nofollow\">comp\u00e9tition<\/a> de Boisson sur terre battue depuis Roland-Garros, une surface o\u00f9 elle excelle. Le tournoi promet donc de beaux affrontements. L\u2019ambiance y est aussi plus d\u00e9tendue, ce qui devrait convenir \u00e0 la Fran\u00e7aise. De plus, l\u2019entr\u00e9e sera gratuite toute la semaine, une belle occasion pour les amateurs de tennis.<\/p>\n<p>  Un calendrier d\u00e9j\u00e0 bien rempli pour Lo\u00efc Boisson  <\/p>\n<p>Lo\u00efs Boisson ne manque pas de <a href=\"https:\/\/www.pleinevie.fr\/loisirs\/celebrites\/je-vais-surtout-lois-boisson-22-ans-a-touche-le-gros-lot-a-roland-garros-voici-ce-quelle-va-faire-de-son-cachet-162003.html\" target=\"_blank\" rel=\"noopener nofollow\">projets<\/a> pour les prochaines semaines. Actuellement <strong>66e mondiale<\/strong>, elle participera bient\u00f4t au tournoi de Hambourg, pr\u00e9vu du 14 au 20 juillet, avant de s\u2019envoler pour <strong>le prestigieux WTA 1000 de Montr\u00e9al<\/strong>. Sa pr\u00e9sence \u00e0 Bastad avait \u00e9chapp\u00e9 \u00e0 certains, mais elle est bien confirm\u00e9e. Cette programmation montre que la jeune joueuse g\u00e8re soigneusement son calendrier, en privil\u00e9giant les tournois sur sa surface de pr\u00e9dilection, afin de continuer \u00e0 progresser \u00e0 son rythme.<\/p>\n<p>     Un avenir prometteur pour la jeune Fran\u00e7aise  <\/p>\n<p>\u00c0 seulement 20 ans, Lo\u00efs Boisson poursuit son ascension avec prudence et lucidit\u00e9. Son choix de <strong>privil\u00e9gier Bastad <\/strong>illustre son d\u00e9sir de conserver une forme de tranquillit\u00e9, loin de la pression m\u00e9diatique. Forte de son exp\u00e9rience \u00e0 Roland-Garros, elle continue <strong>de tracer sa route<\/strong>, sans se laisser emporter par la fr\u00e9n\u00e9sie autour de ses <a href=\"https:\/\/www.pleinevie.fr\/loisirs\/celebrites\/lois-boisson-qualifiee-en-demi-finale-a-roland-garros-son-cheque-explose-voici-le-montant-a-6-chiffres-quelle-va-toucher-161228.html\" target=\"_blank\" rel=\"noopener nofollow\">performances<\/a>. Sa strat\u00e9gie semble payante, car elle peut ainsi \u00e9voluer sereinement, tout en pr\u00e9parant les \u00e9ch\u00e9ances importantes \u00e0 venir sur le circuit mondial.<\/p>\n","protected":false},"excerpt":{"rendered":"Lo\u00efs Boisson ne cesse de faire parler d\u2019elle. Alors qu\u2019elle participait au prestigieux tournoi de Wimbledon, la jeune&hellip;\n","protected":false},"author":2,"featured_media":235360,"comment_status":"","ping_status":"","sticky":false,"template":"","format":"standard","meta":{"footnotes":""},"categories":[9],"tags":[1102,10281,1011,27,60],"class_list":{"0":"post-235359","1":"post","2":"type-post","3":"status-publish","4":"format-standard","5":"has-post-thumbnail","7":"category-sports","8":"tag-breakingnews","9":"tag-buzz-nonli","10":"tag-fr","11":"tag-france","12":"tag-sports"},"share_on_mastodon":{"url":"https:\/\/pubeurope.com\/@fr\/114818175825946722","error":""},"_links":{"self":[{"href":"https:\/\/www.europesays.com\/fr\/wp-json\/wp\/v2\/posts\/235359","targetHints":{"allow":["GET"]}}],"collection":[{"href":"https:\/\/www.europesays.com\/fr\/wp-json\/wp\/v2\/posts"}],"about":[{"href":"https:\/\/www.europesays.com\/fr\/wp-json\/wp\/v2\/types\/post"}],"author":[{"embeddable":true,"href":"https:\/\/www.europesays.com\/fr\/wp-json\/wp\/v2\/users\/2"}],"replies":[{"embeddable":true,"href":"https:\/\/www.europesays.com\/fr\/wp-json\/wp\/v2\/comments?post=235359"}],"version-history":[{"count":0,"href":"https:\/\/www.europesays.com\/fr\/wp-json\/wp\/v2\/posts\/235359\/revisions"}],"wp:featuredmedia":[{"embeddable":true,"href":"https:\/\/www.europesays.com\/fr\/wp-json\/wp\/v2\/media\/235360"}],"wp:attachment":[{"href":"https:\/\/www.europesays.com\/fr\/wp-json\/wp\/v2\/media?parent=235359"}],"wp:term":[{"taxonomy":"category","embeddable":true,"href":"https:\/\/www.europesays.com\/fr\/wp-json\/wp\/v2\/categories?post=235359"},{"taxonomy":"post_tag","embeddable":true,"href":"https:\/\/www.europesays.com\/fr\/wp-json\/wp\/v2\/tags?post=235359"}],"curies":[{"name":"wp","href":"https:\/\/api.w.org\/{rel}","templated":true}]}}