{"id":235363,"date":"2025-07-08T14:52:14","date_gmt":"2025-07-08T14:52:14","guid":{"rendered":"https:\/\/www.europesays.com\/fr\/235363\/"},"modified":"2025-07-08T14:52:14","modified_gmt":"2025-07-08T14:52:14","slug":"les-galaxy-watch-8-profiteraient-les-premieres-dune-fonction-wearos","status":"publish","type":"post","link":"https:\/\/www.europesays.com\/fr\/235363\/","title":{"rendered":"les Galaxy Watch 8 profiteraient les premi\u00e8res d&rsquo;une fonction WearOS"},"content":{"rendered":"<p>Ce n\u2019est plus qu\u2019une question de temps, Gemini va bient\u00f4t se frayer un chemin sur WearOS. De nouveaux indices sugg\u00e8rent que les premi\u00e8res montres connect\u00e9es \u00e9ligibles ne seront pas celles de Google, mais plut\u00f4t la nouvelle g\u00e9n\u00e9ration de Galaxy Watch chez Samsung.<\/p>\n<p><a target=\"_blank\" href=\"https:\/\/images.frandroid.com\/wp-content\/uploads\/2025\/06\/p9260461.jpg\" class=\"article-content__figure\" rel=\"noopener\"><img fetchpriority=\"high\" decoding=\"async\" loading=\"eager\" width=\"1200\" height=\"900\" src=\"https:\/\/www.europesays.com\/fr\/wp-content\/uploads\/2025\/07\/p9260461.jpg\" alt=\"La Samsung Galaxy Watch 8\" class=\"wp-image-2646951 wp-image wp-image\"  \/><\/a>La Samsung Galaxy Watch 8 \/\/ Source : Android Headlines \/ montage Frandroid<\/p>\n<p>Sur quelles tocantes connect\u00e9es <a href=\"https:\/\/www.frandroid.com\/marques\/google\/2581893_gemini-arrivera-aussi-sur-votre-montre-connectee-grace-a-ce-simple-tour-de-passe-passe\" target=\"_blank\" rel=\"noopener\">Gemini pour WearOS<\/a> arrivera-t-il en premier ? Si la question n\u2019est pas encore d\u00e9finitivement tranch\u00e9e, des informations d\u00e9nich\u00e9es par l\u2019ind\u00e9boulonnable Roland Quandt laissent entendre que les montres de Samsung seraient les premi\u00e8res servies. Deux visuels en fuite montrent en effet distinctement l\u2019IA Gemini affich\u00e9e sur le cadran des Galaxy Watch 8 \u2014 attendues d\u00e8s demain.<\/p>\n<p>Ces deux images promotionnelles font vraisemblablement parti des visuels que Samsung devrait employer lors de sa prochaine conf\u00e9rence Samsung Unpacked, pr\u00e9vue ce 9 juillet. Cette derni\u00e8re devrait normalement permettre \u00e0 Samsung de nous <a href=\"https:\/\/www.frandroid.com\/marques\/samsung\/2714503_galaxy-unpacked-samsung-devoilerait-un-smartphone-inattendu-pour-accompagner-ses-z-fold-7-et-z-flip-7\" target=\"_blank\" rel=\"noopener\">pr\u00e9senter ses nouveaux smartphones pliant Galaxy Z Fold et Galaxy Z Flip<\/a>, mais potentiellement aussi de <a href=\"https:\/\/www.frandroid.com\/marques\/samsung\/2723785_le-smartphone-qui-se-plie-en-trois-de-samsung-se-devoile-grace-a-one-ui-8#:~:text=Samsung%20pr%C3%A9sentera%20sa%20prochaine%20g%C3%A9n%C3%A9ration,des%20pliants%20Galaxy%20Z%20habituels.\" target=\"_blank\" rel=\"noopener\">d\u00e9voiler un smartphone g\u00e9ant, pliable en trois parties<\/a>.<\/p>\n<p>            <img decoding=\"async\" width=\"1200\" height=\"449\" loading=\"lazy\" alt=\"Insta360 Box 2\" title=\"Insta360 Box 2\" class=\"is-radiusless placeholder-default wp-image\" src=\"https:\/\/www.europesays.com\/fr\/wp-content\/uploads\/2025\/07\/insta360-box-2-1200x449.jpg\" \/>        <\/p>\n<p>\n                La meilleure cam\u00e9ra 360 du march\u00e9 d\u00e9j\u00e0 en promo !            <\/p>\n<p class=\"has-text-weight-medium is-size-6 is-line-height-normal\">\n                Avec la Insta360 X5, filmez vos vacances ou vos exploits sportifs \u00e0 360\u00b0 en une seule prise, avec une qualit\u00e9 pro et une perche invisible ! En ce moment, 30 \u20ac de r\u00e9duction + 6 mois de stockage cloud Insta360+ offerts.            <\/p>\n<p>En parall\u00e8le, la firme nous parlerait donc aussi de l\u2019arriv\u00e9e de Gemini sur sa nouvelle g\u00e9n\u00e9ration de montre connect\u00e9es. Du moins si l\u2019on s\u2019en tient aux images d\u00e9nich\u00e9es par le journaliste de WinFuture, souvent bien inform\u00e9.<\/p>\n<p>Gemini sur WearOS\u2026 d\u2019abord chez Samsung ?<\/p>\n<p>Les visuels partag\u00e9s par Roland Quandt nous montrent notamment l\u2019\u00e9cran de d\u00e9clenchement de Gemini sur la nouvelle Galaxy Watch 8 Classic, agr\u00e9ment\u00e9 de la formule \u00ab Ask Google Gemini \u00bb pour le coup tr\u00e8s \u00e9vocatrice. Aucune information suppl\u00e9mentaire n\u2019est pr\u00e9sente sur cette image, mais l\u2019essentiel est dit : Gemini sur les montres connect\u00e9es de Samsung devrait bient\u00f4t \u00eatre une r\u00e9alit\u00e9. <\/p>\n<p>L\u2019autre image est plus succincte, elle nous montre cette fois la Galaxy Watch 8 de base, avec certains des nouveaux \u00e9l\u00e9ments d\u2019interface, en forme de pilule, utilis\u00e9s avec One UI 8 Watch.<\/p>\n<p>\t\t\t\t\t\t<a href=\"https:\/\/images.frandroid.com\/wp-content\/uploads\/2025\/07\/gemini-for-wear-os-glaxy-watch-8-1.jpg\" itemprop=\"url\" target=\"_blank\" rel=\"noopener\"><\/p>\n<p>\t\t\t\t\t\t\t<img decoding=\"async\" class=\"wp-image\" src=\"https:\/\/www.europesays.com\/fr\/wp-content\/uploads\/2025\/07\/gemini-for-wear-os-glaxy-watch-8-1.jpg\"  width=\"463\" height=\"463\" loading=\"lazy\" data-original-width=\"463\" data-original-height=\"463\" itemprop=\"http:\/\/schema.org\/image\" title=\"Gemini for Wear OS Glaxy Watch 8-1\" alt=\"Screenshot\" style=\"width: 463px; height: 463px;\"\/><br \/>\n\t\t\t\t\t\t<\/a><\/p>\n<p>\n\t\t\t\t\t\t\t\tScreenshot\t\t\t\t\t\t\t<\/p>\n<p>\t\t\t\t\t\t<a href=\"https:\/\/images.frandroid.com\/wp-content\/uploads\/2025\/07\/gemini-for-wear-os-glaxy-watch-8.jpg\" itemprop=\"url\" target=\"_blank\" rel=\"noopener\"><\/p>\n<p>\t\t\t\t\t\t\t<img decoding=\"async\" class=\"wp-image\" src=\"https:\/\/www.europesays.com\/fr\/wp-content\/uploads\/2025\/07\/gemini-for-wear-os-glaxy-watch-8.jpg\"  width=\"457\" height=\"463\" loading=\"lazy\" data-original-width=\"457\" data-original-height=\"463\" itemprop=\"http:\/\/schema.org\/image\" title=\"Gemini for Wear OS Glaxy Watch 8\" alt=\"Screenshot\" style=\"width: 457px; height: 463px;\"\/><br \/>\n\t\t\t\t\t\t<\/a><\/p>\n<p>\n\t\t\t\t\t\t\t\tScreenshot\t\t\t\t\t\t\t<\/p>\n<p>Si l\u2019arriv\u00e9e de Gemini sur les Galaxy Watch 8 est d\u00e9sormais quasi act\u00e9e, la grande question reste de savoir quelles seront les prochaines sur la liste. Le d\u00e9ploiement, rapidement apr\u00e8s, de Gemini sur les Google Pixel Watch aurait du sens, mais rien n\u2019est fait. On arguera par ailleurs que Google laissera visiblement Samsung lui ravir la primaut\u00e9 de ce d\u00e9ploiement \u00e0 <a href=\"https:\/\/www.frandroid.com\/marques\/google\/2721523_pixel-watch-4-la-prochaine-montre-google-serait-encore-plus-personnalisable-avec-ces-nouveautes\" target=\"_blank\" rel=\"noopener\">quelques mois de l\u2019annonce des Pixel Watch 4<\/a>. <\/p>\n<p>Envie de retrouver les meilleurs articles de Frandroid sur Google News ? Vous pouvez suivre <strong><a href=\"https:\/\/news.google.com\/publications\/CAAqBggKMICKMDCuyQU?oc=3\" target=\"_blank\" rel=\"noopener null noreferrer\">Frandroid sur Google News<\/a> en un clic.<\/strong><\/p>\n","protected":false},"excerpt":{"rendered":"Ce n\u2019est plus qu\u2019une question de temps, Gemini va bient\u00f4t se frayer un chemin sur WearOS. De nouveaux&hellip;\n","protected":false},"author":2,"featured_media":235364,"comment_status":"","ping_status":"","sticky":false,"template":"","format":"standard","meta":{"footnotes":""},"categories":[7],"tags":[1011,27,322,37403,305,43,40,41,39,42,44],"class_list":{"0":"post-235363","1":"post","2":"type-post","3":"status-publish","4":"format-standard","5":"has-post-thumbnail","7":"category-sciences-et-technologies","8":"tag-fr","9":"tag-france","10":"tag-gemini","11":"tag-samsung-galaxy-watch","12":"tag-samsung-galaxy-watch-8","13":"tag-science","14":"tag-science-and-technology","15":"tag-sciences","16":"tag-sciences-et-technologies","17":"tag-technologies","18":"tag-technology"},"share_on_mastodon":{"url":"https:\/\/pubeurope.com\/@fr\/114818183813325079","error":""},"_links":{"self":[{"href":"https:\/\/www.europesays.com\/fr\/wp-json\/wp\/v2\/posts\/235363","targetHints":{"allow":["GET"]}}],"collection":[{"href":"https:\/\/www.europesays.com\/fr\/wp-json\/wp\/v2\/posts"}],"about":[{"href":"https:\/\/www.europesays.com\/fr\/wp-json\/wp\/v2\/types\/post"}],"author":[{"embeddable":true,"href":"https:\/\/www.europesays.com\/fr\/wp-json\/wp\/v2\/users\/2"}],"replies":[{"embeddable":true,"href":"https:\/\/www.europesays.com\/fr\/wp-json\/wp\/v2\/comments?post=235363"}],"version-history":[{"count":0,"href":"https:\/\/www.europesays.com\/fr\/wp-json\/wp\/v2\/posts\/235363\/revisions"}],"wp:featuredmedia":[{"embeddable":true,"href":"https:\/\/www.europesays.com\/fr\/wp-json\/wp\/v2\/media\/235364"}],"wp:attachment":[{"href":"https:\/\/www.europesays.com\/fr\/wp-json\/wp\/v2\/media?parent=235363"}],"wp:term":[{"taxonomy":"category","embeddable":true,"href":"https:\/\/www.europesays.com\/fr\/wp-json\/wp\/v2\/categories?post=235363"},{"taxonomy":"post_tag","embeddable":true,"href":"https:\/\/www.europesays.com\/fr\/wp-json\/wp\/v2\/tags?post=235363"}],"curies":[{"name":"wp","href":"https:\/\/api.w.org\/{rel}","templated":true}]}}