{"id":235371,"date":"2025-07-08T14:56:10","date_gmt":"2025-07-08T14:56:10","guid":{"rendered":"https:\/\/www.europesays.com\/fr\/235371\/"},"modified":"2025-07-08T14:56:10","modified_gmt":"2025-07-08T14:56:10","slug":"on-en-sait-plus-sur-les-circonstances-de-laccident-qui-a-tue-le-joueur-et-son-frere","status":"publish","type":"post","link":"https:\/\/www.europesays.com\/fr\/235371\/","title":{"rendered":"on en sait plus sur les circonstances de l&rsquo;accident qui a tu\u00e9 le joueur et son fr\u00e8re"},"content":{"rendered":"<p>            Par<br \/>\n        <strong><br \/>\n            <a href=\"https:\/\/actu.fr\/auteur\/redaction-actu\" title=\"Consulter tous les articles de R\u00e9daction Actu\" target=\"_blank\" rel=\"noopener\">R\u00e9daction Actu<\/a><br \/>\n        <\/strong><\/p>\n<p>        Publi\u00e9 le<\/p>\n<p>            8 juil. 2025 \u00e0 14h23        <\/p>\n<p>Les premiers r\u00e9sultats de l\u2019enqu\u00eate sur l\u2019accident de la route qui a caus\u00e9 la mort de l\u2019attaquant de Liverpool Diogo Jota et de son fr\u00e8re la semaine derni\u00e8re en Espagne tendent \u00ab\u2009vers un grand exc\u00e8s de vitesse\u2009\u00bb, a annonc\u00e9 mardi 8\u00a0juillet 2025 la garde civile.<\/p>\n<p>Un rapport toujours en cours<\/p>\n<p class=\" wall-content\">Le rapport d\u2019expertise est toujours \u00ab\u2009en cours\u2009\u00bb et se penchera notamment sur \u00ab\u2009les marques laiss\u00e9es\u2009\u00bb par l\u2019une des roues du v\u00e9hicule, mais \u00ab\u2009tout tend vers <strong>un grand exc\u00e8s de vitesse<\/strong> par rapport \u00e0 la limite autoris\u00e9e sur la route\u2009\u00bb, indique la garde civile.<\/p>\n<p class=\" wall-content\">Selon toute vraisemblance, <a href=\"https:\/\/actu.fr\/sports\/football\/diogo-jota-joueur-de-liverpool-et-de-l-equipe-du-portugal-est-mort-dans-un-accident-de-voiture-avec-son-frere_62860050.html\" target=\"_blank\" rel=\"noopener\">Diogo Jota<\/a> \u00e9tait au volant de la voiture au moment de l\u2019accident survenu dans la nuit du 25 au 26\u00a0juin, a-t-on pr\u00e9cis\u00e9 de m\u00eame source.<\/p>\n<p class=\" wall-content\">L\u2019international portugais, \u00e2g\u00e9 de 28\u00a0ans, son fr\u00e8re cadet Andr\u00e9, 25\u00a0ans, lui aussi footballeur professionnel en deuxi\u00e8me division portugaise, sont morts dans cet accident sur une autoroute de la province de Zamora, dans le nord-ouest de l\u2019Espagne. Les deux fr\u00e8res \u00e9taient d\u00e9j\u00e0 d\u00e9c\u00e9d\u00e9s \u00e0 l\u2019arriv\u00e9e des secours.<\/p>\n<p class=\" wall-content\">Leur v\u00e9hicule, une Lamborghini Huracan de location selon des m\u00e9dias portugais, a fait une \u00ab\u2009sortie de route\u2009\u00bb avant de prendre feu, avait pr\u00e9cis\u00e9 la garde civile, un \u00e9quivalent de la gendarmerie, au lendemain de l\u2019accident.<\/p>\n<p>Vid\u00e9os : en ce moment sur ActuLes obs\u00e8ques ont eu lieu samedi<\/p>\n<p class=\" wall-content\">Diogo Jota, qui s\u2019\u00e9tait mari\u00e9 une dizaine de jours avant l\u2019accident avec sa compagne de longue date et m\u00e8re de ses trois enfants, devait se rendre vers Liverpool en ferry depuis Santander, dans le nord de l\u2019Espagne, quand il a eu son accident. Il lui avait \u00e9t\u00e9 d\u00e9conseill\u00e9 de prendre l\u2019avion en raison d\u2019une r\u00e9cente op\u00e9ration \u00e0 un poumon, selon des m\u00e9dias.<\/p>\n<p class=\" wall-content\">Les obs\u00e8ques des deux fr\u00e8res ont eu lieu samedi \u00e0 Gondomar, pr\u00e8s de Porto, dans le nord du Portugal.<\/p>\n<p class=\" wall-content\">Apr\u00e8s plusieurs saisons pass\u00e9es \u00e0 Wolverhampton, Diogo Jota avait \u00e9t\u00e9 transf\u00e9r\u00e9 en 2020 \u00e0 Liverpool contre 49\u00a0millions d\u2019euros. Il avait jou\u00e9 depuis un r\u00f4le central dans les succ\u00e8s engrang\u00e9s par les Reds, dont le titre de champion d\u2019Angleterre la saison pass\u00e9e.<\/p>\n<p class=\" wall-content\"><strong>Avec AFP<\/strong><\/p>\n<p class=\" wall-content\">Suivez toute l\u2019actualit\u00e9 de vos villes et m\u00e9dias favoris en vous inscrivant \u00e0 <a href=\"https:\/\/moncompte.actu.fr\" title=\"D\u00e9couvez Mon Actu\" rel=\"nofollow noopener\" data-trk=\"{&quot;cta&quot;:{&quot;action&quot;:&quot;https:\\\/\\\/moncompte.actu.fr&quot;,&quot;category&quot;:&quot;mon compte&quot;,&quot;from&quot;:&quot;article footer&quot;,&quot;name&quot;:&quot;Mon actu&quot;,&quot;type&quot;:&quot;cta&quot;}}\" target=\"_blank\">Mon Actu<\/a>.<\/p>\n","protected":false},"excerpt":{"rendered":"Par R\u00e9daction Actu Publi\u00e9 le 8 juil. 2025 \u00e0 14h23 Les premiers r\u00e9sultats de l\u2019enqu\u00eate sur l\u2019accident de&hellip;\n","protected":false},"author":2,"featured_media":235372,"comment_status":"","ping_status":"","sticky":false,"template":"","format":"standard","meta":{"footnotes":""},"categories":[2],"tags":[11,118,1011,27,1391,12],"class_list":{"0":"post-235371","1":"post","2":"type-post","3":"status-publish","4":"format-standard","5":"has-post-thumbnail","7":"category-actualites","8":"tag-actualites","9":"tag-faits-divers","10":"tag-fr","11":"tag-france","12":"tag-necrologie","13":"tag-news"},"share_on_mastodon":{"url":"https:\/\/pubeurope.com\/@fr\/114818199518228143","error":""},"_links":{"self":[{"href":"https:\/\/www.europesays.com\/fr\/wp-json\/wp\/v2\/posts\/235371","targetHints":{"allow":["GET"]}}],"collection":[{"href":"https:\/\/www.europesays.com\/fr\/wp-json\/wp\/v2\/posts"}],"about":[{"href":"https:\/\/www.europesays.com\/fr\/wp-json\/wp\/v2\/types\/post"}],"author":[{"embeddable":true,"href":"https:\/\/www.europesays.com\/fr\/wp-json\/wp\/v2\/users\/2"}],"replies":[{"embeddable":true,"href":"https:\/\/www.europesays.com\/fr\/wp-json\/wp\/v2\/comments?post=235371"}],"version-history":[{"count":0,"href":"https:\/\/www.europesays.com\/fr\/wp-json\/wp\/v2\/posts\/235371\/revisions"}],"wp:featuredmedia":[{"embeddable":true,"href":"https:\/\/www.europesays.com\/fr\/wp-json\/wp\/v2\/media\/235372"}],"wp:attachment":[{"href":"https:\/\/www.europesays.com\/fr\/wp-json\/wp\/v2\/media?parent=235371"}],"wp:term":[{"taxonomy":"category","embeddable":true,"href":"https:\/\/www.europesays.com\/fr\/wp-json\/wp\/v2\/categories?post=235371"},{"taxonomy":"post_tag","embeddable":true,"href":"https:\/\/www.europesays.com\/fr\/wp-json\/wp\/v2\/tags?post=235371"}],"curies":[{"name":"wp","href":"https:\/\/api.w.org\/{rel}","templated":true}]}}