{"id":235373,"date":"2025-07-08T14:57:20","date_gmt":"2025-07-08T14:57:20","guid":{"rendered":"https:\/\/www.europesays.com\/fr\/235373\/"},"modified":"2025-07-08T14:57:20","modified_gmt":"2025-07-08T14:57:20","slug":"cancer-saint-etienne-parmi-les-quatre-premieres-municipalites-labellisees-ma-ville-se-ligue","status":"publish","type":"post","link":"https:\/\/www.europesays.com\/fr\/235373\/","title":{"rendered":"Cancer\u00a0: Saint-Etienne parmi les quatre premi\u00e8res municipalit\u00e9s labellis\u00e9es \u00ab Ma ville se ligue \u00bb"},"content":{"rendered":"<p class=\"is-style-chapo\">La Ligue contre le cancer vient de lancer ce label, reconnaissance symbolique des actions de pr\u00e9vention men\u00e9es par des collectivit\u00e9s locales face au cancer. Le vaste plan de pr\u00e9vention sp\u00e9cifique en la mati\u00e8re lanc\u00e9 durant le mandat qui s\u2019ach\u00e8ve d\u2019ici 9 mois fait de Saint-Etienne l\u2019une des quatre premi\u00e8res municipalit\u00e9s labellis\u00e9es de France avec Paris, Colmar et Nice.<\/p>\n<p><img loading=\"lazy\" decoding=\"async\" width=\"1024\" height=\"576\" src=\"https:\/\/www.europesays.com\/fr\/wp-content\/uploads\/2025\/07\/Design-IF-567-1024x576.png\" alt=\"\" class=\"wp-image-54031\"  \/>Patrick Michaud, adjoint \u00e0 la sant\u00e9, Ga\u00ebl Perdriau et Franck Chauvin pr\u00e9sentant le plan cancer de Saint-Etienne en mai 2023. \u00a9If M\u00e9dia\/Xavier Alix<\/p>\n<p>\u00ab\u00a0Ville fleurie\u00a0\u00bb, \u00ab\u00a0ville amie des a\u00een\u00e9s\u00a0\u00bb, \u00ab\u00a0ville internet\u00a0\u00bb et maintenant \u00ab\u00a0Ma ville se ligue\u00a0\u00bb. Dans le sillage de ces labels \u00e0 ext\u00e9rioriser qui visent \u00e0 encourager, par graduation (une, deux, trois, quatre \u00ab\u00a0fleurs\u00a0\u00bb, sinon \u00ab\u00a0arobases\u00a0\u00bb, etc.) les collectivit\u00e9s, le plus souvent des municipalit\u00e9s, \u00e0 agir dans les domaines concern\u00e9s, La Ligue contre le cancer s\u2019ajoute au paysage. L\u00e0, ce sont d\u2019un \u00e0 quatre \u00ab\u00a0rubans\u00a0\u00bb, en fonction des m\u00e9rites constat\u00e9s, qui viennent valoriser les communes reconnues \u00ab\u00a0Ma ville se ligue\u00a0\u00bb ayant \u0153uvr\u00e9 \u00e0 un plan d\u2019action, essentiellement de pr\u00e9vention au regard de leurs comp\u00e9tences. Le label vient d\u2019\u00eatre lanc\u00e9 par la Ligue contre le cancer apr\u00e8s un an et demi de travail. Et son premier comit\u00e9 national a rendu son verdict le 1er juillet.<\/p>\n<p>En attendant, une nouvelle vague cet automne Saint-Etienne \u2013 un total d\u2019une trentaine dossiers est \u00e0 l\u2019examen \u2013 a \u00e9t\u00e9 d\u00e9sign\u00e9e comme l\u2019une des quatre premi\u00e8res municipalit\u00e9s labellis\u00e9es de France avec Paris, Colmar et Nice. Avec la note maximum de quatre palmes d\u2019entr\u00e9e de jeu (c\u2019est le cas des autres aussi de sauf Nice, trois palmes) d\u00e9cern\u00e9e pour les 3 ans \u00e0 venir. \u00ab\u00a0Les communes qui s\u2019engagent \u00e0 r\u00e9aliser au moins trois actions d\u00e9di\u00e9es \u00e0 la pr\u00e9vention des cancers, choisies parmi un r\u00e9pertoire\u00a0\u00bb, explique la Ligue contre le cancer. Aller plus loin permet d\u2019obtenir une 2, 3ou 4e ruban. Neuf actions ont \u00e9t\u00e9 enregistr\u00e9es dans le cas st\u00e9phanois. Le maintien de cette labellisation exige la continuit\u00e9 des actions d\u00e9j\u00e0 valid\u00e9es puis d\u2019en rajouter. A ce niveau-l\u00e0, la Ville de Saint-Etienne devrait avoir de la marge\u00a0: son <a href=\"https:\/\/www.if-saint-etienne.fr\/politique-societe\/le-plan-cancer-de-saint-etienne-sera-vote-le-30-mai\" target=\"_blank\" rel=\"noreferrer noopener\">plan cancer<\/a> lanc\u00e9 au cours du mandat qui s\u2019ach\u00e8ve d\u2019ici 9 mois lui donne certaines garanties de continuit\u00e9 et d\u00e9ploiement que l\u2019on voit mal remises en cause par un changement de majorit\u00e9 en 2026, quel que soit son bord.<\/p>\n<p>Sugg\u00e9r\u00e9 \u00e0 la Ville par Franck Chauvin, orchestr\u00e9 par Patrick Michaud<\/p>\n<p>Ce sont les actions de ce plan, pr\u00e9sent\u00e9 comme \u00ab\u00a0in\u00e9dit\u00a0\u00bb de la part d\u2019une municipalit\u00e9 en France, du fait de son processus de cr\u00e9ation et sa logique d\u2019application transversale au sein de ses politiques publiques, qui vaut \u00e0 Saint-Etienne cette reconnaissance nationale. Un plan voulu par l\u2019ex\u00e9cutif de Ga\u00ebl Perdriau \u00e0 la suite de la sollicitation du professeur <a href=\"https:\/\/www.hcsp.fr\/explore.cgi\/personne?clef=2179\" target=\"_blank\" rel=\"noreferrer noopener\">Franck Chauvin<\/a>, professeur de sant\u00e9 publique au CHU de Saint-Etienne, sommit\u00e9 dans le milieu. Celui-ci avait sugg\u00e9r\u00e9 le nom d\u2019un autre docteur fra\u00eechement retrait\u00e9 de l\u2019ICL, membre tr\u00e8s actif au sein du comit\u00e9 Loire de la Ligue contre le cancer qu\u2019il a pr\u00e9sid\u00e9 plusieurs ann\u00e9es. Il avait travaill\u00e9 d\u00e8s l\u2019\u00e9t\u00e9 2019 sur le \u00ab\u00a0pr\u00e9-rapport\u00a0\u00bb autour de ce plan aux c\u00f4t\u00e9s de Franck Chauvin. Ce dernier a ensuite continu\u00e9 \u00e0 s\u2019investir mais c\u2019est Patrick Michaud, devenu membre de la majorit\u00e9 municipale en tant qu\u2019adjoint \u00e0 la sant\u00e9 qui a orchestr\u00e9 l\u2019\u00e9laboration et la mise en \u0153uvre de ce plan impliquant le travail des services municipaux et de nombreuses associations partenaires.<\/p>\n<p>Quand il quitte majorit\u00e9 municipale avec <a href=\"https:\/\/www.if-saint-etienne.fr\/politique-societe\/conseil-municipal-de-saint-etienne-autopsie-dun-chaos\" target=\"_blank\" rel=\"noreferrer noopener\">8 autres<\/a> \u00e9lus en juin 2024 dans le contexte des cons\u00e9quences en cascade de l\u2019affaire de chantage, l\u2019essentiel est sur les rails. Depuis, l\u2019adjointe Nadia Semache l\u2019a remplac\u00e9 dans ses fonctions. Une action du plan \u2013 symbolique et incitative car ses dizaines d\u2019actions de pr\u00e9vention vont concr\u00e8tement beaucoup plus loin -, a d\u2019ailleurs \u00e9t\u00e9 r\u00e9cemment appliqu\u00e9e (cependant concordante avec la l\u00e9gislation nationale qui a suivi) avec l\u2019interdiction de fumer dans les parcs, jardins et \u00e9quipements sportifs de plein air imitant ainsi Roanne. Au sein de la Ligue, le docteur st\u00e9phanois Patrick Michaud, a, lui, \u00e9t\u00e9 \u00e9lu \u00e0 une vice-pr\u00e9sidence, qui a \u00e9t\u00e9 <a href=\"https:\/\/www.facebook.com\/LigueCancer42\/photos\/le-comit%C3%A9-de-la-loire-est-fier-de-vous-annoncer-l%C3%A9lection-du-dr-patrick-michaud-\/887045536793720\/\" target=\"_blank\" rel=\"noreferrer noopener\">sp\u00e9cifiquement<\/a> consacr\u00e9 \u00e0 la mise en place du label \u00ab\u00a0Ma ville se ligue\u00a0\u00bb. S\u2019il est sorti de la salle, lors de l\u2019examen par le comit\u00e9 national de labellisation de Saint-Etienne, la labellisation maximale pour cette derni\u00e8re ne faisait toutefois aucun doute, comme les autres de cette salve initiale.<\/p>\n<p>L\u2019alimentation maintenant dans le viseur<\/p>\n<blockquote>\n<p>40 % des cancers actuels sont \u00e9vitables par un meilleur comportement et un meilleur environnement.<\/p>\n<p>Patrick Michaud, vice-pr\u00e9sident de la Ligue contre le cancer<\/p><\/blockquote>\n<p>Pour ce qui est des St\u00e9phanois, le Comit\u00e9 national de labellisation a salu\u00e9 \u00ab\u00a0la qualit\u00e9 du dossier pr\u00e9sent\u00e9 par la Ville de Saint-\u00c9tienne. Le CNL tient \u00e0 souligner tout particuli\u00e8rement l\u2019initiative de la Ville de Saint-\u00c9tienne \u00e0 travers son plan cancer, qui illustre son implication significative dans la lutte contre cette maladie. Une mention sp\u00e9ciale a \u00e9galement \u00e9t\u00e9 attribu\u00e9e aux actions en faveur de la promotion de l\u2019activit\u00e9 physique, notamment aupr\u00e8s des enfants, ainsi qu\u2019aux initiatives visant \u00e0 encourager une alimentation favorable \u00e0 la sant\u00e9\u00a0\u00bb. Le CNL demande l\u2019ajout l\u2019interdiction du vapotage dans tous les espaces publics d\u00e9j\u00e0 sans tabac d\u2019ici 3 ans en vue du renouvellement. En attendant, le plan cancer va continuer \u00e0 d\u00e9ployer \u00ab\u00a0l\u2019acquis\u00a0\u00bb et des nouveaut\u00e9s, comme le rappelle Nadia Semache dans un communiqu\u00e9\u00a0:<\/p>\n<p>\u00ab\u00a0Ce n\u2019est pas une fin en soi mais bien un encouragement \u00e0 poursuivre dans cette voie, celle du bien \u00eatre des St\u00e9phanoises et des St\u00e9phanois, de l\u2019int\u00e9r\u00eat g\u00e9n\u00e9ral et de la sant\u00e9 pour tous. Un exemple parmi d\u2019autres, nous allons lancer, toujours dans le cadre du plan cancer, un nouveau projet celui des \u00ab ordonnances vertes \u00bb, men\u00e9 conjointement par la Ville de Saint-Etienne et la communaut\u00e9 professionnelle territoriale de sant\u00e9 (CPTS) du Grand Saint-Etienne. L\u2019objectif \u00e9tant de sensibiliser en amont les futurs et jeunes parents \u00e0 l\u2019importance d\u2019une alimentation saine et en luttant contre l\u2019exposition aux perturbateurs endocriniens dont l\u2019impact sur la sant\u00e9 est d\u00e9sormais scientifiquement \u00e9tabli. Et ceci en favorisant l\u2019acc\u00e8s \u00e0 des produits issus de l\u2019agriculture biologique et \u00e0 des ateliers de sensibilisation, permettant ainsi de r\u00e9duire les in\u00e9galit\u00e9s d\u2019acc\u00e8s \u00e0 une alimentation de qualit\u00e9.\u00a0\u00bb<\/p>\n<p>D\u2019autres villes de la Loire candidates<\/p>\n<p>Car \u00ab 40 % des cancers actuels sont \u00e9vitables par un meilleur comportement et un meilleur environnement, insiste de son c\u00f4t\u00e9 et encore une fois aupr\u00e8s d\u2019If Saint-Etienne Patrick Michaud. Et il est important d\u2019ajouter que cette politique de pr\u00e9vention tr\u00e8s pouss\u00e9e permet aussi de lutter contre \u00e9norm\u00e9ment d\u2019autres pathologies puisque les d\u00e9terminants de cette derni\u00e8re sont tr\u00e8s fr\u00e9quemment les m\u00eames\u00a0\u00bb. D\u2019autres villes dans la Loire sont en discussions d\u00e9j\u00e0 avanc\u00e9es pour obtenir cette labellisation au regard de leur propre politique de pr\u00e9vention\u00a0: Le Chambon-Feugerolles, Andr\u00e9zieux-Bouth\u00e9on, Villars. Des \u00e9changes aussi initi\u00e9s avec Roanne, Roche-la-Moli\u00e8re et Saint-Galmier. \u00a0\u00a0\u00a0<\/p>\n","protected":false},"excerpt":{"rendered":"La Ligue contre le cancer vient de lancer ce label, reconnaissance symbolique des actions de pr\u00e9vention men\u00e9es par&hellip;\n","protected":false},"author":2,"featured_media":235374,"comment_status":"","ping_status":"","sticky":false,"template":"","format":"standard","meta":{"footnotes":""},"categories":[9653],"tags":[1111,11,2430,37404,1777,674,1011,27,37405,12242,37406,12,37407,37408,25,4001,15880,37409],"class_list":{"0":"post-235373","1":"post","2":"type-post","3":"status-publish","4":"format-standard","5":"has-post-thumbnail","7":"category-saint-etienne","8":"tag-actu","9":"tag-actualites","10":"tag-auvergne-rhone-alpes","11":"tag-distinctif","12":"tag-eu","13":"tag-europe","14":"tag-fr","15":"tag-france","16":"tag-franck-chauvin","17":"tag-gael-perdriau","18":"tag-ligue-contre-le-cancer","19":"tag-news","20":"tag-patrick-michaud","21":"tag-plan-cancer-de-saint-etienne","22":"tag-republique-francaise","23":"tag-saint-etienne","24":"tag-ville-de-saint-etienne","25":"tag-vivre-avec-le-cancer"},"share_on_mastodon":{"url":"https:\/\/pubeurope.com\/@fr\/114818203246264617","error":""},"_links":{"self":[{"href":"https:\/\/www.europesays.com\/fr\/wp-json\/wp\/v2\/posts\/235373","targetHints":{"allow":["GET"]}}],"collection":[{"href":"https:\/\/www.europesays.com\/fr\/wp-json\/wp\/v2\/posts"}],"about":[{"href":"https:\/\/www.europesays.com\/fr\/wp-json\/wp\/v2\/types\/post"}],"author":[{"embeddable":true,"href":"https:\/\/www.europesays.com\/fr\/wp-json\/wp\/v2\/users\/2"}],"replies":[{"embeddable":true,"href":"https:\/\/www.europesays.com\/fr\/wp-json\/wp\/v2\/comments?post=235373"}],"version-history":[{"count":0,"href":"https:\/\/www.europesays.com\/fr\/wp-json\/wp\/v2\/posts\/235373\/revisions"}],"wp:featuredmedia":[{"embeddable":true,"href":"https:\/\/www.europesays.com\/fr\/wp-json\/wp\/v2\/media\/235374"}],"wp:attachment":[{"href":"https:\/\/www.europesays.com\/fr\/wp-json\/wp\/v2\/media?parent=235373"}],"wp:term":[{"taxonomy":"category","embeddable":true,"href":"https:\/\/www.europesays.com\/fr\/wp-json\/wp\/v2\/categories?post=235373"},{"taxonomy":"post_tag","embeddable":true,"href":"https:\/\/www.europesays.com\/fr\/wp-json\/wp\/v2\/tags?post=235373"}],"curies":[{"name":"wp","href":"https:\/\/api.w.org\/{rel}","templated":true}]}}