{"id":235375,"date":"2025-07-08T14:58:18","date_gmt":"2025-07-08T14:58:18","guid":{"rendered":"https:\/\/www.europesays.com\/fr\/235375\/"},"modified":"2025-07-08T14:58:18","modified_gmt":"2025-07-08T14:58:18","slug":"saint-etienne-les-remiremont-appel-a-la-vigilance-face-aux-demarchages-a-domicile","status":"publish","type":"post","link":"https:\/\/www.europesays.com\/fr\/235375\/","title":{"rendered":"Saint-\u00c9tienne-l\u00e8s-Remiremont : appel \u00e0 la vigilance face aux d\u00e9marchages \u00e0 domicile"},"content":{"rendered":"<p data-start=\"140\" data-end=\"398\"><a href=\"https:\/\/vosgesinfo.fr\/app\/uploads\/sites\/5\/2024\/02\/mairie-saint-etienne.jpg\" data-slb-active=\"1\" data-slb-asset=\"1910829861\" data-slb-internal=\"0\" data-slb-group=\"slb\" target=\"_blank\" rel=\"noopener\"><img decoding=\"async\" loading=\"lazy\" class=\"aligncenter size-medium wp-image-4461\" src=\"https:\/\/www.europesays.com\/fr\/wp-content\/uploads\/2025\/07\/mairie-saint-etienne-300x200.jpg\" alt=\"\" width=\"300\" height=\"200\"  \/><\/a><\/p>\n<p data-start=\"140\" data-end=\"398\"><strong>La municipalit\u00e9 de Saint-\u00c9tienne-l\u00e8s-Remiremont alerte ses administr\u00e9s sur des cas de d\u00e9marchage \u00e0 domicile suspects observ\u00e9s r\u00e9cemment. Monsieur le Maire rappelle qu\u2019aucune autorisation n\u2019a \u00e9t\u00e9 d\u00e9livr\u00e9e pour ce type de d\u00e9marchage sur le territoire communal.<\/strong><\/p>\n<p data-start=\"400\" data-end=\"880\">Dans ce contexte, les habitants sont invit\u00e9s \u00e0 faire preuve de la plus grande prudence si une personne se pr\u00e9sente \u00e0 leur domicile en pr\u00e9tendant agir au nom de la mairie ou d\u2019un service public. La commune pr\u00e9cise que les enqu\u00eates publiques \u00e0 domicile, lorsqu\u2019elles ont lieu, respectent un cadre r\u00e9glementaire strict : elles sont annonc\u00e9es officiellement par la mairie, l\u2019identit\u00e9 de l\u2019enqu\u00eateur est communiqu\u00e9e en amont, et celui-ci se pr\u00e9sente toujours avec une carte officielle.<\/p>\n<p data-start=\"882\" data-end=\"1154\">La mairie recommande ainsi de <strong data-start=\"912\" data-end=\"978\">ne jamais laisser entrer un inconnu chez soi sans v\u00e9rification<\/strong>, surtout en l\u2019absence d\u2019annonce pr\u00e9alable. En cas de doute, les services municipaux sont disponibles pour r\u00e9pondre aux interrogations ou v\u00e9rifier la l\u00e9gitimit\u00e9 d\u2019une d\u00e9marche.<\/p>\n<p data-start=\"1156\" data-end=\"1373\">Ce rappel vise \u00e0 pr\u00e9venir toute tentative de vol, d\u2019escroquerie ou d\u2019agression utilisant la technique du d\u00e9marchage \u00e0 domicile. Les citoyens sont invit\u00e9s \u00e0 signaler imm\u00e9diatement \u00e0 la mairie tout comportement suspect.<\/p>\n","protected":false},"excerpt":{"rendered":"La municipalit\u00e9 de Saint-\u00c9tienne-l\u00e8s-Remiremont alerte ses administr\u00e9s sur des cas de d\u00e9marchage \u00e0 domicile suspects observ\u00e9s r\u00e9cemment. Monsieur&hellip;\n","protected":false},"author":2,"featured_media":235376,"comment_status":"","ping_status":"","sticky":false,"template":"","format":"standard","meta":{"footnotes":""},"categories":[9653],"tags":[1111,11,2430,37410,1777,674,1011,27,12,25,4001,33907],"class_list":{"0":"post-235375","1":"post","2":"type-post","3":"status-publish","4":"format-standard","5":"has-post-thumbnail","7":"category-saint-etienne","8":"tag-actu","9":"tag-actualites","10":"tag-auvergne-rhone-alpes","11":"tag-demarchage-a-domicile","12":"tag-eu","13":"tag-europe","14":"tag-fr","15":"tag-france","16":"tag-news","17":"tag-republique-francaise","18":"tag-saint-etienne","19":"tag-saint-etienne-les-remiremont"},"share_on_mastodon":{"url":"https:\/\/pubeurope.com\/@fr\/114818207290901913","error":""},"_links":{"self":[{"href":"https:\/\/www.europesays.com\/fr\/wp-json\/wp\/v2\/posts\/235375","targetHints":{"allow":["GET"]}}],"collection":[{"href":"https:\/\/www.europesays.com\/fr\/wp-json\/wp\/v2\/posts"}],"about":[{"href":"https:\/\/www.europesays.com\/fr\/wp-json\/wp\/v2\/types\/post"}],"author":[{"embeddable":true,"href":"https:\/\/www.europesays.com\/fr\/wp-json\/wp\/v2\/users\/2"}],"replies":[{"embeddable":true,"href":"https:\/\/www.europesays.com\/fr\/wp-json\/wp\/v2\/comments?post=235375"}],"version-history":[{"count":0,"href":"https:\/\/www.europesays.com\/fr\/wp-json\/wp\/v2\/posts\/235375\/revisions"}],"wp:featuredmedia":[{"embeddable":true,"href":"https:\/\/www.europesays.com\/fr\/wp-json\/wp\/v2\/media\/235376"}],"wp:attachment":[{"href":"https:\/\/www.europesays.com\/fr\/wp-json\/wp\/v2\/media?parent=235375"}],"wp:term":[{"taxonomy":"category","embeddable":true,"href":"https:\/\/www.europesays.com\/fr\/wp-json\/wp\/v2\/categories?post=235375"},{"taxonomy":"post_tag","embeddable":true,"href":"https:\/\/www.europesays.com\/fr\/wp-json\/wp\/v2\/tags?post=235375"}],"curies":[{"name":"wp","href":"https:\/\/api.w.org\/{rel}","templated":true}]}}