{"id":235377,"date":"2025-07-08T14:59:27","date_gmt":"2025-07-08T14:59:27","guid":{"rendered":"https:\/\/www.europesays.com\/fr\/235377\/"},"modified":"2025-07-08T14:59:27","modified_gmt":"2025-07-08T14:59:27","slug":"maxeville-la-fete-nationale-celebree-le-12-juillet","status":"publish","type":"post","link":"https:\/\/www.europesays.com\/fr\/235377\/","title":{"rendered":"Max\u00e9ville. La F\u00eate nationale c\u00e9l\u00e9br\u00e9e le 12\u00a0juillet"},"content":{"rendered":"<p>La F\u00eate nationale se d\u00e9roulera dans le quartier de Champ-le-B\u0153uf, au parc L\u00e9o-Lagrange, le samedi 12\u00a0juillet. La date a \u00e9t\u00e9 choisie en rapport avec la f\u00eate organis\u00e9e le 14\u00a0juillet sur le plateau de Haye par la ville de Nancy. Le programme pr\u00e9voit d\u00e8s 19\u00a0h un concert de DJ Romain Rivieira et Lily Rose. Le feu d\u2019artifice sera tir\u00e9 \u00e0 22\u00a0h\u00a045, puis le concert reprendra son cours ensuite.<\/p>\n<p>La buvette est assur\u00e9e cette ann\u00e9e par le club de basket des Lynx Max\u00e9villois. Restauration sur place avec un food-truck.<\/p>\n","protected":false},"excerpt":{"rendered":"La F\u00eate nationale se d\u00e9roulera dans le quartier de Champ-le-B\u0153uf, au parc L\u00e9o-Lagrange, le samedi 12\u00a0juillet. La date&hellip;\n","protected":false},"author":2,"featured_media":235378,"comment_status":"","ping_status":"","sticky":false,"template":"","format":"standard","meta":{"footnotes":""},"categories":[9635],"tags":[1111,11,1687,1704,1777,674,3326,1011,27,775,10061,10262,1702,12,25],"class_list":{"0":"post-235377","1":"post","2":"type-post","3":"status-publish","4":"format-standard","5":"has-post-thumbnail","7":"category-nancy","8":"tag-actu","9":"tag-actualites","10":"tag-culture-loisirs","11":"tag-edition-nancy-et-agglomeration","12":"tag-eu","13":"tag-europe","14":"tag-fete-locale","15":"tag-fr","16":"tag-france","17":"tag-grand-est","18":"tag-maxeville","19":"tag-metropole-du-grand-nancy-54b5","20":"tag-nancy","21":"tag-news","22":"tag-republique-francaise"},"share_on_mastodon":{"url":"https:\/\/pubeurope.com\/@fr\/114818211229509492","error":""},"_links":{"self":[{"href":"https:\/\/www.europesays.com\/fr\/wp-json\/wp\/v2\/posts\/235377","targetHints":{"allow":["GET"]}}],"collection":[{"href":"https:\/\/www.europesays.com\/fr\/wp-json\/wp\/v2\/posts"}],"about":[{"href":"https:\/\/www.europesays.com\/fr\/wp-json\/wp\/v2\/types\/post"}],"author":[{"embeddable":true,"href":"https:\/\/www.europesays.com\/fr\/wp-json\/wp\/v2\/users\/2"}],"replies":[{"embeddable":true,"href":"https:\/\/www.europesays.com\/fr\/wp-json\/wp\/v2\/comments?post=235377"}],"version-history":[{"count":0,"href":"https:\/\/www.europesays.com\/fr\/wp-json\/wp\/v2\/posts\/235377\/revisions"}],"wp:featuredmedia":[{"embeddable":true,"href":"https:\/\/www.europesays.com\/fr\/wp-json\/wp\/v2\/media\/235378"}],"wp:attachment":[{"href":"https:\/\/www.europesays.com\/fr\/wp-json\/wp\/v2\/media?parent=235377"}],"wp:term":[{"taxonomy":"category","embeddable":true,"href":"https:\/\/www.europesays.com\/fr\/wp-json\/wp\/v2\/categories?post=235377"},{"taxonomy":"post_tag","embeddable":true,"href":"https:\/\/www.europesays.com\/fr\/wp-json\/wp\/v2\/tags?post=235377"}],"curies":[{"name":"wp","href":"https:\/\/api.w.org\/{rel}","templated":true}]}}