{"id":235379,"date":"2025-07-08T15:00:26","date_gmt":"2025-07-08T15:00:26","guid":{"rendered":"https:\/\/www.europesays.com\/fr\/235379\/"},"modified":"2025-07-08T15:00:26","modified_gmt":"2025-07-08T15:00:26","slug":"a-nancy-ces-bieres-ne-seront-plus-vendues-dans-certains-magasins-voici-pourquoi","status":"publish","type":"post","link":"https:\/\/www.europesays.com\/fr\/235379\/","title":{"rendered":"\u00c0 Nancy, ces bi\u00e8res ne seront plus vendues dans certains magasins : voici pourquoi"},"content":{"rendered":"<p>            Par<br \/>\n        <strong><br \/>\n            <a href=\"https:\/\/actu.fr\/auteur\/amandine-mehl\" title=\"Consulter tous les articles de Amandine Mehl\" target=\"_blank\" rel=\"noopener\">Amandine Mehl<\/a><br \/>\n        <\/strong><\/p>\n<p>        Publi\u00e9 le<\/p>\n<p>            8 juil. 2025 \u00e0 12h33        <\/p>\n<p>Lors d\u2019une conf\u00e9rence de presse, la <strong>pr\u00e9fecture de Meurthe-et-Moselle<\/strong> et la <strong>mairie de Nancy<\/strong> ont annonc\u00e9 une s\u00e9rie de mesures pour lutter contre les <strong>diff\u00e9rentes formes de troubles \u00e0 l\u2019ordre public<\/strong>. Dans leur viseur, figure la consommation de boissons alcoolis\u00e9es, notamment chez les <strong>personnes en situation d\u2019errance<\/strong>.<\/p>\n<p class=\" wall-content\">Ainsi, alors que les <a href=\"https:\/\/actu.fr\/grand-est\/nancy_54395\/nancy-les-bancs-de-la-place-des-vosges-provisoirement-retires-voici-pourquoi_62770682.html\" target=\"_blank\" rel=\"noopener\">nouveaux bancs de la place des Vosges<\/a> ont \u00e9t\u00e9 retir\u00e9s et qu\u2019il n\u2019est d\u00e9sormais plus possible d\u2019<a href=\"https:\/\/actu.fr\/grand-est\/nancy_54395\/dans-ce-secteur-de-nancy-acheter-de-l-alcool-apres-17h-est-desormais-impossible-voici-pourquoi_62875894.html\" target=\"_blank\" rel=\"noopener\">acheter de l\u2019alcool apr\u00e8s 17h<\/a> dans le secteur, en raison de nuisances caus\u00e9es par des regroupements de personnes en situation d\u2019errance et alcoolis\u00e9es, la Ville a d\u00e9cid\u00e9 d\u2019aller plus loin en <strong>lan\u00e7ant une nouvelle exp\u00e9rimentation<\/strong> d\u00e8s le <strong>15\u00a0juillet 2025<\/strong>. Explications.<\/p>\n<p>Retrait des bi\u00e8res fortes dans certains commerces de Nancy<\/p>\n<p class=\" wall-content\">En ao\u00fbt\u00a02024, le maire, Mathieu Klein, faisait part de sa volont\u00e9 d\u2019<a href=\"https:\/\/actu.fr\/grand-est\/nancy_54395\/pourquoi-le-maire-de-nancy-veut-interdire-la-vente-de-bieres-fortes-a-l-unite_61536193.html\" target=\"_blank\" rel=\"noopener\">interdire la vente de bi\u00e8res fortes \u00e0 l\u2019unit\u00e9<\/a> dans les <a href=\"https:\/\/actu.fr\/tag\/commerce\" target=\"_blank\" rel=\"noopener\">commerces<\/a>. Moins d\u2019un an plus tard, le projet va se concr\u00e9tiser.<\/p>\n<p class=\" wall-content\">\u00ab\u2009Nous avons r\u00e9uni les commer\u00e7ants qui se sont <strong>port\u00e9s volontaires<\/strong> pour participer \u00e0 <strong>l\u2019exp\u00e9rimentation qui durera six mois<\/strong>, \u00e0 compter du 15\u00a0juillet jusqu\u2019au 15\u00a0d\u00e9cembre 2025\u2009\u00bb, a d\u00e9taill\u00e9 l\u2019\u00e9lu.<\/p>\n<blockquote class=\"ac-article-quote wall-content\">\n<p>Nous avons adress\u00e9 un courrier \u00e0 tous les commer\u00e7ants, y compris ceux qui ne participaient pas aux r\u00e9unions, pour qu&rsquo;ils signent cette convention avec la Ville. C&rsquo;est une d\u00e9marche volontaire qui ne va concerner qu&rsquo;un seul type de produit, mais il s&rsquo;agit du type de produit le plus g\u00e9n\u00e9rateur de troubles \u00e0 l&rsquo;ordre public.<\/p>\n<p>    <strong>Mathieu Klein<\/strong><br \/>\n        Maire de Nancy    <\/p><\/blockquote>\n<p class=\" wall-content\">Une <strong>quinzaine<\/strong> de commer\u00e7ants ont particip\u00e9 \u00e0 des r\u00e9unions et devraient donc retirer de leurs rayons certaines bi\u00e8res. <strong>Trois crit\u00e8res ont \u00e9t\u00e9 \u00e9tablis<\/strong>\u2009: les bi\u00e8res fortes, 6 degr\u00e9s et plus, vendues \u00e0 3\u00a0euros et moins, propos\u00e9es dans des contenants de 25 \u00e0 50\u00a0cl.<\/p>\n<p>Mathieu Klein n\u2019h\u00e9sitera pas \u00e0 aller plus loin s\u2019il le faut<\/p>\n<p class=\" wall-content\">Si le maire avoue pr\u00e9f\u00e9rer cette m\u00e9thode constructive, il se veut aussi tr\u00e8s clair et <strong>n\u2019h\u00e9sitera pas \u00e0 aller plus loin<\/strong> si des \u00e9pisodes comme ceux survenus place des Vosges venaient \u00e0 se reproduire.<\/p>\n<p class=\" wall-content\">\u00ab\u2009Je ne peux pas obliger les commer\u00e7ants qui ne le souhaitent pas \u00e0 retirer ces produits. Toutefois, si dans certains quartiers, nous constatons qu\u2019il n\u2019y a pas de commer\u00e7ants volontaires, et que la situation le n\u00e9cessite, nous avons convenu avec la pr\u00e9f\u00e8te de prendre des arr\u00eat\u00e9s du type de celui de la place des Vosges pour une <strong>efficacit\u00e9 plus importante<\/strong>\u2009\u00bb, a-t-il d\u00e9clar\u00e9 avant d\u2019ajouter\u2009: \u00ab\u2009En sachant que la d\u00e9marche volontaire, c\u2019est <strong>un type de produit<\/strong>, l\u2019arr\u00eat\u00e9, par contre, <strong>concernera tout l\u2019alcool<\/strong>\u2009\u00bb.<\/p>\n<p class=\" wall-content\">Suivez toute l\u2019actualit\u00e9 de vos villes et m\u00e9dias favoris en vous inscrivant \u00e0 <a href=\"https:\/\/moncompte.actu.fr\" title=\"D\u00e9couvez Mon Actu\" rel=\"nofollow noopener\" data-trk=\"{&quot;cta&quot;:{&quot;action&quot;:&quot;https:\\\/\\\/moncompte.actu.fr&quot;,&quot;category&quot;:&quot;mon compte&quot;,&quot;from&quot;:&quot;article footer&quot;,&quot;name&quot;:&quot;Mon actu&quot;,&quot;type&quot;:&quot;cta&quot;}}\" target=\"_blank\">Mon Actu<\/a>.<\/p>\n","protected":false},"excerpt":{"rendered":"Par Amandine Mehl Publi\u00e9 le 8 juil. 2025 \u00e0 12h33 Lors d\u2019une conf\u00e9rence de presse, la pr\u00e9fecture de&hellip;\n","protected":false},"author":2,"featured_media":235380,"comment_status":"","ping_status":"","sticky":false,"template":"","format":"standard","meta":{"footnotes":""},"categories":[9635],"tags":[1111,11,5702,215,1777,674,1011,27,775,1702,12,25,104],"class_list":{"0":"post-235379","1":"post","2":"type-post","3":"status-publish","4":"format-standard","5":"has-post-thumbnail","7":"category-nancy","8":"tag-actu","9":"tag-actualites","10":"tag-alcool","11":"tag-commerce","12":"tag-eu","13":"tag-europe","14":"tag-fr","15":"tag-france","16":"tag-grand-est","17":"tag-nancy","18":"tag-news","19":"tag-republique-francaise","20":"tag-societe"},"share_on_mastodon":{"url":"https:\/\/pubeurope.com\/@fr\/114818215141219693","error":""},"_links":{"self":[{"href":"https:\/\/www.europesays.com\/fr\/wp-json\/wp\/v2\/posts\/235379","targetHints":{"allow":["GET"]}}],"collection":[{"href":"https:\/\/www.europesays.com\/fr\/wp-json\/wp\/v2\/posts"}],"about":[{"href":"https:\/\/www.europesays.com\/fr\/wp-json\/wp\/v2\/types\/post"}],"author":[{"embeddable":true,"href":"https:\/\/www.europesays.com\/fr\/wp-json\/wp\/v2\/users\/2"}],"replies":[{"embeddable":true,"href":"https:\/\/www.europesays.com\/fr\/wp-json\/wp\/v2\/comments?post=235379"}],"version-history":[{"count":0,"href":"https:\/\/www.europesays.com\/fr\/wp-json\/wp\/v2\/posts\/235379\/revisions"}],"wp:featuredmedia":[{"embeddable":true,"href":"https:\/\/www.europesays.com\/fr\/wp-json\/wp\/v2\/media\/235380"}],"wp:attachment":[{"href":"https:\/\/www.europesays.com\/fr\/wp-json\/wp\/v2\/media?parent=235379"}],"wp:term":[{"taxonomy":"category","embeddable":true,"href":"https:\/\/www.europesays.com\/fr\/wp-json\/wp\/v2\/categories?post=235379"},{"taxonomy":"post_tag","embeddable":true,"href":"https:\/\/www.europesays.com\/fr\/wp-json\/wp\/v2\/tags?post=235379"}],"curies":[{"name":"wp","href":"https:\/\/api.w.org\/{rel}","templated":true}]}}