{"id":235383,"date":"2025-07-08T15:02:09","date_gmt":"2025-07-08T15:02:09","guid":{"rendered":"https:\/\/www.europesays.com\/fr\/235383\/"},"modified":"2025-07-08T15:02:09","modified_gmt":"2025-07-08T15:02:09","slug":"lopera-de-toulon-lance-sa-tournee-var-opera","status":"publish","type":"post","link":"https:\/\/www.europesays.com\/fr\/235383\/","title":{"rendered":"l\u2019Op\u00e9ra de Toulon lance sa tourn\u00e9e Var op\u00e9ra"},"content":{"rendered":"<p>            Par<br \/>\n        <strong><br \/>\n            <a href=\"https:\/\/actu.fr\/auteur\/guillemette-herve\" title=\"Consulter tous les articles de Agence de presse APEI\" rel=\"nofollow noopener\" target=\"_blank\">Agence de presse APEI<\/a><br \/>\n        <\/strong><\/p>\n<p>        Publi\u00e9 le<\/p>\n<p>            8 juil. 2025 \u00e0 16h36        <\/p>\n<p>Les amateurs de chant lyrique vont \u00eatre combl\u00e9s. La nouvelle \u00e9dition de Var op\u00e9ra va d\u00e9buter le mercredi 9 juillet 2025 \u2013 et non ce mardi 8 juillet comme pr\u00e9vu initialement en raison des conditions m\u00e9t\u00e9orologiques \u2013 avec des spectacles lyriques offerts par l\u2019Op\u00e9ra de <a href=\"https:\/\/actu.fr\/provence-alpes-cote-d-azur\/frejus_83061\/frejus-toulon-10-nouveaux-pretres-ordonnes-un-contre-courant-dans-une-eglise-en-recul_62836825.html\" rel=\"nofollow noopener\" target=\"_blank\">Toulon<\/a> dans six communes varoises, en partenariat avec le D\u00e9partement du Var. <strong>L\u2019entr\u00e9e est gratuite<\/strong> et sans r\u00e9servation.<\/p>\n<p class=\" wall-content\">Cette ann\u00e9e, <strong>plus de vingt choristes<\/strong> du ch\u0153ur de l\u2019op\u00e9ra, accompagn\u00e9s de la pianiste Isabelle Fleur et sous la direction du chef de ch\u0153ur Christophe Bernolin, entra\u00eeneront le public \u00e0 travers un r\u00e9pertoire lyrique, de <a href=\"https:\/\/actu.fr\/bretagne\/rennes_35238\/opera-sur-ecran-s-revient-a-rennes-en-bretagne-et-dans-le-grand-ouest-la-date-et-les-lieux-de-l-evenement_62748617.html\" rel=\"nofollow noopener\" target=\"_blank\">l\u2019op\u00e9ra<\/a> \u00e0 la com\u00e9die musicale : Verdi, Gounod, Bizet, Offenbach, Gershwin, Rodgers, Bernstein\u2026<\/p>\n<p>    <a href=\"https:\/\/www.facebook.com\/plugins\/post.php?href=https%3A%2F%2Fwww.facebook.com%2Foperadetoulon%2Fposts%2Fpfbid0uqbHTH1Eg4sByeqkvVdiDGDvQSv49BLarkcKCtKTgJ9Pawtg95bsau8dNbEkPdTNl&amp;show_text=true&amp;width=350\" title=\"Ouvrie le lien\" rel=\"nofollow noopener\" target=\"_blank\">Cliquez ici pour visualiser le contenu<\/a><\/p>\n<p>Six concerts<\/p>\n<p class=\" wall-content\">Plusieurs communes accueilleront <strong>ces spectacles lyriques<\/strong> durant le mois de juillet :<\/p>\n<ul class=\" wall-content\">\n<li>le mercredi 9 juillet \u00e0 21h, \u00e0 Puget-sur-Argens<\/li>\n<li>le vendredi 11 juillet \u00e0 21h, \u00e0 Sainte-Maxime<\/li>\n<li>le mardi 15 juillet \u00e0 21h, \u00e0 La Garde<\/li>\n<li>le mercredi 16 juillet \u00e0 21h, \u00e0 Collobri\u00e8res<\/li>\n<li>le vendredi 18 juillet \u00e0 21h, \u00e0 Gar\u00e9oult<\/li>\n<li>le mardi 22 juillet \u00e0 21h, \u00e0 Ollioules (en remplacement du concert du 8 juillet)<\/li>\n<\/ul>\n<p>Vid\u00e9os : en ce moment sur Actu<\/p>\n<p class=\" wall-content\">De belles soir\u00e9es estivales en perspective !<\/p>\n<p>Programme complet sur <a href=\"https:\/\/var.fr\/documents\/d\/departement-du-var\/depliant-var-opera-2025-ok-num-pdf\" rel=\"nofollow noopener\" target=\"_blank\">www.var.fr<\/a><\/p>\n<p class=\" wall-content\">Suivez toute l\u2019actualit\u00e9 de vos villes et m\u00e9dias favoris en vous inscrivant \u00e0 <a href=\"https:\/\/moncompte.actu.fr\" title=\"D\u00e9couvez Mon Actu\" rel=\"nofollow noopener\" data-trk=\"{&quot;cta&quot;:{&quot;action&quot;:&quot;https:\\\/\\\/moncompte.actu.fr&quot;,&quot;category&quot;:&quot;mon compte&quot;,&quot;from&quot;:&quot;article footer&quot;,&quot;name&quot;:&quot;Mon actu&quot;,&quot;type&quot;:&quot;cta&quot;}}\" target=\"_blank\">Mon Actu<\/a>.<\/p>\n","protected":false},"excerpt":{"rendered":"Par Agence de presse APEI Publi\u00e9 le 8 juil. 2025 \u00e0 16h36 Les amateurs de chant lyrique vont&hellip;\n","protected":false},"author":2,"featured_media":235384,"comment_status":"","ping_status":"","sticky":false,"template":"","format":"standard","meta":{"footnotes":""},"categories":[9619],"tags":[1111,11,1777,674,1011,27,1652,12,7165,882,25,2310],"class_list":{"0":"post-235383","1":"post","2":"type-post","3":"status-publish","4":"format-standard","5":"has-post-thumbnail","7":"category-toulon","8":"tag-actu","9":"tag-actualites","10":"tag-eu","11":"tag-europe","12":"tag-fr","13":"tag-france","14":"tag-loisirs-culture","15":"tag-news","16":"tag-opera","17":"tag-provence-alpes-cote-dazur","18":"tag-republique-francaise","19":"tag-toulon"},"share_on_mastodon":{"url":"https:\/\/pubeurope.com\/@fr\/114818222917710090","error":""},"_links":{"self":[{"href":"https:\/\/www.europesays.com\/fr\/wp-json\/wp\/v2\/posts\/235383","targetHints":{"allow":["GET"]}}],"collection":[{"href":"https:\/\/www.europesays.com\/fr\/wp-json\/wp\/v2\/posts"}],"about":[{"href":"https:\/\/www.europesays.com\/fr\/wp-json\/wp\/v2\/types\/post"}],"author":[{"embeddable":true,"href":"https:\/\/www.europesays.com\/fr\/wp-json\/wp\/v2\/users\/2"}],"replies":[{"embeddable":true,"href":"https:\/\/www.europesays.com\/fr\/wp-json\/wp\/v2\/comments?post=235383"}],"version-history":[{"count":0,"href":"https:\/\/www.europesays.com\/fr\/wp-json\/wp\/v2\/posts\/235383\/revisions"}],"wp:featuredmedia":[{"embeddable":true,"href":"https:\/\/www.europesays.com\/fr\/wp-json\/wp\/v2\/media\/235384"}],"wp:attachment":[{"href":"https:\/\/www.europesays.com\/fr\/wp-json\/wp\/v2\/media?parent=235383"}],"wp:term":[{"taxonomy":"category","embeddable":true,"href":"https:\/\/www.europesays.com\/fr\/wp-json\/wp\/v2\/categories?post=235383"},{"taxonomy":"post_tag","embeddable":true,"href":"https:\/\/www.europesays.com\/fr\/wp-json\/wp\/v2\/tags?post=235383"}],"curies":[{"name":"wp","href":"https:\/\/api.w.org\/{rel}","templated":true}]}}