{"id":235387,"date":"2025-07-08T15:04:08","date_gmt":"2025-07-08T15:04:08","guid":{"rendered":"https:\/\/www.europesays.com\/fr\/235387\/"},"modified":"2025-07-08T15:04:08","modified_gmt":"2025-07-08T15:04:08","slug":"le-rassemblement-autour-des-ecologistes-debute-avec-lapres","status":"publish","type":"post","link":"https:\/\/www.europesays.com\/fr\/235387\/","title":{"rendered":"le rassemblement autour des \u00c9cologistes d\u00e9bute avec l&rsquo;APR\u00c8S"},"content":{"rendered":"<p>            Par<br \/>\n        <strong><br \/>\n            <a href=\"https:\/\/actu.fr\/auteur\/c-nithard\" title=\"Consulter tous les articles de C\u00e9dric Nithard\" rel=\"nofollow noopener\" target=\"_blank\">C\u00e9dric Nithard<\/a><br \/>\n        <\/strong><\/p>\n<p>        Publi\u00e9 le<\/p>\n<p>            8 juil. 2025 \u00e0 16h33        <\/p>\n<p>Apr\u00e8s leur assembl\u00e9e g\u00e9n\u00e9rale, tenue le 23 juin dernier, d\u00e9finissant leur strat\u00e9gie pour<strong> les municipales \u00e0 Montpellier<\/strong>, <strong>les \u00c9cologistes<\/strong>, \u00e0 l\u2019instar de La France Insoumise, ont lanc\u00e9 un appel \u00e0 <strong>un rassemblement \u00e0 gauche<\/strong> pour \u00ab\u00a0cr\u00e9er une alternative \u00e0 Micha\u00ebl Delafosse\u00a0\u00bb. Un appel auquel les membres du groupe local de <strong>l\u2019APR\u00c8S<\/strong>, ont r\u00e9pondu favorablement d\u00e8s le lendemain.<\/p>\n<p>Un bras de fer \u00e0 distance<\/p>\n<p class=\" wall-content\">Ils ne le diront pas, mais c\u2019est une forme de bras de fer \u00e0 distance auquel se livrent \u00e0 Montpellier La France Insoumise et les \u00c9cologistes. Chacun de leur c\u00f4t\u00e9, les deux se sont accord\u00e9s en interne sur la m\u00eame strat\u00e9gie pour les municipales. \u00c0 savoir, r\u00e9ussir un rassemblement r\u00e9unissant tous les d\u00e9\u00e7us et opposants \u00e0 gauche de la politique men\u00e9e par Micha\u00ebl Delafosse accus\u00e9e d\u2019\u00eatre \u00ab\u00a0antisociale, anti-\u00e9cologique et antid\u00e9mocratique\u00a0\u00bb. La diff\u00e9rence programmatique et les discours \u00e9tant, pour l\u2019heure, aussi \u00e9pais qu\u2019une feuille de papier \u00e0 cigarette. Une feuille de la taille d\u2019un CSR tout de m\u00eame\u2026 mais on y reviendra.<\/p>\n<p class=\" wall-content\">Alors, \u00e0 ce jeu, chacun sait qu\u2019il doit rallier rapidement \u00e0 son rassemblement le plus possible de partis, mouvements, associations et autres satellites en tout genre gravitant \u00e0 gauche pour peser dans la balance des discussions. Les \u00c9cologistes viennent de prendre une longueur d\u2019avance en actant le rapprochement avec la branche montpelli\u00e9raine de l\u2019APR\u00c9S. Un rapprochement op\u00e9r\u00e9 d\u00e8s le lendemain de l\u2019assembl\u00e9e g\u00e9n\u00e9rale des Verts m\u00eame s\u2019il aurait \u00e9t\u00e9 tr\u00e8s \u00e9tonnant que la formation cr\u00e9\u00e9e par les d\u00e9put\u00e9s exclus de La France Insoumise face un pas dans l\u2019autre sens. \u00ab\u00a0C\u2019\u00e9tait quelque chose de logique car Jean-Louis Roum\u00e9gas si\u00e8ge \u00e0 l\u2019Assembl\u00e9e nationale dans le m\u00eame groupe que les d\u00e9put\u00e9s de l\u2019APR\u00c9S Cl\u00e9mentine Autain et Alexis Corbi\u00e8re. On a dit chiche pour participer \u00e0 cette construction et comment on peut cr\u00e9er une alternative dans cette ville pour enfin r\u00e9pondre aux urgences\u00a0\u00bb explique Boris Chenaud dont le mouvement, qui f\u00eatera en juillet son premier anniversaire, compte aujourd\u2019hui 200 signataires et adh\u00e9rents dans l\u2019H\u00e9rault dont un peu moins de la moiti\u00e9 \u00e0 Montpellier.<\/p>\n<p class=\" wall-content\">\u00ab\u00a0C\u2019est une premi\u00e8re \u00e9tape dans la construction d\u2019un v\u00e9ritable rassemblement. Ce ne sont pas les \u00c9cologistes qui ouvrent leur liste. Nous voulons construire ensemble un rassemblement avec les forces politiques et les citoyens qui souhaitent rejoindre le projet\u00a0\u00bb souligne Jean-Louis Roum\u00e9gas qui annonce les intentions d\u2019Ensemble ! (Mouvement pour une alternative de gauche, \u00e9cologiste et solidaire) d\u2019y participer. Un comit\u00e9 de pilotage, constitu\u00e9 des composantes de la motion vainqueur de l\u2019AG des \u00e9cologistes et des partenaires du rassemblement, a \u00e9t\u00e9 mis en place pour mener les discussions comme ce fut le cas ce week-end avec l\u2019Assembl\u00e9e des quartiers. \u00ab\u00a0Nous devons continuer \u00e0 discuter avec eux pour les convaincre de notre d\u00e9marche, montrer que c\u2019est sinc\u00e8re et que l\u2019on veut vraiment coconstruire\u00a0\u00bb appuie Boris Chenaud qui entend ainsi revenir \u00e0 \u00ab\u00a0un certain ADN de la gauche\u00a0\u00bb \u00e9voquant \u00ab\u00a0l\u2019\u00e9ducation populaire du Parti Communiste\u00a0\u00bb avec l\u2019espoir, en citant Fran\u00e7ois Mitterrand, de \u00ab\u00a0changer la vie\u00a0\u00bb.<\/p>\n<p>Adapter la ville et les quartiers populaires<\/p>\n<p class=\" wall-content\">Les deux partenaires \u00e9tant sur la m\u00eame longueur d\u2019onde politique, place d\u00e9sormais \u00e0 la construction du programme dont les grandes lignes ont \u00e9t\u00e9 pos\u00e9es. \u00ab\u00a0Nous voulons une ville vivable, conviviale, accueillante, \u00e0 taille humaine qui est pens\u00e9e par et pour ses habitants. La ville que propose ce mandat ne colle pas avec ce que l\u2019on veut\u00a0\u00bb expose Julia Mignacca qui prend en exemple la canicule : \u00ab\u00a0Comme d\u2019habitude sur les questions climatiques c\u2019est toujours les plus pr\u00e9caires qui seront les plus touch\u00e9es parce que les logements ne sont pas r\u00e9nov\u00e9s et que moins de moyens sont mis pour y\u00a0 faire face. Montpellier n\u2019est pas pr\u00eate \u00e0 affronter cette vague du changement climatique. Il y a des mesures certes mais elles ne sont pas suffisantes. Il faut changer de logiciel d\u2019o\u00f9 un projet de rupture \u00e9cologique et sociale avec la majorit\u00e9 actuelle\u00a0\u00bb. Jean-Louis Roum\u00e9gas abonde : \u00ab\u00a0Quand je vois le maire qui pr\u00e9sente les jets d\u2019eau de l\u2019esplanade comme des moyens de lutter contre la canicule, je n\u2019ai pas besoin d\u2019expliquer longtemps que c\u2019est tr\u00e8s gadget\u00a0\u00bb. Un am\u00e9nagement qui n\u2019est pas au go\u00fbt non plus de Julia Mignacca pour qui \u00ab\u00a0cela participe \u00e0 cette ville \u00e0 deux vitesses avec un centre-ville instagrammable comme le dit le maire mais dans les quartiers plus pr\u00e9caires il n\u2019y aura pas ce type d\u2019am\u00e9nagement. Nous ne voulons plus cette ville \u00e0 deux vitesses. Il faut prendre soin de l\u2019ensemble des quartiers\u00a0\u00bb.<\/p>\n<p>Vid\u00e9os : en ce moment sur Actu<\/p>\n<p class=\" wall-content\"><a href=\"https:\/\/actu.fr\/occitanie\/montpellier_34172\/montpellier-un-nouveau-projet-plus-vert-pour-le-quartier-cevennes_60790829.html\" rel=\"nofollow noopener\" target=\"_blank\">Estimant que depuis son d\u00e9part de la majorit\u00e9 \u00ab\u00a0il ne se passe plus rien dans aux C\u00e9vennes \u00e0 part deux coups de peinture\u00a0\u00bb<\/a>, Coralie Mantion compl\u00e8te : \u00ab\u00a0Il faut aller au-del\u00e0 d\u2019un post sur les r\u00e9seaux sociaux, il faut un vrai plan canicule en ouvrant gratuitement le soir les piscines, les mus\u00e9es, les biblioth\u00e8ques\u2026 pour avoir acc\u00e8s \u00e0 un point de fra\u00eecheur. Il faut repenser le Lez et la Mosson pour avoir ponctuellement des acc\u00e8s \u00e0 la baignade\u00a0\u00bb. L\u2019ancienne vice-pr\u00e9sidente appelle ainsi \u00e0 \u00ab\u00a0pr\u00e9parer la ville au futur choc du d\u00e9r\u00e8glement climatique\u00a0\u00bb et esquisse \u00ab\u00a0un plan massif de v\u00e9g\u00e9talisation en tendant vers 100% des rues v\u00e9g\u00e9talis\u00e9es, 100% des cours d\u2019\u00e9cole v\u00e9g\u00e9talis\u00e9s, mettre massivement de l\u2019argent dans la r\u00e9novation des \u00e9coles et des logements des m\u00e9nages\u2026\u00a0\u00bb. Une th\u00e9matique des quartiers populaires, avec des propos parfois tr\u00e8s proches pour ne pas dire similaire, sur laquelle au moins \u00c9cologistes et Insoumis n\u2019auront pas de mal \u00e0 discuter.<\/p>\n<p>L\u2019\u00e9pine dans les discussions<\/p>\n<p class=\" wall-content\">Ce ne sera pas le seul puisqu\u2019ils partagent \u00e9galement une autre volont\u00e9. \u00ab\u00a0Un des gros reproches que nous faisons \u00e0 la municipalit\u00e9 actuelle, c\u2019est son manque d\u2019\u00e9coute, son incapacit\u00e9 \u00e0 gouverner avec les gens\u00a0\u00bb juge Jean-Louis Roum\u00e9gas qui prend en exemple le cas des 4 boulevards ou le projet urbain \u00e0 la Mosson. \u00ab\u00a0J\u2019estime qu\u2019il y a un d\u00e9faut de m\u00e9thode. On ne peut pas continuer \u00e0 construire la ville sans r\u00e9unir les gens, leur demander ce dont ils ont besoin\u2026 Ici, on plaque les choses et apr\u00e8s on fait une r\u00e9union\u00a0\u00bb et de \u00ab\u00a0reprocher \u00e0 la municipalit\u00e9 actuelle de ne pas \u00eatre capable de sortir de l\u2019entre-soi pour parler avec les vrais gens dans les quartiers\u00a0\u00bb. Les \u00c9cologistes et leurs partenaires souhaitent ainsi passer pour chaque projet par des assembl\u00e9es citoyennes, entendent revoir le fonctionnement des conseils de quartiers et imaginent un red\u00e9coupage de la ville en une vingtaine de quartiers. Le d\u00e9put\u00e9 appelle \u00e9galement \u00e0 \u00ab\u00a0instaurer une autre culture des \u00e9lus. Ils ne sont pas l\u00e0 pour imposer leurs vues, m\u00eame si on a bien s\u00fbr des principes, mais pour animer le d\u00e9bat et \u00e9couter les gens\u00a0\u00bb.<\/p>\n<p class=\" wall-content\">Un point fermera toutefois toute discussion. \u00ab\u00a0Le CSR sera un sujet sur lequel nous ne transigerons pas\u00a0\u00bb pointe Jean-Louis Roum\u00e9gas rappelant que les \u00c9cologistes avait fait pencher Georges Fr\u00eache vers le choix de la m\u00e9thanisation et du compostage plut\u00f4t que de l\u2019incin\u00e9ration. \u00ab\u00a0Nous sommes \u00e0 l\u2019initiative d\u2019Ametyst, sans aucun complexe et on l\u2019assume. Sauf que ce projet a \u00e9t\u00e9 d\u00e9voy\u00e9\u00a0\u00bb d\u00e9fend le d\u00e9put\u00e9 avant de passer \u00e0 l\u2019attaque : \u00ab\u00a0La position de Ren\u00e9 Revol nous pose vraiment probl\u00e8me. Nous avons un vice-pr\u00e9sident (ndlr : Fran\u00e7ois Vasquez) qui a quitt\u00e9 la majorit\u00e9 \u00e0 cause de cette question, ce n\u2019est pas pour faire un accord avec quelqu\u2019un qui a repris le dossier et est all\u00e9 en soutien de Micha\u00ebl Delafosse\u00a0\u00bb. Et si Jean-Louis Roum\u00e9gas juge que le CSR est \u00ab\u00a0une \u00e9pine dans le pied\u00a0\u00bb des Insoumis montpelli\u00e9rains, Julia Mignacca est moins s\u00e9v\u00e8re. \u00ab\u00a0On peut se f\u00e9liciter que dans leur lancement de campagne, ils ont commenc\u00e9 \u00e0 remettre en question ce point l\u00e0. C\u2019est \u00e0 eux de faire ce chemin\u00a0\u00bb juge-t-elle m\u00eame si <a href=\"https:\/\/actu.fr\/occitanie\/montpellier_34172\/montpellier-avec-quatre-chefs-de-file-la-france-insoumise-ne-se-prend-pas-encore-la-tete_62857092.html\" rel=\"nofollow noopener\" target=\"_blank\">les quatre co-chefs de file ont plut\u00f4t eu l\u2019air d\u2019apporter du cr\u00e9dit \u00e0 Ren\u00e9 Revol<\/a>. La question restant \u00ab\u00a0un gros probl\u00e8me\u00a0\u00bb pour Boris Chenaud, ce dernier ne ferme toutefois pas la porte. \u00ab\u00a0Au plan national et local nous faisons des choses en commun avec LFI et nous continuerons. Ils ont un petit souci en interne avec le CSR, \u00e0 eux de le r\u00e9gler. Nous, nous avan\u00e7ons car nous avons un projet ambitieux de coconstruction avec la population. Les choses ne sont pas fig\u00e9es et nous ne sommes pas sectaires vis-a-vis de LFI. Nous ne sommes pour purger personne de la discussion\u00a0\u00bb comme pour \u00e9carter toute tension.<\/p>\n<p>\u00ab\u00a0Arriver en t\u00eate au premier tour\u00a0\u00bb<\/p>\n<p class=\" wall-content\">Alors si la question du CSR, <a href=\"https:\/\/actu.fr\/occitanie\/montpellier_34172\/metropole-de-montpellier-acte-iv-apres-l-eau-rene-revol-s-attaque-a-la-gestion-des-dechets-et-au-csr_60903099.html\" rel=\"nofollow noopener\" target=\"_blank\">sur fond de guerre Vasquez\/Revol<\/a>, est particuli\u00e8rement probl\u00e9matique pour esp\u00e9rer un rapprochement, en en restant uniquement au programme, d\u2019autre id\u00e9es comme la mise en place d\u2019un service public de l\u2019\u00e9nergie, d\u2019une s\u00e9curit\u00e9 sociale alimentaire, r\u00e9vision du projet d\u2019urbanisme, lutte pour la qualit\u00e9 de l\u2019air, les alternatives \u00e0 la voiture\u2026 participeront au rapprochement entre \u00c9cologistes et Insoumis. \u00ab\u00a0On veut un rassemblement le plus large possible mais on veut que ce soit sur un projet clair. On continue \u00e0 construire. Nous sommes dans cette d\u00e9marche de discussion et d\u2019ouverture avec les Montpelli\u00e9rains\u00a0\u00bb explique Jean-Louis Roum\u00e9gas. Un programme et un rassemblement qui devront ensuite \u00eatre valid\u00e9s par les militants \u00e9cologistes cet automne lors d\u2019une assembl\u00e9e g\u00e9n\u00e9rale quand la question de la t\u00eate de liste, pour laquelle chacun des partenaires avancera ou soutiendra un candidat, sera ensuite valid\u00e9e par l\u2019ensemble des forces qui composeront ce rassemblement.<\/p>\n<p class=\" wall-content\">Quant au risque de voir les d\u00e9mons du pass\u00e9 resurgir, Jean-Louis Roum\u00e9gas se veut rassurant. \u00ab\u00a0Je pense que nous avons chang\u00e9 d\u2019\u00e9poque. Celle o\u00f9 le Parti Socialiste \u00e9tait la force pivot \u00e0 gauche est finie. \u00c0 Montpellier, il y a eu un contretemps historique en 2020 mais on va faire en sorte de revenir au sens normal de la marche de l\u2019histoire\u00a0\u00bb. D\u2019autant que, m\u00eame si on l\u2019a senti plus que sceptique quant \u00e0 la sinc\u00e9rit\u00e9 politique du mouvement Cause Commune auquel Julia Mignacca souhaite tendre la main et affirmant que les histoires de la pr\u00e9c\u00e9dente campagne municipale sont sold\u00e9es, pour Boris Chenaud son camp \u00e0 toutes les cartes en main. \u00ab\u00a0En 2020, ce n\u2019est pas tant Micha\u00ebl Delafosse qui a gagn\u00e9 que nous qui avons perdu. Ce qu\u2019il a gagn\u00e9, c\u2019est un concours de circonstance. En 2026, on pense que l\u2019on peut \u00eatre suffisamment fort pour arriver en t\u00eate au premier tour et cr\u00e9er le rassemblement avec d\u2019autres forces qui partagent la m\u00eame alternative pour cette fois-ci gagner\u00a0\u00bb. O\u00f9 tout est histoire de confiance entre partenaires et de savoir bien jouer pour ne pas reproduire les m\u00eames erreurs. Mais \u00e7a tous les protagonistes l\u2019ont bien en t\u00eate.<\/p>\n<p class=\" wall-content\">Suivez toute l\u2019actualit\u00e9 de vos villes et m\u00e9dias favoris en vous inscrivant \u00e0 <a href=\"https:\/\/moncompte.actu.fr\" title=\"D\u00e9couvez Mon Actu\" rel=\"nofollow noopener\" data-trk=\"{&quot;cta&quot;:{&quot;action&quot;:&quot;https:\\\/\\\/moncompte.actu.fr&quot;,&quot;category&quot;:&quot;mon compte&quot;,&quot;from&quot;:&quot;article footer&quot;,&quot;name&quot;:&quot;Mon actu&quot;,&quot;type&quot;:&quot;cta&quot;}}\" target=\"_blank\">Mon Actu<\/a>.<\/p>\n","protected":false},"excerpt":{"rendered":"Par C\u00e9dric Nithard Publi\u00e9 le 8 juil. 2025 \u00e0 16h33 Apr\u00e8s leur assembl\u00e9e g\u00e9n\u00e9rale, tenue le 23 juin&hellip;\n","protected":false},"author":2,"featured_media":235388,"comment_status":"","ping_status":"","sticky":false,"template":"","format":"standard","meta":{"footnotes":""},"categories":[9599],"tags":[1111,11,4188,1777,674,1011,27,2208,12,2680,316,25],"class_list":{"0":"post-235387","1":"post","2":"type-post","3":"status-publish","4":"format-standard","5":"has-post-thumbnail","7":"category-montpellier","8":"tag-actu","9":"tag-actualites","10":"tag-elections-municipales","11":"tag-eu","12":"tag-europe","13":"tag-fr","14":"tag-france","15":"tag-montpellier","16":"tag-news","17":"tag-occitanie","18":"tag-politique","19":"tag-republique-francaise"},"share_on_mastodon":{"url":"https:\/\/pubeurope.com\/@fr\/114818230788888352","error":""},"_links":{"self":[{"href":"https:\/\/www.europesays.com\/fr\/wp-json\/wp\/v2\/posts\/235387","targetHints":{"allow":["GET"]}}],"collection":[{"href":"https:\/\/www.europesays.com\/fr\/wp-json\/wp\/v2\/posts"}],"about":[{"href":"https:\/\/www.europesays.com\/fr\/wp-json\/wp\/v2\/types\/post"}],"author":[{"embeddable":true,"href":"https:\/\/www.europesays.com\/fr\/wp-json\/wp\/v2\/users\/2"}],"replies":[{"embeddable":true,"href":"https:\/\/www.europesays.com\/fr\/wp-json\/wp\/v2\/comments?post=235387"}],"version-history":[{"count":0,"href":"https:\/\/www.europesays.com\/fr\/wp-json\/wp\/v2\/posts\/235387\/revisions"}],"wp:featuredmedia":[{"embeddable":true,"href":"https:\/\/www.europesays.com\/fr\/wp-json\/wp\/v2\/media\/235388"}],"wp:attachment":[{"href":"https:\/\/www.europesays.com\/fr\/wp-json\/wp\/v2\/media?parent=235387"}],"wp:term":[{"taxonomy":"category","embeddable":true,"href":"https:\/\/www.europesays.com\/fr\/wp-json\/wp\/v2\/categories?post=235387"},{"taxonomy":"post_tag","embeddable":true,"href":"https:\/\/www.europesays.com\/fr\/wp-json\/wp\/v2\/tags?post=235387"}],"curies":[{"name":"wp","href":"https:\/\/api.w.org\/{rel}","templated":true}]}}