{"id":235399,"date":"2025-07-08T15:11:11","date_gmt":"2025-07-08T15:11:11","guid":{"rendered":"https:\/\/www.europesays.com\/fr\/235399\/"},"modified":"2025-07-08T15:11:11","modified_gmt":"2025-07-08T15:11:11","slug":"une-passerelle-de-130m-de-long-va-bientot-voir-le-jour-dans-ce-quartier-de-strasbourg","status":"publish","type":"post","link":"https:\/\/www.europesays.com\/fr\/235399\/","title":{"rendered":"Une passerelle de 130m de long va bient\u00f4t voir le jour dans ce quartier de Strasbourg"},"content":{"rendered":"<p>            Par<br \/>\n        <strong><br \/>\n            <a href=\"https:\/\/actu.fr\/auteur\/olivia-kouassi\" title=\"Consulter tous les articles de Olivia Kouassi\" rel=\"nofollow noopener\" target=\"_blank\">Olivia Kouassi<\/a><br \/>\n        <\/strong><\/p>\n<p>        Publi\u00e9 le<\/p>\n<p>            8 juil. 2025 \u00e0 16h56        <\/p>\n<p>Ce sont deux communes bient\u00f4t reli\u00e9es. Dans le cadre du <a href=\"https:\/\/actu.fr\/grand-est\/strasbourg_67482\/strasbourg-180-logements-vont-sortir-de-terre-dans-ce-quartier-en-pleine-effervescence_61901528.html\" rel=\"nofollow noopener\" target=\"_blank\">projet urbain Archipel 2<\/a> qui ambitionne la <strong>cr\u00e9ation d\u2019un tout nouveau quartier<\/strong> au Wacken, la Ville a d\u00e9voil\u00e9 lundi 7\u00a0juillet le nom de la <strong>passerelle<\/strong> qui traversera d\u2019ici 2026 le canal de la Marne au Rhin et qui permettra de relier <strong>Strasbourg<\/strong> (<a href=\"https:\/\/actu.fr\/strasbourg\/\" rel=\"nofollow noopener\" target=\"_blank\">Bas-Rhin<\/a>) \u00e0 <strong>Schiltigheim<\/strong>.<\/p>\n<p>Deux parcs reli\u00e9s par une passerelle<\/p>\n<p class=\" wall-content\">D\u2019une longueur de 130 m\u00e8tres, cette passerelle reliera le tout nouveau quartier Archipel 2 via son parc au parc de l\u2019Aar c\u00f4t\u00e9 Schiltigheim. Un ouvrage \u00ab\u2009tout en sobri\u00e9t\u00e9\u2009\u00bb, selon les termes de la maire de Schiltigheim Danielle Dambach, fait en bois et en transparence qui devrait \u00eatre inaugur\u00e9 <strong>d\u00e9but 2026<\/strong>. Les travaux seront eux lanc\u00e9s en ao\u00fbt\u00a02025. Si la passerelle sera pi\u00e9tonne, la circulation des cyclistes y sera tol\u00e9r\u00e9e \u00e0 l\u2019allure du pas.<\/p>\n<p>    <img   decoding=\"async\" loading=\"lazy\" src=\"https:\/\/www.europesays.com\/fr\/wp-content\/uploads\/2025\/07\/passerelle-archipel-2-wacken-960x640.jpg\" alt=\"Les travaux de construction de la passerelle qui reliera le quartier du Wacken \u00e0 Strasbourg et Schiltigheim d\u00e9butent en ao\u00fbt 2025.\" width=\"960\" height=\"640\"\/><br \/>\n    Les travaux de construction de la passerelle qui reliera le quartier du Wacken \u00e0 Strasbourg et Schiltigheim d\u00e9butent en ao\u00fbt\u00a02025. (\u00a9Olivia Kouassi \/ actu Strasbourg)<\/p>\n<p class=\" wall-content\"><strong>Trois millions d\u2019euros<\/strong> ont \u00e9t\u00e9 investis pour r\u00e9aliser cette nouvelle connexion entre deux communes de l\u2019Eurom\u00e9tropole. R\u00e9v\u00e9l\u00e9 par la maire de Strasbourg <a href=\"https:\/\/actu.fr\/tag\/jeanne-barseghian\" rel=\"nofollow noopener\" target=\"_blank\">Jeanne Barseghian<\/a> lundi 7\u00a0juillet, le nom de la passerelle rendra hommage \u00e0 une astronome am\u00e9ricaine connue pour avoir d\u00e9couvert la relation entre la luminosit\u00e9 des \u00e9toiles et leur p\u00e9riode de variation\u2009: <strong>Henrietta Leavitt<\/strong> (1868-1921). C\u2019est elle qui a fait la fameuse d\u00e9couverte qui permet aujourd\u2019hui encore aux astronomes de mesurer la distance d\u2019un astre par rapport \u00e0 la terre.<\/p>\n<p class=\" wall-content\">Suivez toute l\u2019actualit\u00e9 de vos villes et m\u00e9dias favoris en vous inscrivant \u00e0 <a href=\"https:\/\/moncompte.actu.fr\" title=\"D\u00e9couvez Mon Actu\" rel=\"nofollow noopener\" data-trk=\"{&quot;cta&quot;:{&quot;action&quot;:&quot;https:\\\/\\\/moncompte.actu.fr&quot;,&quot;category&quot;:&quot;mon compte&quot;,&quot;from&quot;:&quot;article footer&quot;,&quot;name&quot;:&quot;Mon actu&quot;,&quot;type&quot;:&quot;cta&quot;}}\" target=\"_blank\">Mon Actu<\/a>.<\/p>\n","protected":false},"excerpt":{"rendered":"Par Olivia Kouassi Publi\u00e9 le 8 juil. 2025 \u00e0 16h56 Ce sont deux communes bient\u00f4t reli\u00e9es. Dans le&hellip;\n","protected":false},"author":2,"featured_media":235400,"comment_status":"","ping_status":"","sticky":false,"template":"","format":"standard","meta":{"footnotes":""},"categories":[2820],"tags":[1111,11,1777,674,1011,27,775,12,25,104,640,2086],"class_list":{"0":"post-235399","1":"post","2":"type-post","3":"status-publish","4":"format-standard","5":"has-post-thumbnail","7":"category-strasbourg","8":"tag-actu","9":"tag-actualites","10":"tag-eu","11":"tag-europe","12":"tag-fr","13":"tag-france","14":"tag-grand-est","15":"tag-news","16":"tag-republique-francaise","17":"tag-societe","18":"tag-strasbourg","19":"tag-travaux"},"share_on_mastodon":{"url":"https:\/\/pubeurope.com\/@fr\/114818258306580264","error":""},"_links":{"self":[{"href":"https:\/\/www.europesays.com\/fr\/wp-json\/wp\/v2\/posts\/235399","targetHints":{"allow":["GET"]}}],"collection":[{"href":"https:\/\/www.europesays.com\/fr\/wp-json\/wp\/v2\/posts"}],"about":[{"href":"https:\/\/www.europesays.com\/fr\/wp-json\/wp\/v2\/types\/post"}],"author":[{"embeddable":true,"href":"https:\/\/www.europesays.com\/fr\/wp-json\/wp\/v2\/users\/2"}],"replies":[{"embeddable":true,"href":"https:\/\/www.europesays.com\/fr\/wp-json\/wp\/v2\/comments?post=235399"}],"version-history":[{"count":0,"href":"https:\/\/www.europesays.com\/fr\/wp-json\/wp\/v2\/posts\/235399\/revisions"}],"wp:featuredmedia":[{"embeddable":true,"href":"https:\/\/www.europesays.com\/fr\/wp-json\/wp\/v2\/media\/235400"}],"wp:attachment":[{"href":"https:\/\/www.europesays.com\/fr\/wp-json\/wp\/v2\/media?parent=235399"}],"wp:term":[{"taxonomy":"category","embeddable":true,"href":"https:\/\/www.europesays.com\/fr\/wp-json\/wp\/v2\/categories?post=235399"},{"taxonomy":"post_tag","embeddable":true,"href":"https:\/\/www.europesays.com\/fr\/wp-json\/wp\/v2\/tags?post=235399"}],"curies":[{"name":"wp","href":"https:\/\/api.w.org\/{rel}","templated":true}]}}