{"id":235405,"date":"2025-07-08T15:14:10","date_gmt":"2025-07-08T15:14:10","guid":{"rendered":"https:\/\/www.europesays.com\/fr\/235405\/"},"modified":"2025-07-08T15:14:10","modified_gmt":"2025-07-08T15:14:10","slug":"apres-nice-quick-bientot-de-retour-dans-cette-ville-de-la-cote-dazur","status":"publish","type":"post","link":"https:\/\/www.europesays.com\/fr\/235405\/","title":{"rendered":"Apr\u00e8s Nice, Quick bient\u00f4t de retour dans cette ville de la C\u00f4te d&rsquo;Azur"},"content":{"rendered":"<p>Les amateurs de Giant, Quick\u2019N Toast ou encore de Long Chicken ont de quoi se r\u00e9jouir: selon nos informations, l\u2019enseigne embl\u00e9matique belge s\u2019appr\u00eaterait \u00e0 faire son retour \u00e0 Mougins.<\/p>\n<p>Ferm\u00e9 en 2018, l\u2019ancien restaurant Quick de l\u2019avenue du Campon avait c\u00e9d\u00e9 sa place \u00e0 un Burger King. Sept ans plus tard, la marque devrait rouvrir un \u00e9tablissement sur cette m\u00eame avenue, \u00e0 quelques m\u00e8tres seulement de son rempla\u00e7ant. Le nouveau Quick prendrait place \u00e0 l\u2019emplacement de Steak\u2019n Shake, actuellement en travaux et qui, selon nos sources, ne rouvrira pas ses portes.<\/p>\n<p>Une strat\u00e9gie de relance<\/p>\n<p>Si l\u2019annonce n\u2019a pas encore \u00e9t\u00e9 officialis\u00e9e, l\u2019ouverture pourrait intervenir d\u2019ici mi-septembre. Une campagne de recrutement relay\u00e9e par France Travail est d\u2019ailleurs en cours.<\/p>\n<p>Ce retour s\u2019inscrit dans une strat\u00e9gie de relance ambitieuse puisqu\u2019apr\u00e8s l\u2019ouverture de 30 nouveaux restaurants en 2024, un chiffre d\u2019affaires en France de 515 millions d\u2019euros et une croissance de 100% sur trois ans, Quick esp\u00e8re de nouveau ouvrir 30 restaurants en 2025 &#8211; <a href=\"https:\/\/www.nicematin.com\/commerce\/beaucoup-de-nostalgie-ca-parle-aux-gens-quelles-sont-les-raisons-du-succes-du-quick-de-l-avenue-jean-medecin-a-nice--987116\" rel=\"nofollow noopener\" target=\"_blank\">dont un nouveau \u00e0 Lingosti\u00e8re \u00e0 Nice<\/a> -, et vise les 300 \u00e9tablissements d\u2019ici 2028.<\/p>\n<p><a href=\"https:\/\/www.nicematin.com\/commerce\/l-enseigne-de-fast-food-quick-a-rouvert-un-restaurant-sur-l-avenue-jean-medecin-a-nice-983211\" rel=\"nofollow noopener\" target=\"_blank\">\u00c0 Nice, l\u2019inauguration du nouveau restaurant, le 24 avril, avait rencontr\u00e9 un franc succ\u00e8s<\/a>. Durant plusieurs semaines, les clients s\u2019y \u00e9taient press\u00e9s en nombre, signe de l\u2019attachement toujours fort \u00e0 l\u2019enseigne.<\/p>\n","protected":false},"excerpt":{"rendered":"Les amateurs de Giant, Quick\u2019N Toast ou encore de Long Chicken ont de quoi se r\u00e9jouir: selon nos&hellip;\n","protected":false},"author":2,"featured_media":235406,"comment_status":"","ping_status":"","sticky":false,"template":"","format":"standard","meta":{"footnotes":""},"categories":[2819],"tags":[1111,11,2876,1777,674,1011,27,12,2401,882,25],"class_list":{"0":"post-235405","1":"post","2":"type-post","3":"status-publish","4":"format-standard","5":"has-post-thumbnail","7":"category-nice","8":"tag-actu","9":"tag-actualites","10":"tag-conso-shopping","11":"tag-eu","12":"tag-europe","13":"tag-fr","14":"tag-france","15":"tag-news","16":"tag-nice","17":"tag-provence-alpes-cote-dazur","18":"tag-republique-francaise"},"share_on_mastodon":{"url":"https:\/\/pubeurope.com\/@fr\/114818270056644035","error":""},"_links":{"self":[{"href":"https:\/\/www.europesays.com\/fr\/wp-json\/wp\/v2\/posts\/235405","targetHints":{"allow":["GET"]}}],"collection":[{"href":"https:\/\/www.europesays.com\/fr\/wp-json\/wp\/v2\/posts"}],"about":[{"href":"https:\/\/www.europesays.com\/fr\/wp-json\/wp\/v2\/types\/post"}],"author":[{"embeddable":true,"href":"https:\/\/www.europesays.com\/fr\/wp-json\/wp\/v2\/users\/2"}],"replies":[{"embeddable":true,"href":"https:\/\/www.europesays.com\/fr\/wp-json\/wp\/v2\/comments?post=235405"}],"version-history":[{"count":0,"href":"https:\/\/www.europesays.com\/fr\/wp-json\/wp\/v2\/posts\/235405\/revisions"}],"wp:featuredmedia":[{"embeddable":true,"href":"https:\/\/www.europesays.com\/fr\/wp-json\/wp\/v2\/media\/235406"}],"wp:attachment":[{"href":"https:\/\/www.europesays.com\/fr\/wp-json\/wp\/v2\/media?parent=235405"}],"wp:term":[{"taxonomy":"category","embeddable":true,"href":"https:\/\/www.europesays.com\/fr\/wp-json\/wp\/v2\/categories?post=235405"},{"taxonomy":"post_tag","embeddable":true,"href":"https:\/\/www.europesays.com\/fr\/wp-json\/wp\/v2\/tags?post=235405"}],"curies":[{"name":"wp","href":"https:\/\/api.w.org\/{rel}","templated":true}]}}