{"id":235407,"date":"2025-07-08T15:15:51","date_gmt":"2025-07-08T15:15:51","guid":{"rendered":"https:\/\/www.europesays.com\/fr\/235407\/"},"modified":"2025-07-08T15:15:51","modified_gmt":"2025-07-08T15:15:51","slug":"il-etait-le-vrai-pion-d-au-revoir-les-enfants","status":"publish","type":"post","link":"https:\/\/www.europesays.com\/fr\/235407\/","title":{"rendered":"Il \u00e9tait le vrai pion d\u2019 \u00ab\u00a0Au revoir les enfants\u00a0\u00bb"},"content":{"rendered":"<p>Il avait 102\u00a0ans. Le Dr Andr\u00e9 Gaillard, qui avait surv\u00e9cu \u00e0 l\u2019enfer du camp de concentration de Dachau, s\u2019est \u00e9teint le 30\u00a0juin 2025.<\/p>\n<p>L\u2019Herblinois, qui aura pass\u00e9 une grande partie de sa retraite \u00e0 t\u00e9moigner de la d\u00e9portation aupr\u00e8s des coll\u00e9giens et des lyc\u00e9ens, n\u2019\u00e9tait pas un d\u00e9port\u00e9 comme les autres. Son histoire a \u00e9t\u00e9 indirectement port\u00e9e \u00e0 l\u2019\u00e9cran par Louis Malle en 1987 dans son film Au revoir les enfants. Le cin\u00e9aste y raconte le tragique destin d\u2019enfants juifs cach\u00e9s sous un faux nom dans un coll\u00e8gue catholique et qui, d\u00e9nonc\u00e9s, sont arr\u00eat\u00e9s et d\u00e9port\u00e9s ainsi que le pr\u00eatre directeur du coll\u00e8ge et le pion.<a href=\"https:\/\/www.ouest-france.fr\/pays-de-la-loire\/loire-atlantique\/histoire-le-vrai-surveillant-d-au-revoir-les-enfants-566f1228-3aaf-3ff9-a62e-c5a9d0c97c11\" target=\"_blank\" rel=\"nofollow noopener\"> Andr\u00e9 Gaillard \u00e9tait ce pion.<\/a> Le vrai pion.<\/p>\n<p>Pion dans un coll\u00e8ge catholique qui cachait des enfants juifs<\/p>\n<p>Fin 1943, Andr\u00e9 Gaillard a 21\u00a0ans et suit le s\u00e9minaire. Pour \u00e9chapper au Service du travail obligatoire (STO) en Allemagne, il frappe \u00e0 la porte du coll\u00e8ge catholique d\u2019Avon-sur-Marne, pr\u00e8s de Fontainebleau (Seine-et-Marne). Le directeur l\u2019informe de la situation et il accepte en connaissance de cause le poste de pion. Il d\u00e9bute au coll\u00e8ge en janvier\u00a01944\u2026 et est arr\u00eat\u00e9 avec les trois enfants juifs et le directeur quinze jours plus tard. S\u2019ensuivent la d\u00e9portation et son lot de souffrances, de privations, de tortures\u2026 Andr\u00e9 Gaillard est finalement lib\u00e9r\u00e9 le 3\u00a0avril 1945, tr\u00e8s diminu\u00e9 et choqu\u00e9 au plus profond de son \u00e2me par ce qu\u2019il vient de vivre.<\/p>\n<p>Du s\u00e9minaire \u00e0 la m\u00e9decine<\/p>\n<p>De retour \u00e0 Nantes, apr\u00e8s avoir \u00e9t\u00e9 soign\u00e9, il reprend le chemin du s\u00e9minaire en octobre\u00a01945 mais le quitte au bout de quelques mois, habit\u00e9 par le doute. Il entreprend alors des \u00e9tudes de m\u00e9decine et devient chirurgien maxillo-facial et professeur de stomatologie \u00e0 l\u2019h\u00f4pital de Nantes dont il a pris sa retraite en 1992. Sans avoir jamais cess\u00e9 de s\u2019interroger sur l\u2019existence de Dieu et le poids des religions.<\/p>\n<p>Us\u00e9 par l\u2019\u00e2ge, ce grand humaniste qui se d\u00e9finissait comme \u00a0un simple r\u00e9fractaire au STO\u00a0 avait quitt\u00e9 depuis peu son domicile herblinois pour s\u2019installer avec son \u00e9pouse dans une r\u00e9sidence retraite \u00e0 Nantes.<\/p>\n<p>Presse Oc\u00e9an pr\u00e9sente ses condol\u00e9ances \u00e0 son \u00e9pouse, ses enfants, ses petits-enfants et arri\u00e8re-petits-enfants. Conform\u00e9ment au souhait d\u2019Andr\u00e9 Gaillard, ses obs\u00e8ques se sont d\u00e9roul\u00e9es dans l\u2019intimit\u00e9 familiale.<\/p>\n<p>\u00a0<\/p>\n","protected":false},"excerpt":{"rendered":"Il avait 102\u00a0ans. Le Dr Andr\u00e9 Gaillard, qui avait surv\u00e9cu \u00e0 l\u2019enfer du camp de concentration de Dachau,&hellip;\n","protected":false},"author":2,"featured_media":235408,"comment_status":"","ping_status":"","sticky":false,"template":"","format":"standard","meta":{"footnotes":""},"categories":[2818],"tags":[1111,11,1719,1777,674,1011,27,766,12,2636,37411,25,26913,17151],"class_list":{"0":"post-235407","1":"post","2":"type-post","3":"status-publish","4":"format-standard","5":"has-post-thumbnail","7":"category-nantes","8":"tag-actu","9":"tag-actualites","10":"tag-enfants","11":"tag-eu","12":"tag-europe","13":"tag-fr","14":"tag-france","15":"tag-nantes","16":"tag-news","17":"tag-pays-de-la-loire","18":"tag-pion","19":"tag-republique-francaise","20":"tag-revoir","21":"tag-vrai"},"share_on_mastodon":{"url":"https:\/\/pubeurope.com\/@fr\/114818277954808408","error":""},"_links":{"self":[{"href":"https:\/\/www.europesays.com\/fr\/wp-json\/wp\/v2\/posts\/235407","targetHints":{"allow":["GET"]}}],"collection":[{"href":"https:\/\/www.europesays.com\/fr\/wp-json\/wp\/v2\/posts"}],"about":[{"href":"https:\/\/www.europesays.com\/fr\/wp-json\/wp\/v2\/types\/post"}],"author":[{"embeddable":true,"href":"https:\/\/www.europesays.com\/fr\/wp-json\/wp\/v2\/users\/2"}],"replies":[{"embeddable":true,"href":"https:\/\/www.europesays.com\/fr\/wp-json\/wp\/v2\/comments?post=235407"}],"version-history":[{"count":0,"href":"https:\/\/www.europesays.com\/fr\/wp-json\/wp\/v2\/posts\/235407\/revisions"}],"wp:featuredmedia":[{"embeddable":true,"href":"https:\/\/www.europesays.com\/fr\/wp-json\/wp\/v2\/media\/235408"}],"wp:attachment":[{"href":"https:\/\/www.europesays.com\/fr\/wp-json\/wp\/v2\/media?parent=235407"}],"wp:term":[{"taxonomy":"category","embeddable":true,"href":"https:\/\/www.europesays.com\/fr\/wp-json\/wp\/v2\/categories?post=235407"},{"taxonomy":"post_tag","embeddable":true,"href":"https:\/\/www.europesays.com\/fr\/wp-json\/wp\/v2\/tags?post=235407"}],"curies":[{"name":"wp","href":"https:\/\/api.w.org\/{rel}","templated":true}]}}