{"id":235417,"date":"2025-07-08T15:20:17","date_gmt":"2025-07-08T15:20:17","guid":{"rendered":"https:\/\/www.europesays.com\/fr\/235417\/"},"modified":"2025-07-08T15:20:17","modified_gmt":"2025-07-08T15:20:17","slug":"sortir-a-toulouse-notre-selection-de-guinguettes-champetres-et-bucoliques-a-tester-cet-ete","status":"publish","type":"post","link":"https:\/\/www.europesays.com\/fr\/235417\/","title":{"rendered":"Sortir \u00e0 Toulouse. Notre s\u00e9lection de guinguettes champ\u00eatres et bucoliques \u00e0 tester cet \u00e9t\u00e9"},"content":{"rendered":"<p>            Par<br \/>\n        <strong><br \/>\n            <a href=\"https:\/\/actu.fr\/auteur\/gabriel-kenedi\" title=\"Consulter tous les articles de Gabriel Kenedi\" target=\"_blank\" rel=\"noopener\">Gabriel Kenedi<\/a><br \/>\n        <\/strong><\/p>\n<p>        Publi\u00e9 le<\/p>\n<p>            8 juil. 2025 \u00e0 17h07        <\/p>\n<p>Dans la jungle des guinguettes, il est parfois difficile de s\u2019y retrouver \u00e0 <a href=\"http:\/\/www.actu.fr\/toulouse\" target=\"_blank\" rel=\"noopener\"><strong>Toulouse<\/strong> <\/a>! Voici notre s\u00e9lection de guinguettes ou restaurants d\u2019\u00e9t\u00e9 dits \u00ab\u00a0champ\u00eatres\u00a0\u00bb, ou bucoliques \u00e0 d\u00e9couvrir \u00e0 Toulouse (un peu !) et aux alentours (surtout) !\u00a0<\/p>\n<p>#1. Les Jardins de Candie, \u00e0 Toulouse\u00a0<br \/>\n    <img   decoding=\"async\" loading=\"lazy\" src=\"https:\/\/www.europesays.com\/fr\/wp-content\/uploads\/2025\/07\/guinguette-candie-jardins-toulouse-lf-960x640.jpg\" alt=\"Les Jardins de Candie, une guinguette en pleine nature sur le domaine viticole de Candie, \u00e0 Toulouse.\" width=\"960\" height=\"640\"\/><br \/>\n    Les Jardins de Candie, une guinguette en pleine nature sur le domaine viticole de Candie, \u00e0 Toulouse. (\u00a9Actu.fr\/L.F.)<\/p>\n<p class=\" wall-content\">Bienvenue au pays de <strong>Candie<\/strong> ! Cette guinguette \u00e9ph\u00e9m\u00e8re se distingue par son emplacement : elle est au c\u0153ur du domaine viticole de la mairie de Toulouse. Les diff\u00e9rents espaces de cet \u00e9crin \u00e0 ciel ouvert invitent \u00e0 une immersion dans ce lieu consacr\u00e9 au terroir local.\u00a0 \u00c0 la carte du restaurant, une cuisine gourmande \u00e9labor\u00e9e \u00e0 partir de\u00a0produits frais et locaux. Autour du bar, des cocktails, contemporains et cr\u00e9atifs, \u00e0 d\u00e9guster au pied du pigeonnier pour profiter jusque tard des soir\u00e9es chaudes toulousaines. Le tout agr\u00e9ment\u00e9 de DJ set, pour assurer l\u2019ambiance musicale !\u00a0<\/p>\n<p>Les <a href=\"https:\/\/lesjardinsdecandie.com\/\" target=\"_blank\" rel=\"noopener\">Jardins de Candie<\/a>. 17 Chem. de la Saudrune, 31100 Toulouse#2. L\u2019\u00c9ph\u00e9m\u00e8re Guinguette, \u00e0 Lacroix-Falgarde\u00a0<br \/>\n    <img   decoding=\"async\" loading=\"lazy\" src=\"https:\/\/www.europesays.com\/fr\/wp-content\/uploads\/2025\/07\/ephemere-guinguette-01-960x640.jpeg\" alt=\"Pour consolider sa tr\u00e9sorerie, l'\u00c9ph\u00e9m\u00e8re guinguette organise une soir\u00e9e de soutien avant le d\u00e9but de sa saison \u00e0 Lacroix-Falgarde pr\u00e8s de Toulouse.\" width=\"960\" height=\"640\"\/><br \/>\n    L\u2019Eph\u00e9m\u00e8re Guinugette, c\u2019est une institution bien connu \u00e0 Lacroix-Falgarde. (\u00a9Eph\u00e9m\u00e8re guinguette)<\/p>\n<p class=\" wall-content\">\u00c0 Lacroix-Falgarde, <strong>L\u2019\u00c9ph\u00e9m\u00e8re Guinguette<\/strong> est de retour pour une 14e saison ! Associative, authentique et festive, cette guinguette \u00e0 l\u2019ombre des grands arbres et au bord de l\u2019Ari\u00e8ge programmera des concerts chaque vendredi et samedi, tout au long de l\u2019\u00e9t\u00e9, jusqu\u2019au 31 ao\u00fbt. En cuisine, les \u00e9quipes du Verdoyant \u00e9ph\u00e9m\u00e8re s\u2019activent pour proposer des plats traditionnels, faits maison avec le maximum de produits locaux.\u00a0<\/p>\n<p><a href=\"https:\/\/www.lephemereguinguette.com\/\" target=\"_blank\" rel=\"noopener\">L\u2019\u00c9ph\u00e9m\u00e8re Guinguette<\/a>. Les Ramiers, 31120 Lacroix-Falgarde#3. Le Domaine Py-R<br \/>\n    <img   decoding=\"async\" loading=\"lazy\" src=\"https:\/\/www.europesays.com\/fr\/wp-content\/uploads\/2025\/05\/domaine-pyr-toulouse-960x640.jpg\" alt=\"Le restaurant d'\u00e9t\u00e9 de Pierre Lambinon peut accueillir une centaine de convives. \" width=\"960\" height=\"640\"\/><br \/>\n    Le restaurant d\u2019\u00e9t\u00e9 de Pierre Lambinon peut accueillir une centaine de convives. (\u00a9Mathieu Pujol)<\/p>\n<p class=\" wall-content\">C\u2019est une adresse tr\u00e8s pris\u00e9e d\u00e8s le retour des beaux jours. Situ\u00e9 \u00e0 Montastruc-la-Conseill\u00e8re (Haute-Garonne), \u00e0 environ 20 minutes en voiture de la Ville rose, le<strong> Domaine Py-r,<\/strong> le restaurant d\u2019\u00e9t\u00e9 du chef doublement \u00e9toil\u00e9 Pierre Lambinon, a rouvert ses portes pour une troisi\u00e8me saison.\u00a0 Le cadre n\u2019a pas chang\u00e9 : il est toujours aussi \u00e9poustouflant ! Car le Domaine Py-r, c\u2019est d\u2019abord un lieu : une magnifique propri\u00e9t\u00e9 situ\u00e9e en pleine nature, \u00e0 l\u2019\u00e9cart de l\u2019agitation, au milieu des ch\u00eanes centenaires\u2026 et avec vue splendide sur la campagne environnante. Au-del\u00e0 du cadre, c\u2019est aussi un lieu appr\u00e9ci\u00e9 des fins gourmets. Car c\u00f4t\u00e9 cuisine, Pierre Lambinon souhaite continuer \u00e0 apporter sa signature : une touche gastronomique aux mets propos\u00e9s aux convives.<\/p>\n<p><a href=\"https:\/\/www.py-r.com\/DomainePy-R.html\" target=\"_blank\" rel=\"noopener\">Le Domaine Py-r.<\/a> Lieu dit Esquirolis, route de Roqueseri\u00e8re, 31380 Montastruc-la-Conseill\u00e8re. Restaurant d\u2019\u00e9t\u00e9 en ext\u00e9rieur ouvert du mercredi au dimanche#4. Le H\u00e9ron Glouton<br \/>\n    <img   decoding=\"async\" loading=\"lazy\" src=\"https:\/\/www.europesays.com\/fr\/wp-content\/uploads\/2025\/07\/369187977-612565530916279-901941825850178022-n-960x640.jpg\" alt=\"La guinguette Le H\u00e9ron Glouton, \u00e0 Portet-sur-Garonne, a rouvert fin mai 2024, et le restera jusqu'au 24 ao\u00fbt.\" width=\"960\" height=\"640\"\/><br \/>\n    La guinguette Le H\u00e9ron Glouton, \u00e0 Portet-sur-Garonne, a rouvert fin mai 2024, et le restera jusqu\u2019au 24 ao\u00fbt. (\u00a9Le H\u00e9ron Glouton)<\/p>\n<p class=\" wall-content\">Pour la troisi\u00e8me ann\u00e9e cons\u00e9cutive, la guinguette \u00e9ph\u00e9m\u00e8re <strong>\u00ab\u00a0Le H\u00e9ron Glouton<\/strong>\u00a0\u00bb revient sur les berges de Garonne et rouvre ses portes en bas des all\u00e9es du Baron Ritay, \u00e0 Portet-sur-Garonne. On peut y siroter un cocktail, d\u00e9guster une cr\u00eape, grignoter, ou partager certains dimanches, un brunch entre amis\u2026 la guinguette propose une carte mijot\u00e9e avec des produits de saison et locaux ! Et elle est ouverte jusqu\u2019au dimanche 24 ao\u00fbt !\u00a0<\/p>\n<p><a href=\"https:\/\/heronglouton.fr\/\" target=\"_blank\" rel=\"noopener\">Le H\u00e9ron Glouton<\/a>. Promenade du Baron Ritay, \u00e0 Portet sur Garonne#5. Chez Jojo et Paulette<br \/>\n    <img   decoding=\"async\" loading=\"lazy\" src=\"https:\/\/www.europesays.com\/fr\/wp-content\/uploads\/2025\/07\/chez-jojo-et-paulette-guinguette-verfeil-toulouse-gl-960x640.jpg\" alt=\"Unique dans la r\u00e9gion de Toulouse, la guinguette Chez Jojo et Paulette ouvre dimanche 14 mai 2023 pour une nouvelle saison\" width=\"960\" height=\"640\"\/><br \/>\n    Unique dans la r\u00e9gion de Toulouse, la guinguette Chez Jojo et Paulette ouvre dimanche 14 mai 2023 pour une nouvelle saison (\u00a9Guillaume Laurens \/ Actu Toulouse)<\/p>\n<p class=\" wall-content\">Surplombant les rives du lac du Laragou, \u00e0 Verfeil (Haute-Garonne), cette guinguette saisonni\u00e8re \u00e0 l\u2019ambiance champ\u00eatre m\u00e9rite le d\u00e9tour. Cet \u00e9t\u00e9, l\u2019\u00e9tablissement, qui peut accueillir une centaine de couverts, proposera une belle s\u00e9lection de tapas, du mercredi au dimanche soir.<\/p>\n<p><a href=\"https:\/\/www.facebook.com\/GuinguetteChezJojoEtPaulette\/?_rdr\" target=\"_blank\" rel=\"noopener\">Chez Jojo et Paulette<\/a>. Lac du laragou, 31590 Verfeil#6. Le Gros Arbre<br \/>\n    <img   decoding=\"async\" loading=\"lazy\" src=\"https:\/\/www.europesays.com\/fr\/wp-content\/uploads\/2025\/07\/le-gros-arbre-960x640.jpg\" alt=\"La guinguette toulousaine \" width=\"960\" height=\"640\"\/><br \/>\n    La guinguette toulousaine \u00ab\u00a0Le Gros Arbre\u00a0\u00bb est de retour pr\u00e8s du bassin des Filtres. (\u00a9Sylvain Denis Sylvain Denis)<\/p>\n<p class=\" wall-content\">La Guinguette <strong>le Gros Arbre<\/strong> vous accueille toute l\u2019ann\u00e9e dans un cadre chaleureux et authentique, au c\u0153ur du quartier des Amidonniers. Install\u00e9e dans une maison des Voies Navigables de France, elle offre une vue imprenable sur le bassin des Filtres. Sous l\u2019ombre d\u2019un majestueux c\u00e8dre, on y profite d\u2019une cuisine fran\u00e7aise traditionnelle, pr\u00e9par\u00e9e avec des produits frais et locaux. Pas mal pour passer un bon moment dans la verdure\u2026 tout en restant en ville !\u00a0<\/p>\n<p><a href=\"https:\/\/www.facebook.com\/Legrosarbreamidonniertoulouse\/?locale=fr_FR\" target=\"_blank\" rel=\"noopener\">Le Gros Arbre<\/a>. 110 Rue des Amidonniers, Toulouse#7. Iris, une guinguette dans un jardin\u00a0<br \/>\n    <img   decoding=\"async\" loading=\"lazy\" src=\"https:\/\/www.europesays.com\/fr\/wp-content\/uploads\/2025\/07\/toulouse-guinguette-iris-960x640.jpg\" alt=\"Iris, la toute nouvelle guinguette \u00e0 retrouver dans le jardin Michelet \u00e0 Toulouse.\" width=\"960\" height=\"640\"\/><br \/>\n    Iris, la toute nouvelle guinguette \u00e0 retrouver dans le jardin Michelet \u00e0 Toulouse. (\u00a9Marie Lamarque \/ Actu Toulouse)<\/p>\n<p class=\" wall-content\">C\u2019est l\u2019une des nouvelles guinguettes de la saison \u00e0 Toulouse ! Ouverte depuis le 12 juin, la guinguette <strong>Iris<\/strong> est install\u00e9e dans un endroit bucolique, le Jardin Michelet, jardin public bien connu des habitants du quartier, situ\u00e9 non loin de la gare Matabiau.\u00a0 \u00c0 sa t\u00eate ? Deux jeunes hommes \u00e2g\u00e9s de 21 ans, Antoine et Thomas, qui ouvrent tous les deux leur premi\u00e8re affaire ! \u00c0 la carte, place \u00e0 la cuisine grecque et m\u00e9diterran\u00e9enne, fra\u00eeche et ensoleill\u00e9e : des recettes authentiques, des produits de qualit\u00e9, et une envie simple de vous faire plaisir. Une guinguette qui dispose de 65 places assises, \u00e0 tester d\u2019urgence, donc !\u00a0<\/p>\n<p><a href=\"https:\/\/www.instagram.com\/irisguinguette\/\" target=\"_blank\" rel=\"noopener\">Iris guinguette<\/a>. Dans le Jardin Michelet, Rue Saint Laurent, \u00e0 Toulouse.\u00a0#8. La guinguette du BBT\u00a0<br \/>\n    <img   decoding=\"async\" loading=\"lazy\" src=\"https:\/\/www.europesays.com\/fr\/wp-content\/uploads\/2025\/07\/goguette-et-cie-cornebarrieu-toulouse-lf-960x640-960x640.jpg\" alt=\"Goguette et Compagnie se trouve dans un parc qui surplombe la vall\u00e9e, avec des beaux points de vue. \" width=\"960\" height=\"640\"\/><br \/>\n    La Guinguette du BBT se trouve dans un parc qui surplombe la vall\u00e9e, avec des beaux points de vue. (\u00a9Lucie Fraisse\/Actu Toulouse)<\/p>\n<p class=\" wall-content\">Dans le parc du ch\u00e2teau d\u2019En-Haut \u00e0 Cornebarrieu, la <strong>guinguette du BBT<\/strong> vous offre une vue panoramique sur les Pyr\u00e9n\u00e9es et vous propose de vous r\u00e9galer avec des bi\u00e8res locales, des pizzas napolitaines, pintxos et braseros. Un lieu de partage et de convivialit\u00e9 !\u00a0<\/p>\n<p><a href=\"https:\/\/www.brasseur-toulousain.fr\/la-guinguette-bbt\/\" target=\"_blank\" rel=\"noopener\">La Guinguette du BBT<\/a>. 1 Av. de Versailles, 31700 Cornebarrieu#9. La Gragnaguette<br \/>\n    <img   decoding=\"async\" loading=\"lazy\" src=\"https:\/\/www.europesays.com\/fr\/wp-content\/uploads\/2025\/07\/20220531-171829-960x640.jpg\" alt=\"La Gragnaguette, c'est aussi un incontournable ! \" width=\"960\" height=\"640\"\/><br \/>\n    La Gragnaguette, c\u2019est aussi un incontournable ! (\u00a9David Saint-Sernin \/ Actu Toulouse)<\/p>\n<p class=\" wall-content\">Restaurant l\u2019hiver, guinguette l\u2019\u00e9t\u00e9\u2026 <strong>La Gragnaguette<\/strong> cartonne depuis plusieurs saisons. \u00c0 tel point que le lieu, \u00e0 la base \u00e9ph\u00e9m\u00e8re, est d\u00e9sormais ouvert \u00e0 l\u2019ann\u00e9e ! Cet \u00e9t\u00e9, une jolie carte de grillades (viandes ou poissons), de salades et de burgers vous attend, du mercredi midi au dimanche soir, \u00e0 Gragnague. Le gros plus ? La piscine, dont peuvent profiter les clients du midi ! R\u00e9servation indispensable.\u00a0<\/p>\n<p><a href=\"https:\/\/lagragnaguette.com\/\" target=\"_blank\" rel=\"noopener\">La Gragnaguette<\/a>. 100 Rte de l\u2019Argou, 31380 Gragnague#10. Brasa\u00a0<br \/>\n    <img   decoding=\"async\" loading=\"lazy\" src=\"https:\/\/www.europesays.com\/fr\/wp-content\/uploads\/2025\/07\/brasa-table-960x640.jpg\" alt=\"Partage garanti autour de cette grande tabl\u00e9e de 40 personnes.\" width=\"960\" height=\"640\"\/><br \/>\n    Partage garanti autour de cette grande tabl\u00e9e de 40 personnes. (\u00a9J\u00e9r\u00e9mie Moles)<\/p>\n<p class=\" wall-content\"><strong>Brasa<\/strong>, c\u2019est le nom du nouvel \u00e9tablissement install\u00e9 dans un joli cadre : celui du ch\u00e2teau de la Th\u00e9gra, \u00e0 Balma. Ici, les clients sont accueillis autour du grand brasero, o\u00f9 les c\u00f4tes de b\u0153uf, gambas flamb\u00e9es ou encore magret de canard grillent lentement mais s\u00fbrement. Plusieurs tentes berb\u00e8res sont accessibles, ainsi que des pergolas et un terrain de p\u00e9tanque. La carte se d\u00e9cline aussi en mets \u00e0 partager ou en tapas\u00a0pour l\u2019afterwork, d\u00e8s 18\u00a0heures.\u00a0Une carte de cocktails a \u00e9t\u00e9 \u00e9labor\u00e9e pour l\u2019ap\u00e9ritif.\u00a0<\/p>\n<p>\u00a0<a href=\"https:\/\/www.instagram.com\/brasa.toulouse\/?hl=fr\" target=\"_blank\" rel=\"noopener\">Brasa<\/a>. 62 Rte de Gaur\u00e9, 31130 Balma<\/p>\n<p class=\" wall-content\">Suivez toute l\u2019actualit\u00e9 de vos villes et m\u00e9dias favoris en vous inscrivant \u00e0 <a href=\"https:\/\/moncompte.actu.fr\" title=\"D\u00e9couvez Mon Actu\" rel=\"nofollow noopener\" data-trk=\"{&quot;cta&quot;:{&quot;action&quot;:&quot;https:\\\/\\\/moncompte.actu.fr&quot;,&quot;category&quot;:&quot;mon compte&quot;,&quot;from&quot;:&quot;article footer&quot;,&quot;name&quot;:&quot;Mon actu&quot;,&quot;type&quot;:&quot;cta&quot;}}\" target=\"_blank\">Mon Actu<\/a>.<\/p>\n<ul class=\"ac-article-tag wall-content\">\n<li><a href=\"https:\/\/actu.fr\/tag\/guinguettes-a-toulouse\" data-trk=\"{&quot;cta&quot;:{&quot;action&quot;:&quot;Guinguettes \\u00e0 Toulouse&quot;,&quot;category&quot;:&quot;tag&quot;,&quot;from&quot;:&quot;article footer&quot;,&quot;name&quot;:&quot;Guinguettes \\u00e0 Toulouse&quot;,&quot;type&quot;:&quot;cta&quot;}}\" target=\"_blank\" rel=\"noopener\">#Guinguettes \u00e0 Toulouse<\/a><\/li>\n<li><a href=\"https:\/\/actu.fr\/tag\/sortir-a-toulouse\" data-trk=\"{&quot;cta&quot;:{&quot;action&quot;:&quot;Sortir \\u00e0 Toulouse&quot;,&quot;category&quot;:&quot;tag&quot;,&quot;from&quot;:&quot;article footer&quot;,&quot;name&quot;:&quot;Sortir \\u00e0 Toulouse&quot;,&quot;type&quot;:&quot;cta&quot;}}\" target=\"_blank\" rel=\"noopener\">#Sortir \u00e0 Toulouse<\/a><\/li>\n<\/ul>\n<p>                    <script async src=\"\/\/www.instagram.com\/embed.js\"><\/script><\/p>\n","protected":false},"excerpt":{"rendered":"Par Gabriel Kenedi Publi\u00e9 le 8 juil. 2025 \u00e0 17h07 Dans la jungle des guinguettes, il est parfois&hellip;\n","protected":false},"author":2,"featured_media":235418,"comment_status":"","ping_status":"","sticky":false,"template":"","format":"standard","meta":{"footnotes":""},"categories":[2816],"tags":[1111,11,1777,674,1011,27,14574,1652,12,2680,25,1341,2312],"class_list":{"0":"post-235417","1":"post","2":"type-post","3":"status-publish","4":"format-standard","5":"has-post-thumbnail","7":"category-toulouse","8":"tag-actu","9":"tag-actualites","10":"tag-eu","11":"tag-europe","12":"tag-fr","13":"tag-france","14":"tag-guinguettes-a-toulouse","15":"tag-loisirs-culture","16":"tag-news","17":"tag-occitanie","18":"tag-republique-francaise","19":"tag-sortir-a-toulouse","20":"tag-toulouse"},"share_on_mastodon":{"url":"https:\/\/pubeurope.com\/@fr\/114818294072595477","error":""},"_links":{"self":[{"href":"https:\/\/www.europesays.com\/fr\/wp-json\/wp\/v2\/posts\/235417","targetHints":{"allow":["GET"]}}],"collection":[{"href":"https:\/\/www.europesays.com\/fr\/wp-json\/wp\/v2\/posts"}],"about":[{"href":"https:\/\/www.europesays.com\/fr\/wp-json\/wp\/v2\/types\/post"}],"author":[{"embeddable":true,"href":"https:\/\/www.europesays.com\/fr\/wp-json\/wp\/v2\/users\/2"}],"replies":[{"embeddable":true,"href":"https:\/\/www.europesays.com\/fr\/wp-json\/wp\/v2\/comments?post=235417"}],"version-history":[{"count":0,"href":"https:\/\/www.europesays.com\/fr\/wp-json\/wp\/v2\/posts\/235417\/revisions"}],"wp:featuredmedia":[{"embeddable":true,"href":"https:\/\/www.europesays.com\/fr\/wp-json\/wp\/v2\/media\/235418"}],"wp:attachment":[{"href":"https:\/\/www.europesays.com\/fr\/wp-json\/wp\/v2\/media?parent=235417"}],"wp:term":[{"taxonomy":"category","embeddable":true,"href":"https:\/\/www.europesays.com\/fr\/wp-json\/wp\/v2\/categories?post=235417"},{"taxonomy":"post_tag","embeddable":true,"href":"https:\/\/www.europesays.com\/fr\/wp-json\/wp\/v2\/tags?post=235417"}],"curies":[{"name":"wp","href":"https:\/\/api.w.org\/{rel}","templated":true}]}}