{"id":235433,"date":"2025-07-08T15:29:12","date_gmt":"2025-07-08T15:29:12","guid":{"rendered":"https:\/\/www.europesays.com\/fr\/235433\/"},"modified":"2025-07-08T15:29:12","modified_gmt":"2025-07-08T15:29:12","slug":"trenitalia-concurrent-de-la-sncf-renforce-son-offre-de-trains-entre-paris-et-lyon-cet-ete","status":"publish","type":"post","link":"https:\/\/www.europesays.com\/fr\/235433\/","title":{"rendered":"Trenitalia, concurrent de la SNCF, renforce son offre de trains entre Paris et Lyon cet \u00e9t\u00e9"},"content":{"rendered":"<p>            Par<br \/>\n        <strong><br \/>\n            <a href=\"https:\/\/actu.fr\/auteur\/redaction-paris\" title=\"Consulter tous les articles de R\u00e9daction Paris\" target=\"_blank\" rel=\"noopener\">R\u00e9daction Paris<\/a><br \/>\n        <\/strong><\/p>\n<p>        Publi\u00e9 le<\/p>\n<p>            8 juil. 2025 \u00e0 16h00        <\/p>\n<p>D\u00e9j\u00e0 bien implant\u00e9e sur le territoire, <a href=\"https:\/\/actu.fr\/tag\/trenitalia\" target=\"_blank\" rel=\"noopener\">Trenitalia<\/a> continue sa mont\u00e9e en puissante. La compagnie ferroviaire italienne a annonc\u00e9 que depuis le 15\u00a0juin 2025, \u00ab\u2009jusqu\u2019\u00e0 <strong>19 trains par jour<\/strong>\u2009\u00bb circulent entre Paris et Lyon, l\u2019un des axes \u00ab\u2009les plus fr\u00e9quent\u00e9s de France\u2009\u00bb.<\/p>\n<p>Une hausse de 40\u2009% du trafic<\/p>\n<p class=\" wall-content\">Concr\u00e8tement, cela signifie que chaque jour, <strong>un aller-retour<\/strong> <strong>en plus<\/strong> est effectu\u00e9 entre <a href=\"https:\/\/actu.fr\/tag\/gare-de-lyon\" target=\"_blank\" rel=\"noopener\">Paris gare de Lyon<\/a> et Lyon Part-Dieu, \u00ab\u2009ainsi que la nouvelle ligne Paris \u2013 Marseille en service depuis le 15\u00a0juin, qui marque un arr\u00eat \u00e0 Lyon Saint-Exup\u00e9ry\u2009\u00bb, pr\u00e9cise le principal concurrent de la <a href=\"https:\/\/actu.fr\/tag\/sncf\" target=\"_blank\" rel=\"noopener\">SNCF<\/a>.<\/p>\n<p class=\" wall-content\">Entre\u00a02023 et\u00a02024, l\u2019entreprise a remarqu\u00e9 une hausse de 40\u2009% du trafic entre Paris et Lyon. D\u00e9cision a donc \u00e9t\u00e9 prise d\u2019adapter l\u2019offre afin qu\u2019elle <strong>couvre toute la journ\u00e9e<\/strong>. \u00ab\u2009Les voyageurs b\u00e9n\u00e9ficient de d\u00e9parts matinaux id\u00e9aux pour les professionnels, ainsi que de nouvelles options en fin d\u2019apr\u00e8s-midi\u2009\u00bb, d\u00e9taille Trenitalia.<\/p>\n<p>    <img   decoding=\"async\" loading=\"lazy\" src=\"https:\/\/www.europesays.com\/fr\/wp-content\/uploads\/2025\/07\/sans-titre-3-960x635.png\" alt=\"La grille horaire des trains entre Paris et Lyon du 15 juin au 13 d\u00e9cembre 2025.\" width=\"960\" height=\"635\"\/><br \/>\n    La grille horaire des trains entre Paris et Lyon du 15\u00a0juin au 13\u00a0d\u00e9cembre 2025. (\u00a9Trenitalia)<\/p>\n<p class=\" wall-content\">Les <strong>billets<\/strong> de cette nouvelle offre sont d\u2019ores et d\u00e9j\u00e0 disponibles \u00e0 la r\u00e9servation sur les plateformes habituelles.<\/p>\n<p>Vid\u00e9os : en ce moment sur Actu<\/p>\n<p class=\" wall-content\">Suivez toute l\u2019actualit\u00e9 de vos villes et m\u00e9dias favoris en vous inscrivant \u00e0 <a href=\"https:\/\/moncompte.actu.fr\" title=\"D\u00e9couvez Mon Actu\" rel=\"nofollow noopener\" data-trk=\"{&quot;cta&quot;:{&quot;action&quot;:&quot;https:\\\/\\\/moncompte.actu.fr&quot;,&quot;category&quot;:&quot;mon compte&quot;,&quot;from&quot;:&quot;article footer&quot;,&quot;name&quot;:&quot;Mon actu&quot;,&quot;type&quot;:&quot;cta&quot;}}\" target=\"_blank\">Mon Actu<\/a>.<\/p>\n","protected":false},"excerpt":{"rendered":"Par R\u00e9daction Paris Publi\u00e9 le 8 juil. 2025 \u00e0 16h00 D\u00e9j\u00e0 bien implant\u00e9e sur le territoire, Trenitalia continue&hellip;\n","protected":false},"author":2,"featured_media":235434,"comment_status":"","ping_status":"","sticky":false,"template":"","format":"standard","meta":{"footnotes":""},"categories":[1888],"tags":[1111,1928,11,1927,1777,674,1011,27,12,1926,626,1925,25,2215,104,2803,7582],"class_list":{"0":"post-235433","1":"post","2":"type-post","3":"status-publish","4":"format-standard","5":"has-post-thumbnail","7":"category-paris","8":"tag-actu","9":"tag-actu-paris","10":"tag-actualites","11":"tag-actualites-paris","12":"tag-eu","13":"tag-europe","14":"tag-fr","15":"tag-france","16":"tag-news","17":"tag-news-paris","18":"tag-paris","19":"tag-paris-news","20":"tag-republique-francaise","21":"tag-sncf","22":"tag-societe","23":"tag-transport","24":"tag-trenitalia"},"share_on_mastodon":{"url":"https:\/\/pubeurope.com\/@fr\/114818329089885208","error":""},"_links":{"self":[{"href":"https:\/\/www.europesays.com\/fr\/wp-json\/wp\/v2\/posts\/235433","targetHints":{"allow":["GET"]}}],"collection":[{"href":"https:\/\/www.europesays.com\/fr\/wp-json\/wp\/v2\/posts"}],"about":[{"href":"https:\/\/www.europesays.com\/fr\/wp-json\/wp\/v2\/types\/post"}],"author":[{"embeddable":true,"href":"https:\/\/www.europesays.com\/fr\/wp-json\/wp\/v2\/users\/2"}],"replies":[{"embeddable":true,"href":"https:\/\/www.europesays.com\/fr\/wp-json\/wp\/v2\/comments?post=235433"}],"version-history":[{"count":0,"href":"https:\/\/www.europesays.com\/fr\/wp-json\/wp\/v2\/posts\/235433\/revisions"}],"wp:featuredmedia":[{"embeddable":true,"href":"https:\/\/www.europesays.com\/fr\/wp-json\/wp\/v2\/media\/235434"}],"wp:attachment":[{"href":"https:\/\/www.europesays.com\/fr\/wp-json\/wp\/v2\/media?parent=235433"}],"wp:term":[{"taxonomy":"category","embeddable":true,"href":"https:\/\/www.europesays.com\/fr\/wp-json\/wp\/v2\/categories?post=235433"},{"taxonomy":"post_tag","embeddable":true,"href":"https:\/\/www.europesays.com\/fr\/wp-json\/wp\/v2\/tags?post=235433"}],"curies":[{"name":"wp","href":"https:\/\/api.w.org\/{rel}","templated":true}]}}