{"id":235444,"date":"2025-07-08T15:35:13","date_gmt":"2025-07-08T15:35:13","guid":{"rendered":"https:\/\/www.europesays.com\/fr\/235444\/"},"modified":"2025-07-08T15:35:13","modified_gmt":"2025-07-08T15:35:13","slug":"lambassadeur-des-etats-unis-souligne-les-piliers-de-la-cooperation-avec-le-vietnam","status":"publish","type":"post","link":"https:\/\/www.europesays.com\/fr\/235444\/","title":{"rendered":"L&rsquo;ambassadeur des \u00c9tats-Unis souligne les piliers de la coop\u00e9ration avec le Vietnam"},"content":{"rendered":"<p>&#13;<br \/>\n                        L&rsquo;ambassadeur des \u00c9tats-Unis souligne les piliers de la coop\u00e9ration avec le Vietnam&#13;\n                    <\/p>\n<p style=\"text-align:\">L&rsquo;ambassadeur des \u00c9tats-Unis au Vietnam, Marc E. Knapper, a pr\u00e9sent\u00e9 les piliers de la coop\u00e9ration am\u00e9ricano-vietnamienne lors d&rsquo;une rencontre avec la presse \u00e0 Hano\u00ef le 8 juillet, \u00e0 l&rsquo;occasion du 30e anniversaire de l&rsquo;\u00e9tablissement des relations diplomatiques (12 juillet 1995-2025).<\/p>\n<p><a href=\"https:\/\/lecourrier.vn\/vietnam-etats-unis-conversation-telephonique-entre-to-lam-et-donald-trump\/1286069.html\" title=\"Vietnam - \u00c9tats-Unis : conversation t\u00e9l\u00e9phonique entre T\u00f4 L\u00e2m et Donald Trump\" target=\"_blank\" rel=\"noopener\">&gt;&gt; Vietnam &#8211; \u00c9tats-Unis : conversation t\u00e9l\u00e9phonique entre T\u00f4 L\u00e2m et Donald Trump<\/a><\/p>\n<p><a href=\"https:\/\/lecourrier.vn\/un-signal-positif-pour-le-commerce-exterieur-du-vietnam\/1286112.html\" title=\"Un signal positif pour le commerce ext\u00e9rieur du Vietnam\" target=\"_blank\" rel=\"noopener\">&gt;&gt; Un signal positif pour le commerce ext\u00e9rieur du Vietnam<\/a><\/p>\n<p><a href=\"https:\/\/lecourrier.vn\/vietnam-etats-unis-se-collaborer-pour-concretiser-le-contenu-des-discussions-de-haut-niveau\/1286122.html\" title=\"Vietnam - \u00c9tats-Unis : se collaborer pour concr\u00e9tiser le contenu des discussions de haut niveau\" target=\"_blank\" rel=\"noopener\">&gt;&gt; Vietnam &#8211; \u00c9tats-Unis : se collaborer pour concr\u00e9tiser le contenu des discussions de haut niveau<\/a><\/p>\n<p><a href=\"https:\/\/lecourrier.vn\/felicitations-aux-etats-unis-pour-le-249e-anniversaire-de-lindependance\/1286216.html\" title=\"F\u00e9licitations aux \u00c9tats-Unis pour le 249&lt;sup&gt;e&lt;\/sup&gt; anniversaire de l&#039;ind\u00e9pendance\" target=\"_blank\" rel=\"noopener\">&gt;&gt; F\u00e9licitations aux \u00c9tats-Unis pour le 249e anniversaire de l&rsquo;ind\u00e9pendance<\/a><\/p>\n<tr>\n<td class=\"pic\"><img decoding=\"async\" class=\"lazyload\" src=\"https:\/\/www.europesays.com\/fr\/wp-content\/uploads\/2025\/07\/210223-asian-esports-games-2024.jpg\" alt=\"\"\/><\/td>\n<\/tr>\n<tr>\n<td class=\"caption\">L&rsquo;ambassadeur des \u00c9tats-Unis au Vietnam, Marc E. Knapper.\u00a0<\/td>\n<\/tr>\n<tr align=\"right\">\n<td class=\"author\">Photo : VNA\/CVN<\/td>\n<\/tr>\n<p style=\"text-align:left\">L&rsquo;ambassadeur des \u00c9tats-Unis au Vietnam, Marc E. Knapper, a pr\u00e9sent\u00e9 les piliers de la coop\u00e9ration am\u00e9ricano-vietnamienne lors d&rsquo;une rencontre avec la presse \u00e0 Hano\u00ef le 8 juillet, \u00e0 l&rsquo;occasion du 30e anniversaire de l&rsquo;\u00e9tablissement des relations diplomatiques (12 juillet 1995-2025).<\/p>\n<p style=\"text-align:left\"><b>Principaux piliers de la coop\u00e9ration<\/b><\/p>\n<p style=\"text-align:left\">Le diplomate a mis en avant les nombreux piliers de la coop\u00e9ration entre les deux pays. Sur le plan \u00e9conomique, le Vietnam est actuellement le huiti\u00e8me partenaire commercial des \u00c9tats-Unis, et les \u00c9tats-Unis sont leur premier march\u00e9 d&rsquo;accueil. Le Sommet d&rsquo;investissement SelectUSA 2025 a accueilli plus de 100 investisseurs vietnamiens, soit la plus importante d\u00e9l\u00e9gation vietnamienne \u00e0 ce jour.<\/p>\n<p style=\"text-align:left\">Dans le domaine de l&rsquo;\u00e9ducation, il a indiqu\u00e9 que le Vietnam est la sixi\u00e8me source d&rsquo;\u00e9tudiants \u00e9trangers aux \u00c9tats-Unis, avec environ 30.000 \u00e9tudiants. Si l&rsquo;on inclut les formations de courte dur\u00e9e, ce chiffre s&rsquo;\u00e9l\u00e8ve \u00e0 environ 300.000. Par ailleurs, une d\u00e9l\u00e9gation de 21 universit\u00e9s am\u00e9ricaines s&rsquo;est rendue au Vietnam en avril dernier. 20 d&rsquo;entre elles discutent activement de mesures visant \u00e0 accro\u00eetre les \u00e9changes \u00e9tudiants et universitaires.<\/p>\n<p style=\"text-align:left\">Le programme Fulbright am\u00e9ricain, incluant l&rsquo;Universit\u00e9 Fulbright Vietnam, demeure une initiative phare soutenue par les deux gouvernements.<\/p>\n<p style=\"text-align:left\">Selon l&rsquo;ambassadeur, les \u00c9tats-Unis s&rsquo;engagent \u00e0 soutenir le Vietnam dans son initiative visant \u00e0 faire de l&rsquo;anglais la deuxi\u00e8me langue \u00e0 l&rsquo;\u00e9cole, consid\u00e9rant qu&rsquo;il s&rsquo;agit d&rsquo;une \u00e9tape cruciale ouvrant des perspectives dans les domaines des technologies de pointe et de l&rsquo;\u00e9ducation.<\/p>\n<p style=\"text-align:left\">La coop\u00e9ration en mati\u00e8re de sant\u00e9 est devenue un autre pilier des relations bilat\u00e9rales, \u00e0 commencer par les efforts conjoints de lutte contre le VIH\/sida dans le cadre du Plan d\u2019urgence du pr\u00e9sident des \u00c9tats-Unis pour la lutte contre le SIDA (PEPFAR) en 2005, puis \u00e9largie \u00e0 la lutte contre la tuberculose et le COVID-19.<\/p>\n<p style=\"text-align:left\">Il a rappel\u00e9 la fourniture par le Vietnam d&rsquo;\u00e9quipements de protection aux \u00c9tats-Unis en cas de besoin, suivie du don par les \u00c9tats-Unis de 44 millions de doses de vaccin Pfizer contre le COVID-19. L&rsquo;ambassadeur a soulign\u00e9 que la coop\u00e9ration en mati\u00e8re de surveillance m\u00e9dicale constituerait un aspect important pour faire face aux futures pand\u00e9mies.<\/p>\n<p style=\"text-align:left\">Selon le diplomate, la d\u00e9fense constitue \u00e9galement un autre pilier important de la coop\u00e9ration. Par ailleurs, la d\u00e9claration conjointe sur le renforcement des relations entre le Vietnam et les \u00c9tats-Unis au niveau d&rsquo;un partenariat strat\u00e9gique global en septembre 2023 a mis l&rsquo;accent sur la coop\u00e9ration dans les hautes technologies, notamment les semi-conducteurs. Les \u00c9tats-Unis soutiennent des universit\u00e9s telles que l&rsquo;Universit\u00e9 d&rsquo;\u00c9tat de l&rsquo;Arizona (ASU) dans leur collaboration avec des institutions vietnamiennes afin de d\u00e9velopper l&rsquo;enseignement des hautes technologies. Les universit\u00e9s Purdue et Portland State y participent \u00e9galement activement.<\/p>\n<p style=\"text-align:left\">De plus, des entreprises am\u00e9ricaines forment des travailleurs vietnamiens pour les usines de semi-conducteurs et les entreprises de conception de puces. L&rsquo;objectif est d&rsquo;aider le Vietnam \u00e0 renforcer son r\u00f4le dans la cha\u00eene de valeur mondiale des hautes technologies et \u00e0 exploiter son potentiel pour devenir un p\u00f4le r\u00e9gional et mondial des semi-conducteurs, a-t-il soulign\u00e9.<\/p>\n<tr>\n<td class=\"pic\"><img decoding=\"async\" class=\"lazyload\" src=\"https:\/\/www.europesays.com\/fr\/wp-content\/uploads\/2025\/07\/210418-arena-of-valor.jpg\" alt=\"\"\/><\/td>\n<\/tr>\n<tr>\n<td class=\"caption\">Lors d&rsquo;une r\u00e9union de n\u00e9gociation sur les \u00e9changes commerciaux r\u00e9ciproques entre le Vietnam et les \u00c9tats-Unis en mai dernier.\u00a0<\/td>\n<\/tr>\n<tr align=\"right\">\n<td class=\"author\">Photo : VNA\/CVN<\/td>\n<\/tr>\n<p style=\"text-align:left\">Il a ajout\u00e9 que des dirigeants de g\u00e9ants technologiques tels que Tim Cook (Apple), Jensen Huang (Nvidia) et des dirigeants de Qualcomm se sont rendus au Vietnam, t\u00e9moignant de leur int\u00e9r\u00eat pour l&rsquo;avenir des hautes technologies dans le pays. Il a ainsi exprim\u00e9 la volont\u00e9 des \u00c9tats-Unis de devenir un partenaire fiable du Vietnam dans cette aventure.<\/p>\n<p style=\"text-align:left\">Il a soulign\u00e9 que les 30 derni\u00e8res ann\u00e9es ont permis de renforcer et d&rsquo;approfondir la confiance et la compr\u00e9hension mutuelles, et que les deux pays partagent de nombreux int\u00e9r\u00eats et objectifs communs dans des domaines allant de la sant\u00e9 \u00e0 la cybers\u00e9curit\u00e9 et \u00e0 la lutte contre la criminalit\u00e9 transnationale.<\/p>\n<p style=\"text-align:left\"><b>Pour une prosp\u00e9rit\u00e9 commune<\/b><\/p>\n<p style=\"text-align:left\">Concernant le commerce, l&rsquo;objectif des \u00c9tats-Unis est de maintenir une relation saine et \u00e9quilibr\u00e9e, b\u00e9n\u00e9fique pour les deux pays et favorisant une prosp\u00e9rit\u00e9 partag\u00e9e, a-t-il affirm\u00e9, et il a salu\u00e9 l&rsquo;approche proactive du Vietnam en mati\u00e8re de droits de douane et de commerce.<\/p>\n<p style=\"text-align:left\">Les conversations t\u00e9l\u00e9phoniques entre le secr\u00e9taire g\u00e9n\u00e9ral du Parti communiste vietnamien, T\u00f4 L\u00e2m, et le pr\u00e9sident am\u00e9ricain Donald Trump, ainsi que les activit\u00e9s des d\u00e9l\u00e9gations de haut niveau des deux pays, ont montr\u00e9 que les relations bilat\u00e9rales sont \u00e0 leur meilleur. Washington respecte Hano\u00ef et esp\u00e8re voir les relations bilat\u00e9rales se d\u00e9velopper encore davantage afin de continuer \u00e0 b\u00e9n\u00e9ficier aux deux peuples, a-t-il soulign\u00e9.<\/p>\n<p style=\"text-align:left\">Il a partag\u00e9 l&rsquo;optimisme des chefs d&rsquo;entreprise am\u00e9ricains consid\u00e9rant le Vietnam comme un partenaire, un march\u00e9 et un p\u00f4le industriel, notamment dans le secteur des hautes technologies.<\/p>\n<p style=\"text-align:left\">Selon le diplomate, les r\u00e9cents efforts du Vietnam pour rationaliser les unit\u00e9s administratives et adopter un mod\u00e8le d&rsquo;administration locale \u00e0 deux niveaux am\u00e9lioreront les processus de prise de d\u00e9cision, d&rsquo;approbation des projets et d&rsquo;octroi de licences d&rsquo;investissement.<\/p>\n<p style=\"text-align:left\">L&rsquo;accent mis par le Vietnam sur le renforcement de son secteur priv\u00e9, le d\u00e9veloppement des industries de haute technologie et le d\u00e9veloppement des infrastructures num\u00e9riques en fera un p\u00f4le d&rsquo;attraction pour le commerce et l&rsquo;investissement, a-t-il d\u00e9clar\u00e9, esp\u00e9rant voir davantage d&rsquo;entreprises vietnamiennes investir aux \u00c9tats-Unis.<\/p>\n<p style=\"text-align:left\">Concernant les programmes de reconstruction post-guerre, l&rsquo;ambassadeur a affirm\u00e9 qu&rsquo;ils se poursuivaient. Les programmes li\u00e9s aux munitions non explos\u00e9es, \u00e0 la dioxine et \u00e0 la recherche des soldats am\u00e9ricains disparus ont \u00e9t\u00e9 relanc\u00e9s. Certains programmes ont \u00e9t\u00e9 transf\u00e9r\u00e9s de l&rsquo;Agence am\u00e9ricaine pour le d\u00e9veloppement international (USAID) au D\u00e9partement d&rsquo;\u00c9tat ou au D\u00e9partement de la D\u00e9fense, mais continuent d&rsquo;\u00eatre mis en \u0153uvre avec le soutien ind\u00e9fectible du Congr\u00e8s am\u00e9ricain.<\/p>\n<p style=\"text-align:left\">En conclusion, Marc E. Knapper a exprim\u00e9 sa ferme conviction quant \u00e0 l&rsquo;avenir d&rsquo;une coop\u00e9ration et d&rsquo;un d\u00e9veloppement renforc\u00e9s entre les deux pays.<\/p>\n<p style=\"text-align:right\"><b>VNA\/CVN<\/b><\/p>\n","protected":false},"excerpt":{"rendered":"&#13; L&rsquo;ambassadeur des \u00c9tats-Unis souligne les piliers de la coop\u00e9ration avec le Vietnam&#13; L&rsquo;ambassadeur des \u00c9tats-Unis au Vietnam,&hellip;\n","protected":false},"author":2,"featured_media":235445,"comment_status":"","ping_status":"","sticky":false,"template":"","format":"standard","meta":{"footnotes":""},"categories":[1589],"tags":[11,37412,10463,73,1866,37413,12,37238,1864,1865,1863,308],"class_list":{"0":"post-235444","1":"post","2":"type-post","3":"status-publish","4":"format-standard","5":"has-post-thumbnail","7":"category-etats-unis","8":"tag-actualites","9":"tag-ambassadeur-des-etats-unis","10":"tag-cooperation","11":"tag-etats-unis","12":"tag-etats-unis-damerique","13":"tag-marc-e-knapper","14":"tag-news","15":"tag-piliers","16":"tag-united-states","17":"tag-united-states-of-america","18":"tag-us","19":"tag-usa"},"share_on_mastodon":{"url":"https:\/\/pubeurope.com\/@fr\/114818352864231492","error":""},"_links":{"self":[{"href":"https:\/\/www.europesays.com\/fr\/wp-json\/wp\/v2\/posts\/235444","targetHints":{"allow":["GET"]}}],"collection":[{"href":"https:\/\/www.europesays.com\/fr\/wp-json\/wp\/v2\/posts"}],"about":[{"href":"https:\/\/www.europesays.com\/fr\/wp-json\/wp\/v2\/types\/post"}],"author":[{"embeddable":true,"href":"https:\/\/www.europesays.com\/fr\/wp-json\/wp\/v2\/users\/2"}],"replies":[{"embeddable":true,"href":"https:\/\/www.europesays.com\/fr\/wp-json\/wp\/v2\/comments?post=235444"}],"version-history":[{"count":0,"href":"https:\/\/www.europesays.com\/fr\/wp-json\/wp\/v2\/posts\/235444\/revisions"}],"wp:featuredmedia":[{"embeddable":true,"href":"https:\/\/www.europesays.com\/fr\/wp-json\/wp\/v2\/media\/235445"}],"wp:attachment":[{"href":"https:\/\/www.europesays.com\/fr\/wp-json\/wp\/v2\/media?parent=235444"}],"wp:term":[{"taxonomy":"category","embeddable":true,"href":"https:\/\/www.europesays.com\/fr\/wp-json\/wp\/v2\/categories?post=235444"},{"taxonomy":"post_tag","embeddable":true,"href":"https:\/\/www.europesays.com\/fr\/wp-json\/wp\/v2\/tags?post=235444"}],"curies":[{"name":"wp","href":"https:\/\/api.w.org\/{rel}","templated":true}]}}