{"id":235446,"date":"2025-07-08T15:36:11","date_gmt":"2025-07-08T15:36:11","guid":{"rendered":"https:\/\/www.europesays.com\/fr\/235446\/"},"modified":"2025-07-08T15:36:11","modified_gmt":"2025-07-08T15:36:11","slug":"en-visite-officielle-au-royaume-uni-macron-donne-des-gages-pour-reprimer-les-traversees-clandestines-de-la-manche","status":"publish","type":"post","link":"https:\/\/www.europesays.com\/fr\/235446\/","title":{"rendered":"En visite officielle au Royaume-Uni, Macron donne des gages pour r\u00e9primer les travers\u00e9es clandestines de la Manche"},"content":{"rendered":"<p>Pour r\u00e9chauffer les liens entre la France et le Royaume-Uni, rien de tel que la coop\u00e9ration contre les travers\u00e9es clandestines de la Manche. Si une partie des discussions du sommet franco-britannique de cette semaine est consacr\u00e9e \u00e0 la d\u00e9fense, la seconde concerne en effet l\u2019immigration. Apr\u00e8s un accueil royal et deux nuits au ch\u00e2teau de Windsor, Emmanuel Macron c\u00e9l\u00e9brera ce jeudi 10\u00a0juillet en matin\u00e9e le rapprochement avec son voisin Keir Starmer afin de muscler commun\u00e9ment leur lutte contre les sans-papiers.<\/p>\n<p>Comme un prologue \u00e0 ses discussions, la <a href=\"https:\/\/www.humanite.fr\/societe\/manche\/canot-de-migrants-lacere-par-les-gendarmes-une-repression-sous-couvert-doperation-de-sauvetage\" target=\"_blank\" rel=\"noopener\">sc\u00e8ne des gendarmes fran\u00e7ais lac\u00e9rant au couteau un canot pneumatique faisant fuir des dizaines de migrants apeur\u00e9s en partance pour le Royaume-Uni<\/a> a suscit\u00e9 la pol\u00e9mique. Film\u00e9 par la BBC vendredi dernier, l\u2019incident a aussit\u00f4t fait r\u00e9agir le gouvernement britannique, qui s\u2019est r\u00e9joui d\u2019un \u00ab\u00a0durcissement\u00a0\u00bb des pratiques des forces de s\u00e9curit\u00e9 fran\u00e7aises. L\u2019\u00e9v\u00e8nement n\u2019est pas isol\u00e9\u00a0: le 13\u00a0juin dernier, des policiers ont utilis\u00e9 du gaz lacrymog\u00e8ne pour contraindre des familles qui tentaient la travers\u00e9e \u00e0 regagner la plage.<\/p>\n<p>Vers un \u00ab\u00a0changement de doctrine d\u2019intervention\u00a0\u00bb<\/p>\n<p>Parmi les mesures qui seront discut\u00e9es jeudi matin, la France envisagerait d\u2019autoriser policiers et gendarmes \u00e0 intercepter bien au-del\u00e0 des c\u00f4tes les embarcations en direction du Royaume-Uni. \u00ab\u00a0Nous sommes extr\u00eamement pr\u00e9occup\u00e9s\u00a0: de telles pratiques, jusqu\u2019alors interdites, risqueraient d\u2019augmenter le nombre de bless\u00e9s et de morts sur les c\u00f4tes fran\u00e7aises\u00a0\u00bb d\u00e9nonce Micha\u00ebl Neuman, responsable de l\u2019unit\u00e9 migrations \u00e0 M\u00e9decins du monde. Natalie Roberts, directrice g\u00e9n\u00e9rale de l\u2019ONG au Royaume-Uni accuse son pays de \u00ab\u00a0sous-traiter la gestion des fronti\u00e8res aux autorit\u00e9s fran\u00e7aises\u00a0\u00bb, le rendant alors \u00ab\u00a0complice et coresponsable des violences meurtri\u00e8res inflig\u00e9es.\u00a0\u00bb<\/p>\n<p>Cette mesure est pourtant attendue par Downing Street, pour qui la lutte contre l\u2019immigration constitue un enjeu essentiel. <a href=\"https:\/\/www.humanite.fr\/monde\/extreme-droite\/grande-bretagne-lextreme-droite-remporte-une-election-partielle-et-se-targue-detre-desormais-le-parti-dopposition-au-gouvernement-travailliste\" target=\"_blank\" rel=\"noopener\">Sous pression de l\u2019extr\u00eame droite qui ne cesse de monter en puissance<\/a> \u2013 en t\u00e9moigne la victoire historique du parti Reform UK aux derni\u00e8res \u00e9lections locales \u2013 le gouvernement travailliste a multipli\u00e9 ses tentatives de s\u00e9duction\u00a0: en mai dernier, le premier ministre Keir Starmer a promis de \u00ab\u00a0reprendre le contr\u00f4le des fronti\u00e8res\u00a0\u00bb, invoquant le risque que la Grande-Bretagne devienne \u00ab\u00a0une \u00eele d\u2019\u00e9trangers\u00a0\u00bb.<\/p>\n<p>Alors qu\u2019une loi sur la s\u00e9curit\u00e9 des fronti\u00e8res se trouve en cours d\u2019examen au Parlement britannique, Londres fait pression sur Paris pour trouver un accord bilat\u00e9ral. En France, la police n\u2019est autoris\u00e9e \u00e0 intercepter les migrants en pleine mer que dans le but de leur porter secours. Mais une voie a \u00e9t\u00e9 ouverte pour un \u00ab\u00a0changement de doctrine d\u2019intervention\u00a0\u00bb le 27\u00a0f\u00e9vrier dernier, lors d\u2019une conf\u00e9rence de presse du ministre de l\u2019Int\u00e9rieur, Bruno Retailleau, et de son homologue d\u2019outre-manche, Yvette Cooper. Le gouvernement travailliste attend donc des annonces en ce sens lors du sommet.<\/p>\n<p>Selon les derniers chiffres du gouvernement britannique, plus de 21\u00a0000 personnes ont travers\u00e9 la Manche dans la clandestinit\u00e9 depuis le d\u00e9but de l\u2019ann\u00e9e. Avec une r\u00e9pression polici\u00e8re qui s\u2019intensifie, l\u2019utilisation de bateaux de plus en plus petits pour \u00e9chapper aux contr\u00f4les et de plus en plus de candidats au passage, les risques ne cessent de se multiplier. Au moins quinze d\u2019entre eux sont morts avant d\u2019atteindre l\u2019autre rive, \u00e9touff\u00e9s \u00e0 bord des canots ou noy\u00e9s pendant l\u2019embarquement.<\/p>\n<p>Urgence pour l\u2019Humanit\u00e9<br \/>Votre don peut tout changer<\/p>\n<p>Faites vivre un m\u00e9dia libre et engag\u00e9, toujours du c\u00f4t\u00e9 de celles et ceux qui luttent<br \/><a href=\"https:\/\/abonnement.humanite.fr\/don-humanite\/\" data-type=\"link\" data-id=\"https:\/\/stage.preprod.humanite.fr\/lhumanite-cest-vous\" target=\"_blank\" rel=\"noopener\">Je veux en savoir plus<\/a><\/p>\n","protected":false},"excerpt":{"rendered":"Pour r\u00e9chauffer les liens entre la France et le Royaume-Uni, rien de tel que la coop\u00e9ration contre les&hellip;\n","protected":false},"author":2,"featured_media":235447,"comment_status":"","ping_status":"","sticky":false,"template":"","format":"standard","meta":{"footnotes":""},"categories":[1588],"tags":[11,1777,674,27,2581,14653,1251,12,473,1853,1851,1850,1852],"class_list":{"0":"post-235446","1":"post","2":"type-post","3":"status-publish","4":"format-standard","5":"has-post-thumbnail","7":"category-royaume-uni","8":"tag-actualites","9":"tag-eu","10":"tag-europe","11":"tag-france","12":"tag-keir-starmer","13":"tag-manche","14":"tag-migrants","15":"tag-news","16":"tag-royaume-uni","17":"tag-royaume-uni-de-grande-bretagne-et-dirlande-du-nord","18":"tag-uk","19":"tag-united-kingdom","20":"tag-united-kingdom-of-great-britain-and-northern-ireland"},"share_on_mastodon":{"url":"https:\/\/pubeurope.com\/@fr\/114818356691469124","error":""},"_links":{"self":[{"href":"https:\/\/www.europesays.com\/fr\/wp-json\/wp\/v2\/posts\/235446","targetHints":{"allow":["GET"]}}],"collection":[{"href":"https:\/\/www.europesays.com\/fr\/wp-json\/wp\/v2\/posts"}],"about":[{"href":"https:\/\/www.europesays.com\/fr\/wp-json\/wp\/v2\/types\/post"}],"author":[{"embeddable":true,"href":"https:\/\/www.europesays.com\/fr\/wp-json\/wp\/v2\/users\/2"}],"replies":[{"embeddable":true,"href":"https:\/\/www.europesays.com\/fr\/wp-json\/wp\/v2\/comments?post=235446"}],"version-history":[{"count":0,"href":"https:\/\/www.europesays.com\/fr\/wp-json\/wp\/v2\/posts\/235446\/revisions"}],"wp:featuredmedia":[{"embeddable":true,"href":"https:\/\/www.europesays.com\/fr\/wp-json\/wp\/v2\/media\/235447"}],"wp:attachment":[{"href":"https:\/\/www.europesays.com\/fr\/wp-json\/wp\/v2\/media?parent=235446"}],"wp:term":[{"taxonomy":"category","embeddable":true,"href":"https:\/\/www.europesays.com\/fr\/wp-json\/wp\/v2\/categories?post=235446"},{"taxonomy":"post_tag","embeddable":true,"href":"https:\/\/www.europesays.com\/fr\/wp-json\/wp\/v2\/tags?post=235446"}],"curies":[{"name":"wp","href":"https:\/\/api.w.org\/{rel}","templated":true}]}}