{"id":235448,"date":"2025-07-08T15:37:11","date_gmt":"2025-07-08T15:37:11","guid":{"rendered":"https:\/\/www.europesays.com\/fr\/235448\/"},"modified":"2025-07-08T15:37:11","modified_gmt":"2025-07-08T15:37:11","slug":"non-lallemagne-nimposera-pas-de-taxe-de-solidarite-pour-financer-lukraine-et-israel","status":"publish","type":"post","link":"https:\/\/www.europesays.com\/fr\/235448\/","title":{"rendered":"Non, l&rsquo;Allemagne n&rsquo;imposera pas de \u00ab\u00a0taxe de solidarit\u00e9\u00a0\u00bb pour financer l&rsquo;Ukraine et Isra\u00ebl"},"content":{"rendered":"<p><img decoding=\"async\" class=\"c-ad__placeholder__logo\" src=\"https:\/\/static.euronews.com\/website\/images\/logos\/logo-euronews-grey-6-180x22.svg\" width=\"180\" height=\"22\" alt=\"\" loading=\"lazy\"\/>PUBLICIT\u00c9<\/p>\n<p>Deux mois apr\u00e8s la prestation de serment de <strong>Friedrich Merz<\/strong> en tant que dixi\u00e8me chancelier allemand, la d\u00e9sinformation selon laquelle il s&rsquo;appr\u00eate \u00e0 imposer une \u00ab\u00a0<strong>taxe de solidarit\u00e9<\/strong>\u00a0\u00bb pour financer des \u00ab\u00a0pays \u00e9trangers\u00a0\u00bb tels que l&rsquo;Ukraine et Isra\u00ebl se propage sur <strong>TikTok<\/strong>.<\/p>\n<p>Euroverify a d\u00e9tect\u00e9 plusieurs exemples de cette affirmation, d&rsquo;abord rep\u00e9r\u00e9e par les v\u00e9rificateurs de faits de Correctiv, qui a \u00e9t\u00e9 amplifi\u00e9e dans des vid\u00e9os g\u00e9n\u00e9r\u00e9es par l&rsquo;intelligence artificielle au cours des derni\u00e8res semaines.<\/p>\n<p>Alors que certains comptes diffusant l&rsquo;all\u00e9gation se pr\u00e9sentent comme \u00ab\u00a0satiriques\u00a0\u00bb, d&rsquo;autres relaient la d\u00e9sinformation sans aucun d\u00e9menti, semant la confusion parmi les utilisateurs de TikTok.<\/p>\n<p>Notre \u00e9quipe a \u00e9galement d\u00e9tect\u00e9 des fausses informations similaires, initialement qualifi\u00e9es de satiriques, mais qui ont fini par \u00eatre amplifi\u00e9es sur la plateforme. <\/p>\n<p>Il s&rsquo;agit notamment d&rsquo;affirmations infond\u00e9es selon lesquelles le gouvernement allemand interdirait les paiements en esp\u00e8ces dans les supermarch\u00e9s, effectuerait des visites \u00e0 domicile pour contr\u00f4ler les arr\u00eats maladie des travailleurs et r\u00e9duirait les pensions pour financer les programmes d&rsquo;achat d&rsquo;armes de l&rsquo;UE.<\/p>\n<p>Le gouvernement de coalition de Friedrich Merz &#8211; compos\u00e9 de l&rsquo;Union chr\u00e9tienne-d\u00e9mocrate (CDU), de son parti fr\u00e8re bavarois, l&rsquo;Union chr\u00e9tienne-sociale (CSU), et du Parti social-d\u00e9mocrate (SPD), de centre-gauche &#8211; a \u00e9t\u00e9 mis en place <strong>en mai<\/strong>, pr\u00e8s de trois mois apr\u00e8s les \u00e9lections l\u00e9gislatives.<\/p>\n<p>Une <a href=\"https:\/\/www.euronews.com\/my-europe\/2025\/01\/23\/tiktok-users-in-germany-more-susceptible-to-russian-and-chinese-misinformation-says-report\" rel=\"nofollow noopener\" target=\"_blank\"><strong>\u00e9tude<\/strong><\/a> (en anglais) a r\u00e9v\u00e9l\u00e9 que les utilisateurs allemands de TikTok, la plateforme de m\u00e9dias sociaux appartenant \u00e0 la soci\u00e9t\u00e9 chinoise <strong>Bytedance<\/strong>, sont plus susceptibles d&rsquo;\u00eatre climato-sceptiques, moins critiques \u00e0 l&rsquo;\u00e9gard de l&rsquo;invasion de l&rsquo;Ukraine par la Russie et pensent que le syst\u00e8me politique chinois est meilleur que la d\u00e9mocratie.<\/p>\n<p><strong>Rien ne prouve que l&rsquo;Allemagne augmentera les imp\u00f4ts pour financer les pays en guerre<\/strong><\/p>\n<p>Le gouvernement Merz, bien que consid\u00e9r\u00e9 comme un alli\u00e9 solide de l&rsquo;Ukraine et d&rsquo;Isra\u00ebl, n&rsquo;a pas l&rsquo;intention d&rsquo;augmenter la \u00ab\u00a0taxe de solidarit\u00e9\u00a0\u00bb pour financer ces pays, contrairement \u00e0 ce que pr\u00e9tendent les utilisateurs de TikTok.<\/p>\n<p>Certains d&rsquo;entre eux ont affirm\u00e9 que le gouvernement \u00ab\u00a0pr\u00e9l\u00e8vera automatiquement de l&rsquo;argent sur les salaires\u00a0\u00bb \u00e0 partir du 1er ao\u00fbt, \u00ab\u00a0sans approbation pr\u00e9alable, directement sur les feuilles de paie\u00a0\u00bb.<\/p>\n<p>\u00ab\u00a0L&rsquo;argent retenu est automatiquement transf\u00e9r\u00e9 \u00e0 l&rsquo;\u00e9tranger \u00e0 la fin du mois pour renforcer les partenariats politiques et financer l&rsquo;aide locale\u00a0\u00bb, affirment faussement les vid\u00e9os TikTok d\u00e9tect\u00e9es par Euroverify, ajoutant que la surtaxe pourrait \u00ab\u00a0augmenter de mani\u00e8re significative\u00a0\u00bb dans les mois \u00e0 venir.<\/p>\n<p>Un porte-parole du gouvernement f\u00e9d\u00e9ral a confirm\u00e9 \u00e0 Correctiv que ces affirmations \u00e9taient fausses et sans fondement.<\/p>\n<p>La d\u00e9sinformation joue sur le concept de la <strong>surtaxe de solidarit\u00e9<\/strong>, ou <strong>Solidarit\u00e4tszuschlag<\/strong>, qui a \u00e9t\u00e9 introduite en Allemagne pour financer les co\u00fbts de l&rsquo;unification allemande.<\/p>\n<p>Elle s&rsquo;\u00e9l\u00e8ve \u00e0 5,5 % et est pr\u00e9lev\u00e9e en tant que taxe suppl\u00e9mentaire sur l&rsquo;imp\u00f4t sur le revenu, l&rsquo;imp\u00f4t sur les plus-values et l&rsquo;imp\u00f4t sur les soci\u00e9t\u00e9s. Environ 10 % des plus hauts revenus, ainsi que les entreprises et les investisseurs, paient aujourd&rsquo;hui cette surtaxe, ce qui signifie que la majeure partie de la population allemande en est exempt\u00e9e.<\/p>\n<p><strong>La satire d\u00e9clenche la d\u00e9sinformation<\/strong><\/p>\n<p>Euroverify a d\u00e9tect\u00e9 une s\u00e9rie de vid\u00e9os similaires sur <a href=\"https:\/\/www.euronews.com\/my-europe\/2025\/02\/07\/fake-tiktok-videos-show-hundreds-of-thousands-marching-for-afd-in-germany\" rel=\"nofollow noopener\" target=\"_blank\"><strong>TikTok<\/strong><\/a> &#8211; pr\u00e9sentant le m\u00eame style et les m\u00eames techniques &#8211; qui diffusent d&rsquo;autres fausses affirmations sur les politiques du gouvernement Merz.<\/p>\n<p>Il s&rsquo;agit notamment d&rsquo;all\u00e9gations selon lesquelles, \u00e0 partir du 1er janvier 2026, les supermarch\u00e9s allemands n&rsquo;accepteront plus que les paiements par carte et que l&rsquo;argent liquide sera refus\u00e9. Ces affirmations n&rsquo;ont aucun fondement.<\/p>\n<p>D&rsquo;autres ont affirm\u00e9 que Merz introduirait des \u00ab\u00a0visites \u00e0 domicile\u00a0\u00bb pour \u00ab\u00a0contr\u00f4ler\u00a0\u00bb les personnes en arr\u00eat maladie.<\/p>\n<p>Bien qu&rsquo;un nombre croissant d&rsquo;entreprises priv\u00e9es bas\u00e9es en Allemagne demandent aux agences de contr\u00f4ler les employ\u00e9s soup\u00e7onn\u00e9s de se faire porter malades alors qu&rsquo;ils sont aptes \u00e0 travailler, rien n&rsquo;indique que le gouvernement allemand envisage d&rsquo;instaurer de telles visites.<\/p>\n","protected":false},"excerpt":{"rendered":"PUBLICIT\u00c9 Deux mois apr\u00e8s la prestation de serment de Friedrich Merz en tant que dixi\u00e8me chancelier allemand, la&hellip;\n","protected":false},"author":2,"featured_media":235449,"comment_status":"","ping_status":"","sticky":false,"template":"","format":"standard","meta":{"footnotes":""},"categories":[1587],"tags":[11,672,1804,1805,1803,1777,674,4710,1801,28006,12,1802,979,2439,220],"class_list":{"0":"post-235448","1":"post","2":"type-post","3":"status-publish","4":"format-standard","5":"has-post-thumbnail","7":"category-allemagne","8":"tag-actualites","9":"tag-allemagne","10":"tag-bundesrepublik-deutschland","11":"tag-de","12":"tag-deutschland","13":"tag-eu","14":"tag-europe","15":"tag-friedrich-merz","16":"tag-germany","17":"tag-media-sociaux","18":"tag-news","19":"tag-republique-federale-dallemagne","20":"tag-taxes","21":"tag-tiktok","22":"tag-ukraine"},"share_on_mastodon":{"url":"https:\/\/pubeurope.com\/@fr\/114818360571042389","error":""},"_links":{"self":[{"href":"https:\/\/www.europesays.com\/fr\/wp-json\/wp\/v2\/posts\/235448","targetHints":{"allow":["GET"]}}],"collection":[{"href":"https:\/\/www.europesays.com\/fr\/wp-json\/wp\/v2\/posts"}],"about":[{"href":"https:\/\/www.europesays.com\/fr\/wp-json\/wp\/v2\/types\/post"}],"author":[{"embeddable":true,"href":"https:\/\/www.europesays.com\/fr\/wp-json\/wp\/v2\/users\/2"}],"replies":[{"embeddable":true,"href":"https:\/\/www.europesays.com\/fr\/wp-json\/wp\/v2\/comments?post=235448"}],"version-history":[{"count":0,"href":"https:\/\/www.europesays.com\/fr\/wp-json\/wp\/v2\/posts\/235448\/revisions"}],"wp:featuredmedia":[{"embeddable":true,"href":"https:\/\/www.europesays.com\/fr\/wp-json\/wp\/v2\/media\/235449"}],"wp:attachment":[{"href":"https:\/\/www.europesays.com\/fr\/wp-json\/wp\/v2\/media?parent=235448"}],"wp:term":[{"taxonomy":"category","embeddable":true,"href":"https:\/\/www.europesays.com\/fr\/wp-json\/wp\/v2\/categories?post=235448"},{"taxonomy":"post_tag","embeddable":true,"href":"https:\/\/www.europesays.com\/fr\/wp-json\/wp\/v2\/tags?post=235448"}],"curies":[{"name":"wp","href":"https:\/\/api.w.org\/{rel}","templated":true}]}}