{"id":235452,"date":"2025-07-08T15:39:11","date_gmt":"2025-07-08T15:39:11","guid":{"rendered":"https:\/\/www.europesays.com\/fr\/235452\/"},"modified":"2025-07-08T15:39:11","modified_gmt":"2025-07-08T15:39:11","slug":"lue-peut-elle-se-lancer-dans-la-course-a-lespace-2","status":"publish","type":"post","link":"https:\/\/www.europesays.com\/fr\/235452\/","title":{"rendered":"L&rsquo;UE peut-elle se lancer dans la course \u00e0 l&rsquo;espace\u00a0?"},"content":{"rendered":"<p><img decoding=\"async\" class=\"c-ad__placeholder__logo\" src=\"https:\/\/static.euronews.com\/website\/images\/logos\/logo-euronews-grey-6-180x22.svg\" width=\"180\" height=\"22\" alt=\"\" loading=\"lazy\"\/>PUBLICIT\u00c9<\/p>\n<p>Selon l&rsquo;Agence spatiale europ\u00e9enne, l&rsquo;\u00e9conomie spatiale mondiale \u00e9tait \u00e9valu\u00e9e \u00e0 572 milliards d&rsquo;euros en 2023, et on estime qu&rsquo;elle atteindra 1,6 billion d&rsquo;euros dans dix ans.<\/p>\n<p>La nouvelle loi europ\u00e9enne sur l&rsquo;espace est principalement ax\u00e9e sur les lanceurs et les satellites, qui sont de plus en plus importants pour des activit\u00e9s aussi diverses que les communications, la navigation, la m\u00e9t\u00e9orologie et les \u00e9nergies renouvelables.<\/p>\n<p>Cependant, l&rsquo;Europe est loin derri\u00e8re les \u00c9tats-Unis et n&rsquo;a consacr\u00e9 que 12 milliards d&rsquo;euros de fonds publics \u00e0 l&rsquo;industrie spatiale, contre 65 milliards d&rsquo;euros aux \u00c9tats-Unis. Il en va de m\u00eame pour les investissements priv\u00e9s : 980 millions d&rsquo;euros dans l&rsquo;UE, contre 3,6 milliards d&rsquo;euros aux \u00c9tats-Unis.<\/p>\n<p>Ce sera un sujet br\u00fblant lors des n\u00e9gociations pour le futur Fonds europ\u00e9en de comp\u00e9titivit\u00e9, dans le cadre du budget de l&rsquo;UE 2028-2034, qui couvre le secteur spatial qui cherchera \u00e0 obtenir plus d&rsquo;argent sur la table.<\/p>\n<p>\u00ab\u00a0Aujourd&rsquo;hui, l&rsquo;ensemble des fonds allou\u00e9s \u00e0 l&rsquo;espace s&rsquo;\u00e9l\u00e8ve \u00e0 environ 17 milliards d&rsquo;euros. Nous savons que nous avons besoin de plus pour continuer \u00e0 utiliser les syst\u00e8mes existants\u00a0\u00bb, a d\u00e9clar\u00e9 \u00e0 Euronews le commissaire europ\u00e9en charg\u00e9 de la d\u00e9fense et de l&rsquo;espace, Andrius Kubilius.<\/p>\n<p>\u00ab\u00a0Nous voulons aussi simplifier la vie de ceux qui s&rsquo;engagent dans l&rsquo;industrie spatiale et \u00eatre pr\u00eats pour la r\u00e9volution qui s&rsquo;annonce\u00a0\u00bb, a ajout\u00e9 M. Kubilius dans une interview.<\/p>\n<p>S\u00e9curit\u00e9 et d\u00e9fense dans l&rsquo;espace<\/p>\n<p>La loi sur l&rsquo;espace cr\u00e9era un ensemble de r\u00e8gles communes dans toute l&rsquo;UE, dont les principaux piliers seront la s\u00e9curit\u00e9 et la r\u00e9silience, afin de minimiser les risques de collisions, de cyberattaques et d&rsquo;autres interf\u00e9rences de la part de puissances hostiles.<\/p>\n<p>Le \u00ab\u00a0code de la route\u00a0\u00bb visera \u00e0 mettre de l&rsquo;ordre dans les 11 000 satellites d\u00e9j\u00e0 d\u00e9ploy\u00e9s et les 50 000 nouveaux satellites pr\u00e9vus pour la prochaine d\u00e9cennie, ainsi que dans les 128 millions de d\u00e9bris spatiaux flottant en orbite autour de la Terre.<\/p>\n<p>\u00ab\u00a0L&rsquo;espace est consid\u00e9r\u00e9 comme la nouvelle fronti\u00e8re, une zone contest\u00e9e, o\u00f9 peuvent se produire des cyberattaques ou des interf\u00e9rences \u00e9lectroniques contre des satellites ou des stations terrestres, par exemple. Cela pourrait conduire \u00e0 la perte de satellites ou des services qu&rsquo;ils fournissent, il y aura donc de nouvelles r\u00e8gles pour l&rsquo;\u00e9valuation des risques\u00a0\u00bb, explique Gr\u00e9goire Lory, qui couvre la politique spatiale pour Euronews.<\/p>\n<p>La nouvelle loi ne s&rsquo;applique pas aux utilisations militaires, mais une strat\u00e9gie europ\u00e9enne de l&rsquo;espace pour la s\u00e9curit\u00e9 et la d\u00e9fense existe depuis 2023, pr\u00e9sent\u00e9e peu de temps apr\u00e8s l&rsquo;invasion totale de l&rsquo;Ukraine par la Russie.<\/p>\n<p>L&rsquo;objectif est de trouver des moyens de prot\u00e9ger les syst\u00e8mes spatiaux, les infrastructures terrestres qui les soutiennent et les connexions de donn\u00e9es qui les relient, notamment par le biais d&rsquo;exercices spatiaux conjoints.<\/p>\n<p>\u00ab\u00a0Nous disposons de plusieurs tr\u00e8s bons syst\u00e8mes satellitaires tels que Galileo (et) Copernicus. Et maintenant, nous construisons IRIS2 pour les communications par satellite s\u00e9curis\u00e9es. Pour entretenir ces syst\u00e8mes dans l&rsquo;espace, nous devons disposer d&rsquo;un bon syst\u00e8me de transport, ce que fait Ariane 6. Mais lorsque nous regardons ce qui se pr\u00e9pare, nous comprenons que ce n&rsquo;est pas suffisant. Nous devons mettre en place de nouvelles capacit\u00e9s\u00a0\u00bb, a admis le commissaire Andrius Kubilius.<\/p>\n<p><strong>Regardez la vid\u00e9o ici\u00a0!<\/strong><\/p>\n<p><strong>Journaliste\u00a0: Isabel Marques da Silva<\/strong><\/p>\n<p><strong>Production de contenu\u00a0: Pilar Montero L\u00f3pez<\/strong><\/p>\n<p><strong>Production vid\u00e9o\u00a0: Zacharia Vigneron<\/strong><\/p>\n<p><strong>Graphisme\u00a0: Loredana Dumitru<\/strong><\/p>\n<p><strong>Coordination \u00e9ditoriale\u00a0: Ana L\u00e1zaro Bosch et Jeremy Fleming-Jones<\/strong><\/p>\n","protected":false},"excerpt":{"rendered":"PUBLICIT\u00c9 Selon l&rsquo;Agence spatiale europ\u00e9enne, l&rsquo;\u00e9conomie spatiale mondiale \u00e9tait \u00e9valu\u00e9e \u00e0 572 milliards d&rsquo;euros en 2023, et on&hellip;\n","protected":false},"author":2,"featured_media":235451,"comment_status":"","ping_status":"","sticky":false,"template":"","format":"standard","meta":{"footnotes":""},"categories":[1586],"tags":[11,32153,2196,386,1777,674,1779,1011,27,12,17749,25,1778,364],"class_list":{"0":"post-235452","1":"post","2":"type-post","3":"status-publish","4":"format-standard","5":"has-post-thumbnail","7":"category-europe","8":"tag-actualites","9":"tag-agence-spatiale-europeenne","10":"tag-commission-europeenne","11":"tag-espace","12":"tag-eu","13":"tag-europe","14":"tag-european-union","15":"tag-fr","16":"tag-france","17":"tag-news","18":"tag-politique-europeenne","19":"tag-republique-francaise","20":"tag-ue","21":"tag-union-europeenne"},"share_on_mastodon":{"url":"https:\/\/pubeurope.com\/@fr\/114818368774311231","error":""},"_links":{"self":[{"href":"https:\/\/www.europesays.com\/fr\/wp-json\/wp\/v2\/posts\/235452","targetHints":{"allow":["GET"]}}],"collection":[{"href":"https:\/\/www.europesays.com\/fr\/wp-json\/wp\/v2\/posts"}],"about":[{"href":"https:\/\/www.europesays.com\/fr\/wp-json\/wp\/v2\/types\/post"}],"author":[{"embeddable":true,"href":"https:\/\/www.europesays.com\/fr\/wp-json\/wp\/v2\/users\/2"}],"replies":[{"embeddable":true,"href":"https:\/\/www.europesays.com\/fr\/wp-json\/wp\/v2\/comments?post=235452"}],"version-history":[{"count":0,"href":"https:\/\/www.europesays.com\/fr\/wp-json\/wp\/v2\/posts\/235452\/revisions"}],"wp:featuredmedia":[{"embeddable":true,"href":"https:\/\/www.europesays.com\/fr\/wp-json\/wp\/v2\/media\/235451"}],"wp:attachment":[{"href":"https:\/\/www.europesays.com\/fr\/wp-json\/wp\/v2\/media?parent=235452"}],"wp:term":[{"taxonomy":"category","embeddable":true,"href":"https:\/\/www.europesays.com\/fr\/wp-json\/wp\/v2\/categories?post=235452"},{"taxonomy":"post_tag","embeddable":true,"href":"https:\/\/www.europesays.com\/fr\/wp-json\/wp\/v2\/tags?post=235452"}],"curies":[{"name":"wp","href":"https:\/\/api.w.org\/{rel}","templated":true}]}}