{"id":235453,"date":"2025-07-08T15:40:08","date_gmt":"2025-07-08T15:40:08","guid":{"rendered":"https:\/\/www.europesays.com\/fr\/235453\/"},"modified":"2025-07-08T15:40:08","modified_gmt":"2025-07-08T15:40:08","slug":"la-police-stoppe-un-homme-arme-dun-couteau-en-plein-tour-de-france-a-rouen","status":"publish","type":"post","link":"https:\/\/www.europesays.com\/fr\/235453\/","title":{"rendered":"La police stoppe un homme arm\u00e9 d&rsquo;un couteau en plein Tour de France \u00e0 Rouen"},"content":{"rendered":"<p>            Par<br \/>\n        <strong><br \/>\n            <a href=\"https:\/\/actu.fr\/auteur\/julien-bouteiller\" title=\"Consulter tous les articles de Julien Bouteiller\" rel=\"nofollow noopener\" target=\"_blank\">Julien Bouteiller<\/a><br \/>\n        <\/strong><\/p>\n<p>        Publi\u00e9 le<\/p>\n<p>            8 juil. 2025 \u00e0 16h00        <\/p>\n<p>On ignore pour l\u2019heure quelles \u00e9taient ses intentions. Mais, dans l\u2019apr\u00e8s-midi du mardi 8 juillet 2025, <strong>un homme arm\u00e9 d\u2019un couteau<\/strong> <strong>a \u00e9t\u00e9 interpell\u00e9 \u00e0 Rouen<\/strong>, alors que la ferveur du <a href=\"https:\/\/actu.fr\/dossier\/tour-de-france-a-rouen-toutes-les-infos-a-connaitre-sur-l-evenement_62877994.html\" rel=\"nofollow noopener\" target=\"_blank\">Tour de France<\/a> battait son plein. Notre journaliste a assist\u00e9 \u00e0 la sc\u00e8ne.<\/p>\n<p>Un homme interpell\u00e9 par la police<\/p>\n<p class=\" wall-content\">La sc\u00e8ne s\u2019est d\u00e9roul\u00e9e<strong> peu avant 15h30, au niveau du rond-point Saint-Hilaire<\/strong>, \u00e0 proximit\u00e9 du Boulingrin, point d\u2019arriv\u00e9e de la quatri\u00e8me \u00e9tape du Tour.<\/p>\n<p class=\" wall-content\">\u00ab\u00a0J\u2019ai vu la police foncer sur lui quand il a pris la fuite\u00a0\u00bb, t\u00e9moigne notre journaliste. \u00ab\u00a0Il avait le couteau dans la main et l\u2019a l\u00e2ch\u00e9 quand un policier l\u2019a frapp\u00e9.\u00a0\u00bb Un autre t\u00e9moin parle d\u2019une \u00ab\u00a0interpellation muscl\u00e9e\u00a0\u00bb d\u2019un homme qui \u00ab\u00a0a sorti un couteau\u00a0\u00bb.<\/p>\n<p class=\" wall-content\">Nous n\u2019avons pour l\u2019heure pas davantage de pr\u00e9cision sur le profil du suspect ni ses intentions. Selon le syndicat Alliance Police Nationale, \u00ab\u00a0un homme arm\u00e9 d\u2019un couteau a menac\u00e9 la course du Tour de France entre Amiens et Rouen. Neutralis\u00e9 gr\u00e2ce au sang-froid de nos coll\u00e8gues. <strong>Un d\u2019entre eux a \u00e9t\u00e9 bless\u00e9<\/strong> en intervenant\u00a0\u00bb.<\/p>\n<p class=\" wall-content\">Toujours est-il que <a href=\"https:\/\/actu.fr\/normandie\/rouen_76540\/une-mobilisation-consequente-pour-assurer-la-securite-du-tour-de-france-a-rouen_62862956.html\" rel=\"nofollow noopener\" target=\"_blank\">l\u2019important dispositif policier d\u00e9ploy\u00e9 sur place<\/a> a permis son interpellation rapide. \u00c0 l\u2019heure o\u00f9 nous \u00e9crivons ces lignes, le pr\u00e9fet, les pompiers et le Samu sont sur place. Selon un interlocuteur, \u00ab\u00a0la situation est ma\u00eetris\u00e9e et sous contr\u00f4le\u00a0\u00bb.<\/p>\n<p>Vid\u00e9os : en ce moment sur Actu<\/p>\n<p class=\" wall-content\"><strong>\u2022 Plus d\u2019informations \u00e0 venir sur 76actu.<\/strong><\/p>\n<p class=\" wall-content\"><strong>avec Adrien Tisserand et Yann Rivallan<\/strong><\/p>\n<p>Suivez l\u2019actualit\u00e9 de Rouen <a href=\"https:\/\/www.whatsapp.com\/channel\/0029VaKfnf99hXF2ddApFB1D\" rel=\"nofollow noopener\" target=\"_blank\">sur notre cha\u00eene WhatsApp<\/a> et <a href=\"https:\/\/www.tiktok.com\/@76actu.fr?lang=fr\" rel=\"nofollow noopener\" target=\"_blank\">sur notre compte TikTok<\/a><\/p>\n<p class=\" wall-content\">Suivez toute l\u2019actualit\u00e9 de vos villes et m\u00e9dias favoris en vous inscrivant \u00e0 <a href=\"https:\/\/moncompte.actu.fr\" title=\"D\u00e9couvez Mon Actu\" rel=\"nofollow noopener\" data-trk=\"{&quot;cta&quot;:{&quot;action&quot;:&quot;https:\\\/\\\/moncompte.actu.fr&quot;,&quot;category&quot;:&quot;mon compte&quot;,&quot;from&quot;:&quot;article footer&quot;,&quot;name&quot;:&quot;Mon actu&quot;,&quot;type&quot;:&quot;cta&quot;}}\" target=\"_blank\">Mon Actu<\/a>.<\/p>\n<p>                    <script async src=\"\/\/www.tiktok.com\/embed.js\"><\/script><\/p>\n","protected":false},"excerpt":{"rendered":"Par Julien Bouteiller Publi\u00e9 le 8 juil. 2025 \u00e0 16h00 On ignore pour l\u2019heure quelles \u00e9taient ses intentions.&hellip;\n","protected":false},"author":2,"featured_media":235454,"comment_status":"","ping_status":"","sticky":false,"template":"","format":"standard","meta":{"footnotes":""},"categories":[2],"tags":[11,118,1011,27,12,1072,25,210,2116],"class_list":{"0":"post-235453","1":"post","2":"type-post","3":"status-publish","4":"format-standard","5":"has-post-thumbnail","7":"category-actualites","8":"tag-actualites","9":"tag-faits-divers","10":"tag-fr","11":"tag-france","12":"tag-news","13":"tag-police","14":"tag-republique-francaise","15":"tag-tour-de-france","16":"tag-tour-de-france-2025"},"share_on_mastodon":{"url":"https:\/\/pubeurope.com\/@fr\/114818372331529483","error":""},"_links":{"self":[{"href":"https:\/\/www.europesays.com\/fr\/wp-json\/wp\/v2\/posts\/235453","targetHints":{"allow":["GET"]}}],"collection":[{"href":"https:\/\/www.europesays.com\/fr\/wp-json\/wp\/v2\/posts"}],"about":[{"href":"https:\/\/www.europesays.com\/fr\/wp-json\/wp\/v2\/types\/post"}],"author":[{"embeddable":true,"href":"https:\/\/www.europesays.com\/fr\/wp-json\/wp\/v2\/users\/2"}],"replies":[{"embeddable":true,"href":"https:\/\/www.europesays.com\/fr\/wp-json\/wp\/v2\/comments?post=235453"}],"version-history":[{"count":0,"href":"https:\/\/www.europesays.com\/fr\/wp-json\/wp\/v2\/posts\/235453\/revisions"}],"wp:featuredmedia":[{"embeddable":true,"href":"https:\/\/www.europesays.com\/fr\/wp-json\/wp\/v2\/media\/235454"}],"wp:attachment":[{"href":"https:\/\/www.europesays.com\/fr\/wp-json\/wp\/v2\/media?parent=235453"}],"wp:term":[{"taxonomy":"category","embeddable":true,"href":"https:\/\/www.europesays.com\/fr\/wp-json\/wp\/v2\/categories?post=235453"},{"taxonomy":"post_tag","embeddable":true,"href":"https:\/\/www.europesays.com\/fr\/wp-json\/wp\/v2\/tags?post=235453"}],"curies":[{"name":"wp","href":"https:\/\/api.w.org\/{rel}","templated":true}]}}