{"id":235455,"date":"2025-07-08T15:41:11","date_gmt":"2025-07-08T15:41:11","guid":{"rendered":"https:\/\/www.europesays.com\/fr\/235455\/"},"modified":"2025-07-08T15:41:11","modified_gmt":"2025-07-08T15:41:11","slug":"un-adolescent-decede-apres-la-chute-dun-arbre-a-cervione","status":"publish","type":"post","link":"https:\/\/www.europesays.com\/fr\/235455\/","title":{"rendered":"un adolescent d\u00e9c\u00e8de apr\u00e8s la chute d&rsquo;un arbre \u00e0 Cervione"},"content":{"rendered":"<p>Une micror\u00e9gion sous le choc. Un adolescent de 15 ans est d\u00e9c\u00e9d\u00e9, ce mardi 8 juillet, \u00e0 Cervione, apr\u00e8s la chute d&rsquo;un arbre, selon la gendarmerie, le service d&rsquo;incendie et de secours de la Haute-Corse et l&rsquo;autorit\u00e9 municipale. Les sapeurs-pompiers sont intervenus sur place aux alentours de 13h30 alors que la victime \u00e9tait en arr\u00eat cardio-respiratoire.<\/p>\n<p>Un enfant du village<\/p>\n<p>Les circonstances exactes de ce drame ne sont pas encore connues. Plusieurs v\u00e9hicules de pompiers, l&rsquo;h\u00e9licopt\u00e8re Dragon 2B de la S\u00e9curit\u00e9 Civile, et des \u00e9quipes de secours \u00e9taient pr\u00e9sents sur les lieux pour tenter de ranimer l&rsquo;adolescent.<\/p>\n<p>\u00ab\u00a0C&rsquo;est un enfant du village, explique tr\u00e8s \u00e9mu, Marc-Antoine Nicola\u00ef, le maire de Cervione. Tout Cervione est touch\u00e9. Je n&rsquo;ai pas de mots pour d\u00e9crire ce qu&rsquo;il s&rsquo;est pass\u00e9. C&rsquo;est un drame.\u00a0\u00bb<\/p>\n<p>Toutes les festivit\u00e9s dans la micror\u00e9gion, de Moriani \u00e0 Cervione, notamment en lien avec le tricentenaire de la naissance de Pascal Paoli ont \u00e9t\u00e9 annul\u00e9es, suite \u00e0 ce drame.<\/p>\n","protected":false},"excerpt":{"rendered":"Une micror\u00e9gion sous le choc. Un adolescent de 15 ans est d\u00e9c\u00e9d\u00e9, ce mardi 8 juillet, \u00e0 Cervione,&hellip;\n","protected":false},"author":2,"featured_media":235456,"comment_status":"","ping_status":"","sticky":false,"template":"","format":"standard","meta":{"footnotes":""},"categories":[2],"tags":[17,11,1084,150,8489,1102,37414,837,2837,1762,274,1011,27,12,25],"class_list":{"0":"post-235455","1":"post","2":"type-post","3":"status-publish","4":"format-standard","5":"has-post-thumbnail","7":"category-actualites","8":"tag-17","9":"tag-actualites","10":"tag-adolescent","11":"tag-apres","12":"tag-arbre","13":"tag-breakingnews","14":"tag-cervione","15":"tag-chute","16":"tag-dun","17":"tag-decede","18":"tag-faits-divers-justice","19":"tag-fr","20":"tag-france","21":"tag-news","22":"tag-republique-francaise"},"share_on_mastodon":{"url":"https:\/\/pubeurope.com\/@fr\/114818376255499836","error":""},"_links":{"self":[{"href":"https:\/\/www.europesays.com\/fr\/wp-json\/wp\/v2\/posts\/235455","targetHints":{"allow":["GET"]}}],"collection":[{"href":"https:\/\/www.europesays.com\/fr\/wp-json\/wp\/v2\/posts"}],"about":[{"href":"https:\/\/www.europesays.com\/fr\/wp-json\/wp\/v2\/types\/post"}],"author":[{"embeddable":true,"href":"https:\/\/www.europesays.com\/fr\/wp-json\/wp\/v2\/users\/2"}],"replies":[{"embeddable":true,"href":"https:\/\/www.europesays.com\/fr\/wp-json\/wp\/v2\/comments?post=235455"}],"version-history":[{"count":0,"href":"https:\/\/www.europesays.com\/fr\/wp-json\/wp\/v2\/posts\/235455\/revisions"}],"wp:featuredmedia":[{"embeddable":true,"href":"https:\/\/www.europesays.com\/fr\/wp-json\/wp\/v2\/media\/235456"}],"wp:attachment":[{"href":"https:\/\/www.europesays.com\/fr\/wp-json\/wp\/v2\/media?parent=235455"}],"wp:term":[{"taxonomy":"category","embeddable":true,"href":"https:\/\/www.europesays.com\/fr\/wp-json\/wp\/v2\/categories?post=235455"},{"taxonomy":"post_tag","embeddable":true,"href":"https:\/\/www.europesays.com\/fr\/wp-json\/wp\/v2\/tags?post=235455"}],"curies":[{"name":"wp","href":"https:\/\/api.w.org\/{rel}","templated":true}]}}