{"id":235465,"date":"2025-07-08T15:47:14","date_gmt":"2025-07-08T15:47:14","guid":{"rendered":"https:\/\/www.europesays.com\/fr\/235465\/"},"modified":"2025-07-08T15:47:14","modified_gmt":"2025-07-08T15:47:14","slug":"la-superleague-pro-3x3-fait-etape-ce-week-end-a-beauvais","status":"publish","type":"post","link":"https:\/\/www.europesays.com\/fr\/235465\/","title":{"rendered":"La SuperLeague Pro 3&#215;3 fait \u00e9tape ce week-end \u00e0 Beauvais !"},"content":{"rendered":"<p style=\"text-align:justify\"><strong>Les amateurs de 3\u00d73 ont retrouv\u00e9 de vieux amis et leurs bonnes habitudes il y a deux semaines \u00e0 l\u2019occasion de la Champions Cup, et on enchaine d\u00e8s ce week-end (et le suivant) avec les deux \u00e9tapes de la SuperLeague Pro 3\u00d73 FFBB, esp\u00e8ce d\u2019ap\u00e9ro g\u00e9ant avant le d\u00e9but des premi\u00e8res \u00e9preuves du World Tour. On pr\u00e9chauffe !<\/strong><\/p>\n<p style=\"text-align:justify\">Rien \u00e0 voir avec Jos\u00e9 mais c\u2019est donc \u00e0 Beauvais dans l\u2019Oise que le monde du 3\u00d73 se donne rendez-vous \u00e0 partir de demain. Si vous avez compris cette vanne vous avez plus de 30 ans, dans le cas contraire on vous jure que \u00e7a ne changera pas votre week-end.<\/p>\n<p style=\"text-align:justify\">La SuperLeague 3\u00d73 FFBB c\u2019est quoi ? Un tournoi, ou plut\u00f4t deux, disput\u00e9s ce week-end et le prochain \u00e0 l\u2019Elispace de Beauvais. Quelques uns des meilleurs joueurs du monde seront pr\u00e9sent, on peut citer dans le d\u00e9sordre les jeunes cracks allemands (pass\u00e9s cet \u00e9t\u00e9 de Sankt-Pauli \u00e0 Bonn), les Serbes du Partizan, Snoop Dog et Los Angeles, la formation bahre\u00efnienne de Riffa ou encore les champions d\u2019Europe autrichiens qui joueront avec l\u2019\u00e9quipe de Vienne.<\/p>\n<p style=\"text-align:justify\">Mais nos yeux n\u2019auront \u00e9videmment de l\u2019amour que pour les formations fran\u00e7aises. Saint-Denis SEC, Ermont Senef, Bordeaux Ballistik et 3\u00d73 Toulouse seront l\u00e0 pour mettre un peu de lumi\u00e8re sur Beauvais (quelle phrase), avec potentiellement un affrontement tr\u00e8s Sud-Ouest entre Franck Seguela, Jules Rambaut, Paul Djoko, Hugo Suhard et Raphael Wilson (Toulouse) et la toute fraiche \u00e9quipe de Bordeaux, emmen\u00e9e par Alex Vialaret, Eddy Steiner, Antoine Eito ou Emmanuel Monceau notamment.<\/p>\n<p style=\"text-align:justify\">L\u2019occasion pour tout ce beau monde de pr\u00e9chauffer tranquillement, de gratter au passage une place pour un Masters, et de r\u00e9cup\u00e9rer un peu de thunasse pour me payer un restau faire vivre encore un peu plus ces beaux projets.<\/p>\n<p style=\"text-align:justify\"><strong>Les \u00e9quipes pr\u00e9sentes ce week-end : <\/strong>Bordeaux Ballistik, Ermont Senef, Saint Denis S.E.C., Toulouse, Partizan 3\u00d73 (SER), Bonn Telekom (ALL), Los Angeles (USA), Hangzhou (CHN), Vienne (AUT), Riffa (BHR), Argos Bats (ESP), Carolina (PRI)<\/p>\n<p>Les phases finales de la Superleague Pro 3\u00d73 FFBB seront diffus\u00e9es sur\u00a0<a target=\"_blank\" rel=\"noopener\" href=\"https:\/\/sportenfrance.com\/infos\/comment-nous-recevoir\">Sport en France<\/a> les dimanches \u00e0 partir de 17h15, et l\u2019int\u00e9gralit\u00e9 de la comp\u00e9tition sera diffus\u00e9e sur <a target=\"_blank\" rel=\"noopener\" href=\"https:\/\/sportenfrance.com\/\">la plateforme digitale de Sport en France<\/a>\u00a0et\u00a0<a target=\"_blank\" rel=\"noopener\" href=\"https:\/\/www.youtube.com\/@FFBB_officiel\">la cha\u00eene YouTube de la FFBB<\/a>.<\/p>\n<p><strong>Ten, nine, eight, seven, six, five, four, three X three !<\/strong><\/p>\n","protected":false},"excerpt":{"rendered":"Les amateurs de 3\u00d73 ont retrouv\u00e9 de vieux amis et leurs bonnes habitudes il y a deux semaines&hellip;\n","protected":false},"author":2,"featured_media":235466,"comment_status":"","ping_status":"","sticky":false,"template":"","format":"standard","meta":{"footnotes":""},"categories":[1414],"tags":[1465,1464,1011,27,60],"class_list":{"0":"post-235465","1":"post","2":"type-post","3":"status-publish","4":"format-standard","5":"has-post-thumbnail","7":"category-basket","8":"tag-basket","9":"tag-basketball","10":"tag-fr","11":"tag-france","12":"tag-sports"},"share_on_mastodon":{"url":"https:\/\/pubeurope.com\/@fr\/114818399917594090","error":""},"_links":{"self":[{"href":"https:\/\/www.europesays.com\/fr\/wp-json\/wp\/v2\/posts\/235465","targetHints":{"allow":["GET"]}}],"collection":[{"href":"https:\/\/www.europesays.com\/fr\/wp-json\/wp\/v2\/posts"}],"about":[{"href":"https:\/\/www.europesays.com\/fr\/wp-json\/wp\/v2\/types\/post"}],"author":[{"embeddable":true,"href":"https:\/\/www.europesays.com\/fr\/wp-json\/wp\/v2\/users\/2"}],"replies":[{"embeddable":true,"href":"https:\/\/www.europesays.com\/fr\/wp-json\/wp\/v2\/comments?post=235465"}],"version-history":[{"count":0,"href":"https:\/\/www.europesays.com\/fr\/wp-json\/wp\/v2\/posts\/235465\/revisions"}],"wp:featuredmedia":[{"embeddable":true,"href":"https:\/\/www.europesays.com\/fr\/wp-json\/wp\/v2\/media\/235466"}],"wp:attachment":[{"href":"https:\/\/www.europesays.com\/fr\/wp-json\/wp\/v2\/media?parent=235465"}],"wp:term":[{"taxonomy":"category","embeddable":true,"href":"https:\/\/www.europesays.com\/fr\/wp-json\/wp\/v2\/categories?post=235465"},{"taxonomy":"post_tag","embeddable":true,"href":"https:\/\/www.europesays.com\/fr\/wp-json\/wp\/v2\/tags?post=235465"}],"curies":[{"name":"wp","href":"https:\/\/api.w.org\/{rel}","templated":true}]}}