{"id":235467,"date":"2025-07-08T15:48:13","date_gmt":"2025-07-08T15:48:13","guid":{"rendered":"https:\/\/www.europesays.com\/fr\/235467\/"},"modified":"2025-07-08T15:48:13","modified_gmt":"2025-07-08T15:48:13","slug":"chantra-a-ete-opere-du-genou-alex-marquez-et-marini-de-retour","status":"publish","type":"post","link":"https:\/\/www.europesays.com\/fr\/235467\/","title":{"rendered":"Chantra a \u00e9t\u00e9 op\u00e9r\u00e9 du genou, \u00c1lex M\u00e1rquez et Marini de retour"},"content":{"rendered":"<p><a href=\"https:\/\/fr.motorsport.com\/driver\/somkiat-chantra\/823104\/\" target=\"_blank\" rel=\"noopener nofollow\">Somkiat Chantra<\/a>, pilote de l&rsquo;\u00e9quipe LCR Honda, a \u00e9t\u00e9 op\u00e9r\u00e9 ce mardi \u00e0 la suite de sa chute en motocross survenue la semaine derni\u00e8re. Le rookie tha\u00eflandais souffre du genou, o\u00f9 une l\u00e9sion du ligament collat\u00e9ral fibulaire du genou droit a \u00e9t\u00e9 constat\u00e9e.<\/p>\n<p>Une semaine apr\u00e8s son accident, il a pu \u00eatre op\u00e9r\u00e9 \u00e0 l&rsquo;h\u00f4pital universitaire Dexeus de Barcelone. L&rsquo;intervention, pratiqu\u00e9e par le Dr Joan Carles Monllau, s&rsquo;est bien d\u00e9roul\u00e9e, d&rsquo;apr\u00e8s les informations transmises cet apr\u00e8s-midi par le team LCR.<\/p>\n<p>Lire aussi :<\/p>\n<p>On ignore pour le moment la dur\u00e9e de la convalescence de Somkiat Chantra. En revanche, il est acquis qu&rsquo;il ne reviendra pas avant la pause, devant manquer \u00e0 la fois le GP d&rsquo;Allemagne de cette semaine et celui de R\u00e9publique tch\u00e8que la semaine prochaine. La reprise du championnat \u00e9tant fix\u00e9e pour le 15 ao\u00fbt en Autriche, cela lui laisse le temps de se concentrer sur son r\u00e9tablissement avant d&rsquo;\u00e9valuer sa condition.<\/p>\n<p>Sa partie du stand LCR restera vide au Sachsenring, par contre son \u00e9quipe est dans l&rsquo;obligation de lui trouver un rempla\u00e7ant pour la course suivante. Et la recherche a \u00e9t\u00e9 simple car c&rsquo;est <a href=\"https:\/\/fr.motorsport.com\/driver\/takaaki-nakagami\/109418\/\" target=\"_blank\" rel=\"noopener nofollow\">Takaaki Nakagami<\/a> qui va assurer cet int\u00e9rim. Le Japonais, qui a couru pendant sept ans pour LCR, est devenu cette ann\u00e9e pilote essayeur pour Honda. On l&rsquo;a d\u00e9j\u00e0 revu sur deux Grands Prix, pour une wild-card au Mans (avec une sixi\u00e8me place \u00e0 la cl\u00e9) et le remplacement de <a href=\"https:\/\/fr.motorsport.com\/driver\/luca-marini\/201098\/\" target=\"_blank\" rel=\"noopener nofollow\">Luca Marini<\/a> dans l&rsquo;\u00e9quipe d&rsquo;usine au Mugello.<\/p>\n<p>Luca Marini et \u00c1lex M\u00e1rquez sont bien de retour<br \/>\n   <img decoding=\"async\" draggable=\"false\" src=\"https:\/\/www.europesays.com\/fr\/wp-content\/uploads\/2025\/07\/luca-marini-honda-hrc.jpg\" alt=\"Luca Marini fait son retour.\" width=\"1200\" height=\"800\" loading=\"lazy\"\/> <\/p>\n<p class=\"title\">Luca Marini revient de loin.<\/p>\n<p class=\"photographer\">Photo de: Rainier Ehrhardt<\/p>\n<p>Ce dernier sera bien de retour cette semaine, un mois et demi apr\u00e8s sa lourde chute lors d&rsquo;essais d&rsquo;endurance r\u00e9alis\u00e9s au Japon. Honda a confirm\u00e9 que Marini allait reprendre sa place dans le stand du team d&rsquo;usine, \u00e0 la suite d&rsquo;un test concluant r\u00e9alis\u00e9 la semaine derni\u00e8re \u00e0 Brno.<\/p>\n<p>Le pilote italien, qui avait cumul\u00e9 une longue liste de blessures, admet toutefois ne pas \u00eatre encore remis \u00e0 100%\u00a0:\u00a0\u00ab\u00a0Le test qu&rsquo;on a fait \u00e0 Brno la semaine derni\u00e8re a \u00e9t\u00e9 bon, et j&rsquo;ai pu bien comprendre ma condition physique. Elle n&rsquo;est pas encore parfaite pour le moment, mais la meilleure fa\u00e7on de l&rsquo;am\u00e9liorer est de rouler. Ce serait g\u00e9nial d&rsquo;\u00eatre d&#8217;embl\u00e9e de retour dans les luttes qu&rsquo;on avait [avant la blessure] mais ce week-end, il s&rsquo;agira principalement de se remettre dans le rythme afin de bien terminer la saison.\u00a0\u00bb<\/p>\n<p><a href=\"https:\/\/fr.motorsport.com\/driver\/alex-marquez\/96324\/\" rel=\"nofollow noopener\" target=\"_blank\">\u00c1lex M\u00e1rquez<\/a> sera bel et bien de la partie lui aussi pour le GP d&rsquo;Allemagne, d\u00e9j\u00e0 bien remis de la fracture \u00e0 la main subie lors de la derni\u00e8re course. L&rsquo;Espagnol, solide deuxi\u00e8me du championnat, a \u00e9t\u00e9 op\u00e9r\u00e9 le jour m\u00eame de sa chute et son \u00e9volution semble positive, ce qui va donc lui permettre de prendre la direction du Sachsenring. L&rsquo;\u00e9quipe Gresini indique ce mardi :\u00a0\u00ab\u00a0\u00c1lex se rendra en Allemagne jeudi afin de se soumettre \u00e0 un contr\u00f4le m\u00e9dical, avec l&rsquo;objectif d&rsquo;\u00eatre d\u00e9clar\u00e9 apte.\u00a0\u00bb<\/p>\n<p>En revanche, <a href=\"https:\/\/fr.motorsport.com\/driver\/jorge-martin\/109391\/\" rel=\"nofollow noopener\" target=\"_blank\">Jorge Mart\u00edn<\/a> manquera encore \u00e0 l&rsquo;appel au Sachsenring. Le champion du monde en titre approche du but cependant et il sera d&rsquo;ailleurs en piste demain, \u00e0 Misano, pour un premier test au guidon de l&rsquo;Aprilia MotoGP depuis qu&rsquo;il s&rsquo;est gravement bless\u00e9 au Qatar \u00e0 la mi-avril. Il devrait reprendre sa place sur la grille d\u00e8s la semaine prochaine, au GP de R\u00e9publique tch\u00e8que.<\/p>\n<p>Lire aussi :<\/p>\n<p>Dans cet article<\/p>\n<p>    L\u00e9na Buffa\n<\/p>\n<p>    MotoGP\n<\/p>\n<p>    \u00c1lex M\u00e1rquez\n<\/p>\n<p>    Luca Marini\n<\/p>\n<p>    Somkiat Chantra\n<\/p>\n<p>    Honda HRC\n<\/p>\n<p>    Team LCR\n<\/p>\n<p>    Gresini Racing\n<\/p>\n<p>Soyez le premier inform\u00e9 et souscrivez aux alertes mails pour recevoir les infos en temps r\u00e9el<\/p>\n<p>    S&rsquo;abonner aux alertes de news<\/p>\n","protected":false},"excerpt":{"rendered":"Somkiat Chantra, pilote de l&rsquo;\u00e9quipe LCR Honda, a \u00e9t\u00e9 op\u00e9r\u00e9 ce mardi \u00e0 la suite de sa chute&hellip;\n","protected":false},"author":2,"featured_media":235468,"comment_status":"","ping_status":"","sticky":false,"template":"","format":"standard","meta":{"footnotes":""},"categories":[1413],"tags":[1011,27,3452,3345,15966,1457,1456,1458,16689,60,3771,7896],"class_list":{"0":"post-235467","1":"post","2":"type-post","3":"status-publish","4":"format-standard","5":"has-post-thumbnail","7":"category-moto","8":"tag-fr","9":"tag-france","10":"tag-gresini-racing","11":"tag-honda-hrc","12":"tag-luca-marini","13":"tag-moto","14":"tag-motocycle","15":"tag-motogp","16":"tag-somkiat-chantra","17":"tag-sports","18":"tag-team-lcr","19":"tag-u00c1lex-mu00e1rquez"},"share_on_mastodon":{"url":"https:\/\/pubeurope.com\/@fr\/114818403905720509","error":""},"_links":{"self":[{"href":"https:\/\/www.europesays.com\/fr\/wp-json\/wp\/v2\/posts\/235467","targetHints":{"allow":["GET"]}}],"collection":[{"href":"https:\/\/www.europesays.com\/fr\/wp-json\/wp\/v2\/posts"}],"about":[{"href":"https:\/\/www.europesays.com\/fr\/wp-json\/wp\/v2\/types\/post"}],"author":[{"embeddable":true,"href":"https:\/\/www.europesays.com\/fr\/wp-json\/wp\/v2\/users\/2"}],"replies":[{"embeddable":true,"href":"https:\/\/www.europesays.com\/fr\/wp-json\/wp\/v2\/comments?post=235467"}],"version-history":[{"count":0,"href":"https:\/\/www.europesays.com\/fr\/wp-json\/wp\/v2\/posts\/235467\/revisions"}],"wp:featuredmedia":[{"embeddable":true,"href":"https:\/\/www.europesays.com\/fr\/wp-json\/wp\/v2\/media\/235468"}],"wp:attachment":[{"href":"https:\/\/www.europesays.com\/fr\/wp-json\/wp\/v2\/media?parent=235467"}],"wp:term":[{"taxonomy":"category","embeddable":true,"href":"https:\/\/www.europesays.com\/fr\/wp-json\/wp\/v2\/categories?post=235467"},{"taxonomy":"post_tag","embeddable":true,"href":"https:\/\/www.europesays.com\/fr\/wp-json\/wp\/v2\/tags?post=235467"}],"curies":[{"name":"wp","href":"https:\/\/api.w.org\/{rel}","templated":true}]}}