{"id":235475,"date":"2025-07-08T15:52:10","date_gmt":"2025-07-08T15:52:10","guid":{"rendered":"https:\/\/www.europesays.com\/fr\/235475\/"},"modified":"2025-07-08T15:52:10","modified_gmt":"2025-07-08T15:52:10","slug":"oh-la-flemme-reperee-dans-un-aeroport-adele-exarchopoulos-envoie-bouler-une-fan","status":"publish","type":"post","link":"https:\/\/www.europesays.com\/fr\/235475\/","title":{"rendered":"\u00ab\u00a0Oh la flemme !\u00a0\u00bb : rep\u00e9r\u00e9e dans un a\u00e9roport, Ad\u00e8le Exarchopoulos envoie bouler une fan"},"content":{"rendered":"<p>Au fil des interviews, on d\u00e9couvre qu&rsquo;<a href=\"https:\/\/www.public.fr\/star-academy-adele-exarchopoulos-debarque-au-chateau-et-met-les-pieds-dans-le-plat\" target=\"_blank\" rel=\"noopener\">Ad\u00e8le Exarchopoulos est sans doute la star<\/a> qui se prend le moins la t\u00eate, au cin\u00e9ma.<\/p>\n<p>En effet, elle d\u00e9clarait r\u00e9cemment : \u00ab\u00a0<strong>dans les films, je m&rsquo;en fous de mon apparence physique\u00a0\u00bb<\/strong>, \u00e0 Brut. Elle a aussi expliqu\u00e9 \u00e0 Madame Figaro qu&rsquo;elle ne comprenait <strong>pas le m\u00e9pris de classe<\/strong>, \u00e0 son \u00e9gard. Et ce, en raison de la fa\u00e7on dont elle s&rsquo;exprime. <\/p>\n<p>\u00c0 pr\u00e9sent, au d\u00e9tour d&rsquo;une interview accord\u00e9e \u00e0 Society, <a href=\"https:\/\/vsd.fr\/69919-il-a-pete-un-cable-adele-exarchopoulos-evoque-cash-ce-coup-de-gueule-de-son-pere-au-debut-de-sa-carriere\/\" target=\"_blank\" rel=\"noopener\">la jeune femme \u00e0 la Palme d&rsquo;Or<\/a> a confi\u00e9 une anecdote sur sa vie hors des plateaux. Et elle ach\u00e8vera de nous la faire adorer. <\/p>\n<p>Ad\u00e8le Exarchopoulos envoie bouler une fan<\/p>\n<p>\u00c0 la question <strong>\u00ab\u00a0\u00e7a t&rsquo;arrive de ne pas \u00eatre sympa avec les gens ?\u00a0\u00bb,<\/strong> la jeune femme a r\u00e9pondu : \u00ab\u00a0Bah oui\u00a0\u00bb. Et de d\u00e9voiler une histoire qui lui est arriv\u00e9e r\u00e9cemment, dans un a\u00e9roport au Japon. Elle explique que ce jour l\u00e0, elle \u00e9tait malade, elle a eu son fr\u00e8re au t\u00e9l\u00e9phone qui lui a annonc\u00e9 une mauvaise nouvelle. <\/p>\n<p>Et tandis qu&rsquo;elle est en train de s&rsquo;acheter du riz, Ad\u00e8le Exarchopoulos est interrompue par \u00ab\u00a0une meuf\u00a0\u00bb qui lui dit \u00ab\u00a0Helloooooo\u00a0\u00bb. Tr\u00e8s surprise, comme on pourrait l&rsquo;\u00eatre au bout du monde, l&rsquo;actrice de \u00ab\u00a0L&rsquo;amour ouf\u00a0\u00bb avoue qu&rsquo;elle ne s&rsquo;est pas maitris\u00e9e.<\/p>\n<p>Elle se souvient : \u00ab\u00a0L\u00e0, je fais un truc que je n&rsquo;ai jamais fait de ma vie, je sors un : &lsquo;<strong>Oh, la flemme.&rsquo; Comme une ado ! Elle va s&rsquo;asseoir\u00a0\u00bb.<\/strong> Et d&rsquo;ajouter : \u00ab\u00a0moi, je mange mon riz et je culpabilise, je m&rsquo;en veux tout de suite\u00a0\u00bb. <\/p>\n<p>Elle devient ensuite sa meilleure amie !<\/p>\n<p>Et Ad\u00e8le Exarchopoulos n&rsquo;en est pas rest\u00e9e l\u00e0. La compagne de Fran\u00e7ois Civil raconte : \u00ab\u00a0Donc je retourne la voir et je lui dis : Pardon, c&rsquo;est honteux. L<strong>a meuf venait de se faire quitter, et genre, on a parl\u00e9 pendant une heure, on a grave rigol\u00e9\u00a0\u00bb. <\/strong><\/p>\n<p>Au terme de cet \u00e9change, Ad\u00e8le Exarchopoulos s&rsquo;est sentie tellement \u00e0 l&rsquo;aise avec cette fan qu&rsquo;elle lui a dit : \u00ab\u00a0<strong>En septembre, je t&rsquo;\u00e9crirai et je suis s\u00fbre que tu l&rsquo;auras zapp\u00e9, ce mec\u00a0\u00bb.<\/strong><\/p>\n<p>      Mentionn\u00e9s dans cet article<\/p>\n<p>\u00c0 lire aussi<\/p>\n","protected":false},"excerpt":{"rendered":"Au fil des interviews, on d\u00e9couvre qu&rsquo;Ad\u00e8le Exarchopoulos est sans doute la star qui se prend le moins&hellip;\n","protected":false},"author":2,"featured_media":235476,"comment_status":"","ping_status":"","sticky":false,"template":"","format":"standard","meta":{"footnotes":""},"categories":[1359],"tags":[34114,58,59,3255,1011,27,11586,973],"class_list":{"0":"post-235475","1":"post","2":"type-post","3":"status-publish","4":"format-standard","5":"has-post-thumbnail","7":"category-people","8":"tag-adele-exarchopoulos","9":"tag-divertissement","10":"tag-entertainment","11":"tag-fans","12":"tag-fr","13":"tag-france","14":"tag-palme-dor","15":"tag-people"},"share_on_mastodon":{"url":"https:\/\/pubeurope.com\/@fr\/114818419537685995","error":""},"_links":{"self":[{"href":"https:\/\/www.europesays.com\/fr\/wp-json\/wp\/v2\/posts\/235475","targetHints":{"allow":["GET"]}}],"collection":[{"href":"https:\/\/www.europesays.com\/fr\/wp-json\/wp\/v2\/posts"}],"about":[{"href":"https:\/\/www.europesays.com\/fr\/wp-json\/wp\/v2\/types\/post"}],"author":[{"embeddable":true,"href":"https:\/\/www.europesays.com\/fr\/wp-json\/wp\/v2\/users\/2"}],"replies":[{"embeddable":true,"href":"https:\/\/www.europesays.com\/fr\/wp-json\/wp\/v2\/comments?post=235475"}],"version-history":[{"count":0,"href":"https:\/\/www.europesays.com\/fr\/wp-json\/wp\/v2\/posts\/235475\/revisions"}],"wp:featuredmedia":[{"embeddable":true,"href":"https:\/\/www.europesays.com\/fr\/wp-json\/wp\/v2\/media\/235476"}],"wp:attachment":[{"href":"https:\/\/www.europesays.com\/fr\/wp-json\/wp\/v2\/media?parent=235475"}],"wp:term":[{"taxonomy":"category","embeddable":true,"href":"https:\/\/www.europesays.com\/fr\/wp-json\/wp\/v2\/categories?post=235475"},{"taxonomy":"post_tag","embeddable":true,"href":"https:\/\/www.europesays.com\/fr\/wp-json\/wp\/v2\/tags?post=235475"}],"curies":[{"name":"wp","href":"https:\/\/api.w.org\/{rel}","templated":true}]}}