{"id":235491,"date":"2025-07-08T16:00:14","date_gmt":"2025-07-08T16:00:14","guid":{"rendered":"https:\/\/www.europesays.com\/fr\/235491\/"},"modified":"2025-07-08T16:00:14","modified_gmt":"2025-07-08T16:00:14","slug":"20-heures-questions-pour-un-champion-telematin-france-televisions-repond-aux-questions-qui-fachent","status":"publish","type":"post","link":"https:\/\/www.europesays.com\/fr\/235491\/","title":{"rendered":"\u00ab\u00a020 heures\u00a0\u00bb, \u00ab\u00a0Questions pour un champion\u00a0\u00bb, \u00ab\u00a0T\u00e9l\u00e9matin\u00a0\u00bb \u2026 France T\u00e9l\u00e9visions r\u00e9pond aux questions qui f\u00e2chent"},"content":{"rendered":"<p> \u00abLibert\u00e9, \u00e9galit\u00e9, France.tv\u00a0\u00bb. C\u2019est le slogan qu\u2019a lanc\u00e9 <a href=\"https:\/\/www.20minutes.fr\/dossier\/delphine-ernotte-cunci\" class=\"color-ultramarine c-link\" target=\"_blank\" rel=\"noopener\">Delphine Ernotte<\/a>, pr\u00e9sidente de <a href=\"https:\/\/www.20minutes.fr\/television\/france_televisions\/\" class=\"color-ultramarine c-link\" target=\"_blank\" rel=\"noopener\">France T\u00e9l\u00e9visions<\/a>, lors d\u2019une conf\u00e9rence de presse ce mardi matin. Devant un parterre de journalistes et de grandes figures du groupe, elle a pr\u00e9sent\u00e9 les nouveaut\u00e9s de la rentr\u00e9e, comme \u00ab\u00a0Bel &amp; Bien ensemble\u00a0\u00bb le nouveau magazine quotidien <a href=\"https:\/\/www.20minutes.fr\/arts-stars\/television\/4160752-20250627-maison-maternelles-agathe-lecaron-larmes-adieux-chanson\" class=\"color-ultramarine c-link\" target=\"_blank\" rel=\"noopener\">d\u2019Agathe Lecaron<\/a> sur la sant\u00e9 mentale sur <a href=\"https:\/\/www.20minutes.fr\/television\/france_2\/\" class=\"color-ultramarine c-link\" target=\"_blank\" rel=\"noopener\">France 2<\/a>, ou la nouvelle version des \u00ab\u00a0Maternelles XXL\u00a0\u00bb, pr\u00e9sent\u00e9e d\u00e9sormais par Marie Portolano sur France 4.<\/p>\n<p>Delphine Ernotte a \u00e9galement r\u00e9pondu aux questions br\u00fblantes du riche mercato qui a agit\u00e9 le groupe ces derni\u00e8res semaines avec le d\u00e9part d\u2019Anne-Sophie Lapix du 20 Heures ou le non-renouvellement du bin\u00f4me de pr\u00e9sentateurs de \u00ab\u00a0T\u00e9l\u00e9matin\u00a0\u00bb. 20 Minutes vous r\u00e9sume les annonces.<\/p>\n<p>Qui seront les nouveaux visages de \u00ab\u00a0T\u00e9l\u00e9matin\u00a0\u00bb\u00a0?<\/p>\n<p>A partir de septembre, \u00ab\u00a0\u00ab\u00a0T\u00e9l\u00e9matin\u00a0\u00bb\u00a0va se renouveler dans la continuit\u00e9\u00a0\u00bb avec Maya Lauqu\u00e9 et Damien Th\u00e9venot, les nouveaux pr\u00e9sentateurs de la matinale de France 2 en semaine. Pour les remplacer le week-end, Delphine Ernotte a fait appel \u00e0 Samuel Ollivier et M\u00e9lanie Taravant. C m\u00e9diatique, l\u2019\u00e9mission qu\u2019animait cette derni\u00e8re sur France 5 depuis\u00a02022, ne sera pas renouvel\u00e9e.<\/p>\n<p>Quid du <a href=\"https:\/\/www.20minutes.fr\/arts-stars\/television\/4161490-20250702-telematin-mis-ecart-flavie-flament-julien-arnaud-vont-quitter-matinale-france-2\" class=\"color-ultramarine c-link\" target=\"_blank\" rel=\"noopener\">bin\u00f4me actuel \u00e9cart\u00e9 de \u00ab\u00a0T\u00e9l\u00e9matin\u00a0<\/a>\u00bb au bout d\u2019un an seulement\u00a0? De son c\u00f4t\u00e9, Julien Arnaud pr\u00e9sentera le 20 heures de France 2 cet \u00e9t\u00e9 puis <a href=\"https:\/\/www.20minutes.fr\/arts-stars\/television\/4162548-20250708-ecarte-telematin-journaliste-julien-arnaud-quitte-france-2-rejoindre-bfmtv\" class=\"color-ultramarine c-link\" target=\"_blank\" rel=\"noopener\">rejoindra ensuite BFMTV<\/a>. \u00ab\u00a0Comme tout journaliste, il a sa libert\u00e9. On lui a propos\u00e9 plein de choses, on a discut\u00e9 ensemble. Il y avait beaucoup de perspectives au sein du groupe France T\u00e9l\u00e9visions pour lui, il a pr\u00e9f\u00e9r\u00e9 autre chose. C\u2019est son droit, c\u2019est son choix\u00a0\u00bb, a comment\u00e9 Alexandre Kara, directeur de l\u2019info du groupe, ajoutant avoir pass\u00e9 une \u00ab\u00a0formidable ann\u00e9e\u00a0\u00bb avec lui et lui souhaitant \u00ab\u00a0plein de bonnes choses\u00a0\u00bb.<\/p>\n<p>Quant \u00e0 Flavie Flament, elle partira sur France 3 afin de pr\u00e9senter un nouveau programme intitul\u00e9 \u00ab\u00a0En France\u00a0\u00bb, une \u00e9mission itin\u00e9rante \u00e0 travers la France.<\/p>\n<p>A quoi va ressembler le nouveau \u00ab\u00a020 heures\u00a0\u00bb de France 2\u00a0?<\/p>\n<p>Lors de cette conf\u00e9rence de presse, <a href=\"https:\/\/www.20minutes.fr\/dossier\/lea_salame\" class=\"color-ultramarine c-link\" target=\"_blank\" rel=\"noopener\">L\u00e9a Salam\u00e9<\/a> s\u2019est pr\u00e9sent\u00e9e depuis le plateau du \u00ab\u00a020 heures\u00a0\u00bb de France 2, qu\u2019elle pr\u00e9sentera \u00e0 partir du lundi 1er\u00a0septembre. \u00ab\u00a0On est tr\u00e8s seul, il fait un peu froid\u00a0\u00bb a-t-elle plaisant\u00e9, ajoutant avoir une \u00ab\u00a0petite pens\u00e9e\u00a0\u00bb pour sa pr\u00e9d\u00e9cesseure <a href=\"https:\/\/www.20minutes.fr\/dossier\/anne-sophie-lapix\" class=\"color-ultramarine c-link\" target=\"_blank\" rel=\"noopener\">Anne-Sophie Lapix<\/a>. \u00ab\u00a0On va tenter des choses. On va tenter de mettre en valeur au maximum le travail de la r\u00e9daction, avec mon ton que vous connaissez, mon histoire, mon parcours\u00a0\u00bb, a pr\u00e9cis\u00e9 L\u00e9a Salam\u00e9.<\/p>\n<\/p>\n<p>Interrog\u00e9e sur les nombreux changements de visages de l\u2019info sur France 2, notamment du JT du soir, Delphine Ernotte a expliqu\u00e9 souhaiter \u00ab\u00a0qu\u2019on r\u00e9interroge\u00a0\u00bb cette partie de la soir\u00e9e, \u00ab\u00a0consid\u00e9rant qu\u2019il y a quand m\u00eame beaucoup de gens qui sont en train de se d\u00e9tourner des informations parce qu\u2019ils sont trop angoiss\u00e9s.\u00a0\u00bb<\/p>\n<p>Elle poursuit\u00a0: \u00ab\u00a0Comment est-ce qu\u2019on fait pour r\u00e9ussir ce truc impossible de communiquer des informations sur des conflits dramatiques et en m\u00eame temps garder les gens avec soi\u00a0? Cette esp\u00e8ce de n\u00e9cessit\u00e9 de tisser ce lien, d\u2019\u00eatre plus accessible aussi. On est parfois complexe dans notre fa\u00e7on de parler, d\u2019embarquer les gens avec nous, \u00e7a me semble un axe de travail\u00a0important.\u00a0\u00bb<\/p>\n<p>\u00ab\u00a0Questions pour un champion\u00a0\u00bb a-t-il une chance d\u2019\u00eatre maintenu en semaine sur France 3\u00a0?<\/p>\n<p>Fin juin, on apprenait <a href=\"https:\/\/www.20minutes.fr\/arts-stars\/culture\/4160918-20250628-questions-champion-plus-diffuse-semaine\" class=\"color-ultramarine c-link\" target=\"_blank\" rel=\"noopener\">l\u2019arr\u00eat de la diffusion en semaine du jeu<\/a> pr\u00e9sent\u00e9 par Samuel Etienne. Une d\u00e9cision sur laquelle ne reviendra pas Delphine Ernotte. \u00ab\u00a0On a pris le risque de privil\u00e9gier les nouveaut\u00e9s fran\u00e7aises au d\u00e9triment des anciens jeux, pour pr\u00e9cis\u00e9ment nous renouveler\u00a0\u00bb, a expliqu\u00e9 la pr\u00e9sidente de France T\u00e9l\u00e9visions. Concr\u00e8tement, France 3 allongera ses fictions du d\u00e9but de l\u2019apr\u00e8s-midi et avancera \u00ab\u00a0Duels en famille\u00a0\u00bb et \u00ab\u00a0Slam\u00a0\u00bb.<\/p>\n<p>\u00ab\u00a0\u00c9videmment, quand on fait un choix par \u00e9conomie, on fait un choix qui n\u2019est pas g\u00e9nial, a ajout\u00e9 St\u00e9phane Sitbon-Gomez, directeur des antennes et des programmes de France T\u00e9l\u00e9. On fait un choix entre trois jeux, on a choisi la nouveaut\u00e9, la cr\u00e9ation. Je comprends totalement l\u2019\u00e9motion qu\u2019il y a autour de \u00ab\u00a0Questions pour un champion\u00a0\u00bb.\u00a0\u00bb Pour conclure, St\u00e9phane Sitbon-Gomez s\u2019est voulu rassurant, confirmant que le jeu ne dispara\u00eetra pas le week-end.<\/p>\n<p>Laurence Boccolini restera-t-elle sur France T\u00e9l\u00e9visions\u00a0?<\/p>\n<p>Autre grand changement du c\u00f4t\u00e9 de France 2, <a href=\"https:\/\/www.20minutes.fr\/arts-stars\/people\/4161093-20250630-bon-etre-aimee-laurence-boccolini-reagit-eviction-enfants-tele\" class=\"color-ultramarine c-link\" target=\"_blank\" rel=\"noopener\">Laurence Boccolini ne pr\u00e9sentera plus \u00ab\u00a0Les enfants de la t\u00e9l\u00e9\u00a0\u00bb<\/a> \u00e0 la rentr\u00e9e, remplac\u00e9e par Faustine Bollaert. Mais que les fans de l\u2019animatrice gardent espoir, Laurence Boccolini restera sur France T\u00e9l\u00e9s.<\/p>\n<p>\u00ab\u00a0Laurence reste bien avec nous, a confirm\u00e9 le directeur des antennes et des programmes. Elle animera \u00ab\u00a0Mot de passe\u00a0\u00bb, mais pas seulement. On souhaite qu\u2019elle puisse porter beaucoup de prime times de divertissement. On parle notamment avec elle du \u00ab\u00a0Quiz des champions\u00a0\u00bb et d\u2019un nouveau divertissement que vous verrez \u00e0 la rentr\u00e9e. On compte sur Laurence avec nous.\u00a0\u00bb<\/p>\n","protected":false},"excerpt":{"rendered":"\u00abLibert\u00e9, \u00e9galit\u00e9, France.tv\u00a0\u00bb. C\u2019est le slogan qu\u2019a lanc\u00e9 Delphine Ernotte, pr\u00e9sidente de France T\u00e9l\u00e9visions, lors d\u2019une conf\u00e9rence de&hellip;\n","protected":false},"author":2,"featured_media":235492,"comment_status":"","ping_status":"","sticky":false,"template":"","format":"standard","meta":{"footnotes":""},"categories":[8],"tags":[21313,58,59,1011,27,876,4467,2400,594,34700,3806,500,11012,252],"class_list":{"0":"post-235491","1":"post","2":"type-post","3":"status-publish","4":"format-standard","5":"has-post-thumbnail","7":"category-divertissement","8":"tag-anne-sophie-lapix","9":"tag-divertissement","10":"tag-entertainment","11":"tag-fr","12":"tag-france","13":"tag-france-3","14":"tag-france-5","15":"tag-france-televisions","16":"tag-france-2","17":"tag-jt","18":"tag-lea-salame","19":"tag-medias","20":"tag-questions-pour-un-champion","21":"tag-television"},"share_on_mastodon":{"url":"https:\/\/pubeurope.com\/@fr\/114818451349045511","error":""},"_links":{"self":[{"href":"https:\/\/www.europesays.com\/fr\/wp-json\/wp\/v2\/posts\/235491","targetHints":{"allow":["GET"]}}],"collection":[{"href":"https:\/\/www.europesays.com\/fr\/wp-json\/wp\/v2\/posts"}],"about":[{"href":"https:\/\/www.europesays.com\/fr\/wp-json\/wp\/v2\/types\/post"}],"author":[{"embeddable":true,"href":"https:\/\/www.europesays.com\/fr\/wp-json\/wp\/v2\/users\/2"}],"replies":[{"embeddable":true,"href":"https:\/\/www.europesays.com\/fr\/wp-json\/wp\/v2\/comments?post=235491"}],"version-history":[{"count":0,"href":"https:\/\/www.europesays.com\/fr\/wp-json\/wp\/v2\/posts\/235491\/revisions"}],"wp:featuredmedia":[{"embeddable":true,"href":"https:\/\/www.europesays.com\/fr\/wp-json\/wp\/v2\/media\/235492"}],"wp:attachment":[{"href":"https:\/\/www.europesays.com\/fr\/wp-json\/wp\/v2\/media?parent=235491"}],"wp:term":[{"taxonomy":"category","embeddable":true,"href":"https:\/\/www.europesays.com\/fr\/wp-json\/wp\/v2\/categories?post=235491"},{"taxonomy":"post_tag","embeddable":true,"href":"https:\/\/www.europesays.com\/fr\/wp-json\/wp\/v2\/tags?post=235491"}],"curies":[{"name":"wp","href":"https:\/\/api.w.org\/{rel}","templated":true}]}}