{"id":235497,"date":"2025-07-08T16:03:20","date_gmt":"2025-07-08T16:03:20","guid":{"rendered":"https:\/\/www.europesays.com\/fr\/235497\/"},"modified":"2025-07-08T16:03:20","modified_gmt":"2025-07-08T16:03:20","slug":"la-bulgarie-21e-pays-a-adopter-leuro-08-07-2025-a-1655","status":"publish","type":"post","link":"https:\/\/www.europesays.com\/fr\/235497\/","title":{"rendered":"La Bulgarie, 21e pays \u00e0 adopter l&rsquo;euro &#8211; 08\/07\/2025 \u00e0 16:55"},"content":{"rendered":"<p>        <img fetchpriority=\"high\" decoding=\"async\" src=\"https:\/\/www.europesays.com\/fr\/wp-content\/uploads\/2025\/07\/baa58928bdd78102ff68c9267c6d6c19-760x507.jpg\" alt=\"Un bureau de change \u00e0 Sofia, en Bulgarie, le 4 juin 2025 ( AFP \/ Nikolay DOYCHINOV )\" loading=\"eager\" width=\"760\" height=\"507\" style=\"max-width: 100%!important; height: auto;\"\/><\/p>\n<p class=\"c-image-news__legend\">Un bureau de change \u00e0 Sofia, en Bulgarie, le 4 juin 2025 ( AFP \/ Nikolay DOYCHINOV )<\/p>\n<p>\n Un 21e pays va bient\u00f4t passer \u00e0 l&rsquo;euro: les ministres des Finances de l&rsquo;Union europ\u00e9enne ont donn\u00e9 mardi leur feu vert final \u00e0 l&rsquo;adoption de cette monnaie par la Bulgarie.\n<\/p>\n<p>\n D\u00e8s le 1er janvier 2026, ce pays des Balkans, le plus pauvre du bloc, abandonnera sa monnaie nationale, le lev, au profit de l&rsquo;euro.\n<\/p>\n<p>\n \u00ab\u00a0Nous l&rsquo;avons fait!\u00a0\u00bb, a applaudi le Premier ministre bulgare Rossen Jeliazkov sur le r\u00e9seau social X, qualifiant ce moment d'\u00a0\u00bbhistorique\u00a0\u00bb.\n<\/p>\n<p>\n \u00ab\u00a0L&rsquo;euro va renforcer l&rsquo;\u00e9conomie bulgare et apporter d&rsquo;importants avantages aux citoyens et aux entreprises de ce pays\u00a0\u00bb, a assur\u00e9 la pr\u00e9sidente de la Commission europ\u00e9enne, Ursula von der Leyen, \u00e0 l&rsquo;issue du vote des ministres des Finances.\n<\/p>\n<p>\n Le feu vert des 27 Etats membres de l&rsquo;UE n&rsquo;\u00e9tait qu&rsquo;une simple formalit\u00e9. La Commission europ\u00e9enne avait d\u00e9j\u00e0 estim\u00e9 d\u00e9but juin que la Bulgarie respectait l&rsquo;ensemble des conditions n\u00e9cessaires pour adopter l&rsquo;euro.\n<\/p>\n<p>\n La Banque centrale europ\u00e9enne (BCE) avait \u00e9galement \u00e9mis un avis positif. \u00ab\u00a0F\u00e9licitations \u00e0 la Bulgarie!\u00a0\u00bb a salu\u00e9 mardi sa pr\u00e9sidente, Christine Lagarde.\n<\/p>\n<p> &#8211; \u00ab\u00a0Non \u00e0 l&rsquo;euro\u00a0\u00bb &#8211;<\/p>\n<p>\n En Bulgarie, membre de l&rsquo;UE depuis 2007, la perspective d&rsquo;abandonner la monnaie nationale est pourtant loin de faire l&rsquo;unanimit\u00e9.\n<\/p>\n<p>\n Au cours des derni\u00e8res semaines, plusieurs milliers de manifestants se sont r\u00e9unis dans les rues de la capitale Sofia, brandissant des pancartes \u00ab\u00a0Non \u00e0 l&rsquo;euro\u00a0\u00bb. Certains d&rsquo;entre eux ont install\u00e9 leurs tentes devant les locaux de la banque centrale bulgare pour exprimer leur opposition au projet.\n<\/p>\n<p>        <img decoding=\"async\" src=\"https:\/\/www.europesays.com\/fr\/wp-content\/uploads\/2025\/07\/12390838ba9e5a6b92ea6f10faac4047-760x507.jpg\" alt=\"Des manifestants brandissent des pancartes &quot;Nous ne voulons pas de l'euro&quot;, \u00e0 Sofia, le 4 juin 2025 ( AFP \/ Nikolay DOYCHINOV )\" loading=\"eager\" width=\"760\" height=\"507\" style=\"max-width: 100%!important; height: auto;\"\/><\/p>\n<p class=\"c-image-news__legend\">Des manifestants brandissent des pancartes \u00ab\u00a0Nous ne voulons pas de l&rsquo;euro\u00a0\u00bb, \u00e0 Sofia, le 4 juin 2025 ( AFP \/ Nikolay DOYCHINOV )<\/p>\n<p>\n La principale crainte est que le changement de monnaie alimente une flamb\u00e9e des prix, qui pourrait nourrir en retour la col\u00e8re des europhobes.\n<\/p>\n<p>\n Selon des sondages r\u00e9cents, pr\u00e8s de la moiti\u00e9 des personnes interrog\u00e9es s&rsquo;opposent \u00e0 l&rsquo;entr\u00e9e du pays dans la zone euro l&rsquo;an prochain.\n<\/p>\n<p>\n Les partisans de l&rsquo;euro y voient au contraire une \u00e9tape importante, qui renforcerait l&rsquo;ancrage g\u00e9opolitique occidental de la Bulgarie. Et la prot\u00e9gerait contre l&rsquo;influence de Moscou.\n<\/p>\n<p>\n \u00ab\u00a0Cela fait longtemps que nous sommes arrim\u00e9s \u00e0 l&rsquo;euro, et les retomb\u00e9es politiques sont de plus en plus nombreuses\u00a0\u00bb, a jug\u00e9 Veselin Dimitrov, crois\u00e9 par l&rsquo;AFP mardi dans les rues de Sofia. Le musicien de 43 ans voit dans les manifestations anti-euro \u00ab\u00a0la marque du Kremlin\u00a0\u00bb.\n<\/p>\n<p>\n \u00ab\u00a0Mais l&rsquo;euro n&rsquo;est pas une baguette magique qui r\u00e9soudra nos probl\u00e8mes syst\u00e9miques\u00a0\u00bb, a-t-il pr\u00e9venu.\n<\/p>\n<p> &#8211; L&rsquo;exception danoise &#8211;<\/p>\n<p>\n Mardi, le Premier ministre bulgare s&rsquo;est engag\u00e9 \u00e0 ce que l&rsquo;adoption de cette nouvelle monnaie se fasse de mani\u00e8re \u00ab\u00a0harmonieuse\u00a0\u00bb et \u00ab\u00a0efficace\u00a0\u00bb.\n<\/p>\n<p>\n La Bulgarie aurait souhait\u00e9 passer \u00e0 l&rsquo;euro plus t\u00f4t, mais elle en avait \u00e9t\u00e9 emp\u00each\u00e9e jusqu&rsquo;ici en raison d&rsquo;une inflation trop \u00e9lev\u00e9e sur fond de grave crise politique.\n<\/p>\n<p>        <img decoding=\"async\" src=\"https:\/\/www.europesays.com\/fr\/wp-content\/uploads\/2025\/06\/163037196fa273e99447a96258d64665-760x507.jpg\" alt=\"La zone euro rassemble d\u00e9j\u00e0 350 millions d'habitants ( AFP \/ Kirill KUDRYAVTSEV )\" loading=\"eager\" width=\"760\" height=\"507\" style=\"max-width: 100%!important; height: auto;\"\/><\/p>\n<p class=\"c-image-news__legend\">La zone euro rassemble d\u00e9j\u00e0 350 millions d&rsquo;habitants ( AFP \/ Kirill KUDRYAVTSEV )<\/p>\n<p>\n La monnaie unique europ\u00e9enne a \u00e9t\u00e9 lanc\u00e9e le 1er janvier 1999 pour les transactions \u00e9lectroniques.\n<\/p>\n<p>\n Mais elle a pris une forme concr\u00e8te \u00e0 partir du 1er janvier 2002, avec la mise en circulation des pi\u00e8ces et des billets en euro, en remplacement alors des devises nationales de 12 Etats membres de l&rsquo;UE, dont l&rsquo;Allemagne, la France, l&rsquo;Italie et l&rsquo;Espagne.\n<\/p>\n<p>\n Ils ont \u00e9t\u00e9 rejoints plus tard par huit autres pays: la Slov\u00e9nie, Chypre, Malte, la Slovaquie, l&rsquo;Estonie, la Lettonie, la Lituanie et, derni\u00e8re en date, la Croatie en 2023.\n<\/p>\n<p>\n Tous les pays de l&rsquo;UE se sont engag\u00e9s en th\u00e9orie \u00e0 y adh\u00e9rer d\u00e8s qu&rsquo;ils remplissent les conditions, mais aucun calendrier n&rsquo;est fix\u00e9. Seule exception: le Danemark qui a n\u00e9goci\u00e9 une exemption apr\u00e8s un r\u00e9f\u00e9rendum ayant rejet\u00e9 l&rsquo;euro en 2000.<\/p>\n","protected":false},"excerpt":{"rendered":"Un bureau de change \u00e0 Sofia, en Bulgarie, le 4 juin 2025 ( AFP \/ Nikolay DOYCHINOV )&hellip;\n","protected":false},"author":2,"featured_media":235498,"comment_status":"","ping_status":"","sticky":false,"template":"","format":"standard","meta":{"footnotes":""},"categories":[5],"tags":[400,11,398,408,405,1011,27,403,14,402,399,404,12,401,406,407,28],"class_list":{"0":"post-235497","1":"post","2":"type-post","3":"status-publish","4":"format-standard","5":"has-post-thumbnail","7":"category-international","8":"tag-action-cac-40","9":"tag-actualites","10":"tag-bourse-de-paris","11":"tag-boursorama","12":"tag-cotations","13":"tag-fr","14":"tag-france","15":"tag-indices-devises","16":"tag-international","17":"tag-investir","18":"tag-investissement","19":"tag-marche-boursier","20":"tag-news","21":"tag-sicav","22":"tag-trackers","23":"tag-warrants","24":"tag-world"},"share_on_mastodon":{"url":"https:\/\/pubeurope.com\/@fr\/114818463051378493","error":""},"_links":{"self":[{"href":"https:\/\/www.europesays.com\/fr\/wp-json\/wp\/v2\/posts\/235497","targetHints":{"allow":["GET"]}}],"collection":[{"href":"https:\/\/www.europesays.com\/fr\/wp-json\/wp\/v2\/posts"}],"about":[{"href":"https:\/\/www.europesays.com\/fr\/wp-json\/wp\/v2\/types\/post"}],"author":[{"embeddable":true,"href":"https:\/\/www.europesays.com\/fr\/wp-json\/wp\/v2\/users\/2"}],"replies":[{"embeddable":true,"href":"https:\/\/www.europesays.com\/fr\/wp-json\/wp\/v2\/comments?post=235497"}],"version-history":[{"count":0,"href":"https:\/\/www.europesays.com\/fr\/wp-json\/wp\/v2\/posts\/235497\/revisions"}],"wp:featuredmedia":[{"embeddable":true,"href":"https:\/\/www.europesays.com\/fr\/wp-json\/wp\/v2\/media\/235498"}],"wp:attachment":[{"href":"https:\/\/www.europesays.com\/fr\/wp-json\/wp\/v2\/media?parent=235497"}],"wp:term":[{"taxonomy":"category","embeddable":true,"href":"https:\/\/www.europesays.com\/fr\/wp-json\/wp\/v2\/categories?post=235497"},{"taxonomy":"post_tag","embeddable":true,"href":"https:\/\/www.europesays.com\/fr\/wp-json\/wp\/v2\/tags?post=235497"}],"curies":[{"name":"wp","href":"https:\/\/api.w.org\/{rel}","templated":true}]}}