{"id":235499,"date":"2025-07-08T16:04:12","date_gmt":"2025-07-08T16:04:12","guid":{"rendered":"https:\/\/www.europesays.com\/fr\/235499\/"},"modified":"2025-07-08T16:04:12","modified_gmt":"2025-07-08T16:04:12","slug":"linfluenceuse-soraya-riffy-raconte-le-cambriolage-violent-dont-elle-a-ete-victime","status":"publish","type":"post","link":"https:\/\/www.europesays.com\/fr\/235499\/","title":{"rendered":"l&rsquo;influenceuse Soraya Riffy raconte le cambriolage violent dont elle a \u00e9t\u00e9 victime"},"content":{"rendered":"<p>Soraya Riffy, qui avait annonc\u00e9 par la voie de ses avocats avoir \u00e9t\u00e9 victime d\u2019un violent cambriolage pendant la soir\u00e9e du vendredi 4 juillet 2025, a livr\u00e9 son t\u00e9moignage aupr\u00e8s de BFM TV. Deux hommes se sont introduits \u00e0 l&rsquo;int\u00e9rieur de son domicile marseillais apr\u00e8s que l\u2019un d\u2019eux se soit \u201cpr\u00e9sent\u00e9 comme \u00e9tant un voisin qui n\u2019avait pas ses cl\u00e9s\u201d. La jeune femme aurait alors \u00e9t\u00e9 menac\u00e9e avec \u201cdes armes \u00e0 feu\u201d et \u201cdes cutters\u201d, aurait \u00e9t\u00e9 asperg\u00e9e d\u2019eau de Javel, et soup\u00e7onnerait avoir subi un viol. BFM TV a diffus\u00e9 son t\u00e9moignage mardi 8 juillet 2025.<\/p>\n<p>Les propos sont durs. \u201cJ\u2019avais un calibre sur la t\u00eate, je me suis pris des coups de cutter dans les mains\u201d, commence-t-elle, avant de d\u00e9crire : \u201cJe me suis pris de nombreux coups de poing dans le visage, j\u2019\u00e9tais d\u00e9figur\u00e9e, je pissais le sang.\u201d Dans le communiqu\u00e9 publi\u00e9 par ses avocats sur le compte Instagram de Soraya Riffy, Me Tom Michel relatait que sa cliente souffrait d\u2019une \u201ccommotion c\u00e9r\u00e9brale, [a] le nez compl\u00e8tement cass\u00e9 et au niveau psychologique, elle est d\u00e9truite. Son corps est une sc\u00e8ne de crime.\u201d \u00c0 BFM TV, elle pr\u00e9cise : \u201cIls m\u2019ont attach\u00e9e, ligot\u00e9e. Du coup, j\u2019avais des extr\u00e9mit\u00e9s du corps qui sont devenues bleues, parce que c\u2019\u00e9tait trop serr\u00e9.\u201d<\/p>\n<p>Selon elle, \u201cc\u2019est ce qui a fait que j\u2019ai perdu connaissance et que j\u2019ai convuls\u00e9\u201d. Sa perte de connaissance aurait caus\u00e9 un \u201ctrou noir\u201d chez Soraya Riffy, qui explique que \u201cc\u2019est pour \u00e7a qu\u2019[elle] ne sait pas si [elle] a \u00e9t\u00e9 viol\u00e9e\u201d. Dans son communiqu\u00e9, les avocats de la victime (&#8230;)<\/p>\n<p>(&#8230;) <a href=\"https:\/\/www.femmeactuelle.fr\/actu\/news-actu\/jetais-une-boucherie-pendant-une-heure-et-demie-soraya-riffy-raconte-le-cambriolage-violent-dont-elle-a-ete-victime-2195483\" rel=\"nofollow noopener\" target=\"_blank\" data-ylk=\"slk:Cliquez ici pour voir la suite;elm:context_link;itc:0;sec:content-canvas\" class=\"link \">Cliquez ici pour voir la suite<\/a><\/p>\n<p><a href=\"https:\/\/www.femmeactuelle.fr\/actu\/news-actu\/ligotee-tabassee-menacee-avec-une-arme-aspergee-d-eau-de-javel-linfuenceuse-soraya-riffy-victime-dun-violent-cambriolage-2195395\" rel=\"nofollow noopener\" target=\"_blank\" data-ylk=\"slk:Ligot\u00e9e, tabass\u00e9e, menac\u00e9e avec une arme, asperg\u00e9e d&#039;eau de Javel\u2026 L\u2019infuenceuse Soraya Riffy victime d\u2019un violent cambriolage;elm:context_link;itc:0;sec:content-canvas\" class=\"link \">Ligot\u00e9e, tabass\u00e9e, menac\u00e9e avec une arme, asperg\u00e9e d&rsquo;eau de Javel\u2026 L\u2019infuenceuse Soraya Riffy victime d\u2019un violent cambriolage<\/a><br \/><a href=\"https:\/\/www.femmeactuelle.fr\/actu\/news-actu\/je-ne-me-regarde-plus-ophelie-winter-se-confie-sur-le-violent-cambriolage-dont-elle-a-ete-victime-qui-la-laissee-defiguree-dans-c-a-vous-2193672\" rel=\"nofollow noopener\" target=\"_blank\" data-ylk=\"slk:&quot;Je ne me regarde plus&quot; : Oph\u00e9lie Winter se confie sur le violent cambriolage dont elle a \u00e9t\u00e9 victime qui l\u2019a laiss\u00e9e d\u00e9figur\u00e9e dans C \u00e0 vous;elm:context_link;itc:0;sec:content-canvas\" class=\"link \">\u00ab\u00a0Je ne me regarde plus\u00a0\u00bb : Oph\u00e9lie Winter se confie sur le violent cambriolage dont elle a \u00e9t\u00e9 victime qui l\u2019a laiss\u00e9e d\u00e9figur\u00e9e dans C \u00e0 vous<\/a><br \/><a href=\"https:\/\/www.femmeactuelle.fr\/actu\/news-actu\/orthographe-doit-on-ecrire-une-demie-heure-ou-une-demi-heure-voici-la-reponse-2178167\" rel=\"nofollow noopener\" target=\"_blank\" data-ylk=\"slk:Faut-il \u00e9crire &quot;une demie-heure&quot; ou &quot;une demi-heure&quot; ? Voici la r\u00e9ponse;elm:context_link;itc:0;sec:content-canvas\" class=\"link \">Faut-il \u00e9crire \u00ab\u00a0une demie-heure\u00a0\u00bb ou \u00ab\u00a0une demi-heure\u00a0\u00bb ? Voici la r\u00e9ponse<\/a><br \/><a href=\"https:\/\/www.femmeactuelle.fr\/actu\/news-actu\/jai-pense-que-jetais-defiguree-sylvie-vartan-revient-sur-ce-grave-accident-dont-elle-a-ete-victime-2170096\" rel=\"nofollow noopener\" target=\"_blank\" data-ylk=\"slk:&quot;J\u2019ai pens\u00e9 que j\u2019\u00e9tais d\u00e9figur\u00e9e&quot; : Sylvie Vartan revient sur ce grave accident dont elle a \u00e9t\u00e9 victime;elm:context_link;itc:0;sec:content-canvas\" class=\"link \">\u00ab\u00a0J\u2019ai pens\u00e9 que j\u2019\u00e9tais d\u00e9figur\u00e9e\u00a0\u00bb : Sylvie Vartan revient sur ce grave accident dont elle a \u00e9t\u00e9 victime<\/a><br \/><a href=\"https:\/\/www.femmeactuelle.fr\/actu\/news-actu\/jean-luc-reichmann-ses-confidences-sur-la-tentative-de-cambriolage-violente-dont-il-a-ete-victime-2173222\" rel=\"nofollow noopener\" target=\"_blank\" data-ylk=\"slk:Jean-Luc Reichmann : ses confidences sur la tentative de cambriolage &quot;violente&quot; dont il a \u00e9t\u00e9 victime;elm:context_link;itc:0;sec:content-canvas\" class=\"link \">Jean-Luc Reichmann : ses confidences sur la tentative de cambriolage \u00ab\u00a0violente\u00a0\u00bb dont il a \u00e9t\u00e9 victime<\/a><\/p>\n","protected":false},"excerpt":{"rendered":"Soraya Riffy, qui avait annonc\u00e9 par la voie de ses avocats avoir \u00e9t\u00e9 victime d\u2019un violent cambriolage pendant&hellip;\n","protected":false},"author":2,"featured_media":235500,"comment_status":"","ping_status":"","sticky":false,"template":"","format":"standard","meta":{"footnotes":""},"categories":[4],"tags":[11,10943,1011,27,12,37419,25,36927,37418,9418],"class_list":{"0":"post-235499","1":"post","2":"type-post","3":"status-publish","4":"format-standard","5":"has-post-thumbnail","7":"category-france","8":"tag-actualites","9":"tag-bfm-tv","10":"tag-fr","11":"tag-france","12":"tag-news","13":"tag-perte-de-connaissance","14":"tag-republique-francaise","15":"tag-soraya","16":"tag-soraya-riffy","17":"tag-victime"},"share_on_mastodon":{"url":"https:\/\/pubeurope.com\/@fr\/114818466687569926","error":""},"_links":{"self":[{"href":"https:\/\/www.europesays.com\/fr\/wp-json\/wp\/v2\/posts\/235499","targetHints":{"allow":["GET"]}}],"collection":[{"href":"https:\/\/www.europesays.com\/fr\/wp-json\/wp\/v2\/posts"}],"about":[{"href":"https:\/\/www.europesays.com\/fr\/wp-json\/wp\/v2\/types\/post"}],"author":[{"embeddable":true,"href":"https:\/\/www.europesays.com\/fr\/wp-json\/wp\/v2\/users\/2"}],"replies":[{"embeddable":true,"href":"https:\/\/www.europesays.com\/fr\/wp-json\/wp\/v2\/comments?post=235499"}],"version-history":[{"count":0,"href":"https:\/\/www.europesays.com\/fr\/wp-json\/wp\/v2\/posts\/235499\/revisions"}],"wp:featuredmedia":[{"embeddable":true,"href":"https:\/\/www.europesays.com\/fr\/wp-json\/wp\/v2\/media\/235500"}],"wp:attachment":[{"href":"https:\/\/www.europesays.com\/fr\/wp-json\/wp\/v2\/media?parent=235499"}],"wp:term":[{"taxonomy":"category","embeddable":true,"href":"https:\/\/www.europesays.com\/fr\/wp-json\/wp\/v2\/categories?post=235499"},{"taxonomy":"post_tag","embeddable":true,"href":"https:\/\/www.europesays.com\/fr\/wp-json\/wp\/v2\/tags?post=235499"}],"curies":[{"name":"wp","href":"https:\/\/api.w.org\/{rel}","templated":true}]}}