{"id":235509,"date":"2025-07-08T16:09:29","date_gmt":"2025-07-08T16:09:29","guid":{"rendered":"https:\/\/www.europesays.com\/fr\/235509\/"},"modified":"2025-07-08T16:09:29","modified_gmt":"2025-07-08T16:09:29","slug":"innovation-days-bioeconomie-et-territoire-24-25-septembre-2025-a-nancy-factuel","status":"publish","type":"post","link":"https:\/\/www.europesays.com\/fr\/235509\/","title":{"rendered":"Innovation days Bio\u00e9conomie et Territoire \u2013 24 &#038; 25 septembre 2025 \u00e0 Nancy | Factuel"},"content":{"rendered":"<p style=\"font-size: 13.008px;\"><strong>Dans le cadre du mois de la bio\u00e9conomie, l\u2019Universit\u00e9 de Lorraine et ses partenaires organisent deux journ\u00e9es phares autour de la th\u00e9matique\u00a0Bio\u00e9conomie et territoire\u00a0les 24 et\u00a025 septembre 2025\u00a0\u00e0 Nancy.<\/strong><\/p>\n<p style=\"font-size: 13.008px;\">Ces deux journ\u00e9es viendront interroger le lien entre ressources et coop\u00e9rations territoriales \u00e0 travers deux questions :<\/p>\n<ul>\n<li style=\"font-size: 13.008px;\">Comment le renouveau des territoires peut-il passer par la bio\u00e9conomie ?<\/li>\n<li style=\"font-size: 13.008px;\">Quelles mises en valeur des territoires \u00e0 travers des solutions responsables ?\u00a0\u00a0<\/li>\n<\/ul>\n<p style=\"font-size: 13.008px;\">Cette premi\u00e8re \u00e9dition aura pour objectif de rassembler \u00e9tudiants, doctorants, docteurs, laboratoires, organisations institutionnelles, entreprises, d\u00e9cideurs politiques, collectivit\u00e9s et associations autour des th\u00e9matiques plurielles de la bio\u00e9conomie. Ces deux journ\u00e9es mettront en avant des\u00a0<strong>projets et partenariats<\/strong>\u00a0d\u00e9j\u00e0 initi\u00e9s et devront permettre d\u2019en cr\u00e9er de nouveaux.<\/p>\n<p style=\"font-size: 13.008px;\">Le forum mettra en valeur les\u00a0<strong>ressources naturelles et humaines<\/strong>\u00a0\u00e0 travers les notions d\u2019habitabilit\u00e9 des espaces ; prenant en consid\u00e9ration\u00a0<strong>l\u2019interaction<\/strong>\u00a0des individus avec le monde du vivant ; et entre eux.<\/p>\n<p style=\"font-size: 13.008px;\">En filigrane de l\u2019\u00e9v\u00e9nement se d\u00e9roulera le\u00a0<strong>Hackathon \u00ab\u00a0Bio\u00e9conomie et m\u00e9diation scientifique\u00a0\u00bb<\/strong>. Les th\u00e8mes des groupes seront corr\u00e9l\u00e9s aux th\u00e8mes des sessions tables rondes et ateliers. Une restitution des dispositifs de m\u00e9diations scientifiques prototyp\u00e9s \u00e0 cette occasion sera pr\u00e9sent\u00e9e lors de la soir\u00e9e de cl\u00f4ture de l\u2019\u00e9v\u00e9nement.<\/p>\n<p><strong>Objectifs de l\u2019\u00e9v\u00e9nement<\/strong><\/p>\n<ul style=\"font-size: 13.008px;\">\n<li>Montrer les liens qui se font sur les territoires entre les acteurs du monde socio-\u00e9conomique et les apports des acteurs de la recherche publique<\/li>\n<li>Mettre en valeur l\u2019int\u00e9r\u00eat commun de la recherche et du monde socio-\u00e9conomique \u00e0 travers la bio\u00e9conomie comme axe structurant pour les territoires<\/li>\n<li>Red\u00e9finir la bio\u00e9conomie en y incluant les notions de r\u00e9silience et de coop\u00e9ration ?<\/li>\n<li>Sensibiliser \u00e0 la d\u00e9marche partenariale \u2013 notamment tripartite dans l\u2019int\u00e9r\u00eat d\u2019un territoire \u2013 Partenariats PPP<\/li>\n<li>Lever les verrous \u00e0 l\u2019engagement transformant en tant qu\u2019entreprise ou collectivit\u00e9s<\/li>\n<\/ul>\n<p>\u00a0<\/p>\n<p>\u00a0<\/p>\n<p>Un aper\u00e7u du programme\u00a0:<br \/>\n\/\/Mercredi 24 septembre\u00a0(Grande Halle de l\u2019Octroi)<\/p>\n<p style=\"font-size: 13.008px;\">Ouverture officielle, lancement du Hackathon et Keynote par Alexandre Monnin (philosophe, enseignant-chercheur, docteur de l\u2019Universit\u00e9 Paris 1 Panth\u00e9on-Sorbonne) \u00ab Redirection \u00e9cologique et communs n\u00e9gatifs : une boussole pour la bio\u00e9conomie \u00bb.<br \/>Deux tables rondes th\u00e9matiques<\/p>\n<ul style=\"font-size: 13.008px;\">\n<li><strong>Table ronde 1 :\u00a0\u00a0<\/strong>Recherche interdisciplinaire et coop\u00e9ration territoriale : cultiver l\u2019avenir de la bio\u00e9conomie anim\u00e9e Elise Marcandella (B4B, Artemis &amp; Celest)<\/li>\n<li><strong>Table ronde 2 :<\/strong>\u00a0\u00c9cologie int\u00e9gr\u00e9e, \u00e9conomie r\u00e9g\u00e9n\u00e9rative : comment concilier entreprises et durabilit\u00e9 ? (Lorr\u2019up, ERPI , Noremat, Afnor)<\/li>\n<\/ul>\n<p>D\u00e9jeuner v\u00e9g\u00e9tarien &amp; Session poster Alumni \u00ab Rencontres en Bio\u00e9conomie : Recherche, M\u00e9tiers et Territoires \u00bb<\/p>\n<p>Sessions th\u00e9matiques (CNFPT \u2013 Nancy) Participants et intervenants auront le choix entre quatre formats simultan\u00e9s :<\/p>\n<ul style=\"font-size: 13.008px;\">\n<li><strong>Session table ronde 1 :\u00a0<\/strong>Biomol\u00e9cules et territoires : quel impact structurant de la bio\u00e9conomie \u00e0 l\u2019\u00e9chelle locale ?<\/li>\n<li><strong>Session table ronde 2 :\u00a0<\/strong>Bio\u00e9conomie foresti\u00e8re en Grand Est &#8211; Des attentes multiples, une ressource en \u00e9volution, quel partage de la valeur ?<\/li>\n<li><strong>Session table ronde 3 :\u00a0<\/strong>Habitabilit\u00e9 : \u00e9chelle et \u00e9cosyst\u00e8me<\/li>\n<li><strong>Atelier d\u2019id\u00e9ation :\u00a0<\/strong>Vers une industrie plus verte : quels leviers d\u2019innovation pour transformer la biomasse en ressources ?<\/li>\n<\/ul>\n<p style=\"font-size: 13.008px;\">\u00a0<\/p>\n<p>\/\/Jeudi 25 septembre<\/p>\n<ul style=\"font-size: 13.008px;\">\n<li><strong>Visites techniques ou atelier participatif<\/strong><\/li>\n<\/ul>\n<p style=\"font-size: 13.008px;\"><strong>Visites guid\u00e9es de laboratoires et plateformes techniques :<\/strong>\u00a0LIBio, PASM, phytotrons, hall technologique (ENSAIA)<br \/><strong>Atelier participatif\u00a0<\/strong>sur les th\u00e9matiques de la bio\u00e9conomie, co-anim\u00e9 par C\u00e9cile Raphoz et Elise Marcandella (M\u00e9tropole du Grand Nancy)<\/p>\n<ul style=\"font-size: 13.008px;\">\n<li><strong>Soir\u00e9e de cl\u00f4ture &#8211; L\u2019Autre Canal \u2013 Nancy<\/strong><br \/>V\u00e9ritable temps d\u2019\u00e9change et de r\u00e9seau, cette soir\u00e9e de cl\u00f4ture sera consacr\u00e9e \u00e0 la restitution sc\u00e9nique du Hackathon Bio\u00e9conomie &amp; M\u00e9diation scientifique. Dans le cadre convivial et artistique qu\u2019est celui de l\u2019Autre Canal, vous aurez la possibilit\u00e9 de partager et phosphorer sur la bio\u00e9conomie de demain. Nous voulons cette soir\u00e9e ouverte et inclusive afin de permettre une v\u00e9ritable synergie entre le monde de la recherche, les acteurs socio-\u00e9 \u00e9conomiques, les d\u00e9cideurs politiques et les citoyens. Remise de prix, cocktail dinatoire et concert viendront ponctuer les \u00e9changes.<\/li>\n<\/ul>\n<p style=\"font-size: 13.008px;\">Nous vous attendons donc nombreux-ses pour ce temps festif.<\/p>\n<p style=\"font-size: 13.008px;\">Horaires : 17h30-22h<\/p>\n<p style=\"font-size: 13.008px;\">\u00a0<\/p>\n<p>\t<strong>Informations pratiques<\/strong><\/p>\n<p>\u00a0<\/p>\n<p><strong style=\"font-size: 13.008px;\">Pour en savoir plus\u00a0<\/strong>:\u00a0<a href=\"https:\/\/www.unys-sciences.fr\/innovation-days-bioeconomie\/\u00a0\" target=\"_blank\" rel=\"noopener\">https:\/\/www.unys-sciences.fr\/innovation-days-bioeconomie\/\u00a0<\/a><br \/><strong style=\"font-size: 13.008px;\">Plus d&rsquo;infos sur le hackathon\u00a0<\/strong>:\u00a0<a href=\"https:\/\/factuel.univ-lorraine.fr\/node\/30518\" target=\"_blank\" rel=\"noopener\">https:\/\/factuel.univ-lorraine.fr\/node\/30518<\/a><\/p>\n<p style=\"font-size: 13.008px;\">\u00a0<\/p>\n","protected":false},"excerpt":{"rendered":"Dans le cadre du mois de la bio\u00e9conomie, l\u2019Universit\u00e9 de Lorraine et ses partenaires organisent deux journ\u00e9es phares&hellip;\n","protected":false},"author":2,"featured_media":235510,"comment_status":"","ping_status":"","sticky":false,"template":"","format":"standard","meta":{"footnotes":""},"categories":[9635],"tags":[1111,11,14117,6211,1777,674,1011,27,775,1272,1702,12,25,14116],"class_list":{"0":"post-235509","1":"post","2":"type-post","3":"status-publish","4":"format-standard","5":"has-post-thumbnail","7":"category-nancy","8":"tag-actu","9":"tag-actualites","10":"tag-colloque","11":"tag-conference","12":"tag-eu","13":"tag-europe","14":"tag-fr","15":"tag-france","16":"tag-grand-est","17":"tag-manifestations","18":"tag-nancy","19":"tag-news","20":"tag-republique-francaise","21":"tag-seminaire"},"share_on_mastodon":{"url":"https:\/\/pubeurope.com\/@fr\/114818486436676312","error":""},"_links":{"self":[{"href":"https:\/\/www.europesays.com\/fr\/wp-json\/wp\/v2\/posts\/235509","targetHints":{"allow":["GET"]}}],"collection":[{"href":"https:\/\/www.europesays.com\/fr\/wp-json\/wp\/v2\/posts"}],"about":[{"href":"https:\/\/www.europesays.com\/fr\/wp-json\/wp\/v2\/types\/post"}],"author":[{"embeddable":true,"href":"https:\/\/www.europesays.com\/fr\/wp-json\/wp\/v2\/users\/2"}],"replies":[{"embeddable":true,"href":"https:\/\/www.europesays.com\/fr\/wp-json\/wp\/v2\/comments?post=235509"}],"version-history":[{"count":0,"href":"https:\/\/www.europesays.com\/fr\/wp-json\/wp\/v2\/posts\/235509\/revisions"}],"wp:featuredmedia":[{"embeddable":true,"href":"https:\/\/www.europesays.com\/fr\/wp-json\/wp\/v2\/media\/235510"}],"wp:attachment":[{"href":"https:\/\/www.europesays.com\/fr\/wp-json\/wp\/v2\/media?parent=235509"}],"wp:term":[{"taxonomy":"category","embeddable":true,"href":"https:\/\/www.europesays.com\/fr\/wp-json\/wp\/v2\/categories?post=235509"},{"taxonomy":"post_tag","embeddable":true,"href":"https:\/\/www.europesays.com\/fr\/wp-json\/wp\/v2\/tags?post=235509"}],"curies":[{"name":"wp","href":"https:\/\/api.w.org\/{rel}","templated":true}]}}