{"id":235514,"date":"2025-07-08T16:12:09","date_gmt":"2025-07-08T16:12:09","guid":{"rendered":"https:\/\/www.europesays.com\/fr\/235514\/"},"modified":"2025-07-08T16:12:09","modified_gmt":"2025-07-08T16:12:09","slug":"les-commercants-de-mauguio-transforment-le-centre-ville-en-escape-game-geant","status":"publish","type":"post","link":"https:\/\/www.europesays.com\/fr\/235514\/","title":{"rendered":"Les commer\u00e7ants de Mauguio transforment le centre-ville en Escape Game g\u00e9ant"},"content":{"rendered":"<p>            Par<br \/>\n        <strong><br \/>\n            <a href=\"https:\/\/actu.fr\/auteur\/metropoop\" title=\"Consulter tous les articles de R\u00e9daction M\u00e9tropolitain\" rel=\"nofollow noopener\" target=\"_blank\">R\u00e9daction M\u00e9tropolitain<\/a><br \/>\n        <\/strong><\/p>\n<p>        Publi\u00e9 le<\/p>\n<p>            8 juil. 2025 \u00e0 17h30        <\/p>\n<p>Le samedi 12 juillet,<strong> Mauguio<\/strong> met au d\u00e9fi : r\u00e9solvez des \u00e9nigmes chez les commer\u00e7ants du c\u0153ur de ville pour r\u00e9pondre \u00e0 une question br\u00fblante\u2026 <strong>\u00c9tait-ce vraiment mieux avant<\/strong> ?<\/p>\n<p>Un Escape Game grandeur nature au c\u0153ur des boutiques<\/p>\n<p class=\" wall-content\">Ce jeu <strong>immersif, gratuit<\/strong> et sur inscription, transforme les boutiques en v\u00e9ritables <strong>sc\u00e8nes d\u2019enqu\u00eate<\/strong>. \u00c0 son origine : la <strong>d\u00e9couverte d\u2019anciennes photos de commerces m\u00e9lgoriens<\/strong>, qui relance l\u2019in\u00e9puisable d\u00e9bat : \u00ab Est-ce que c\u2019\u00e9tait mieux avant ? \u00bb.<\/p>\n<p>Un parcours ludique et interg\u00e9n\u00e9rationnel<\/p>\n<p class=\" wall-content\">Pour r\u00e9soudre ce myst\u00e8re, les joueurs devront <strong>relever des d\u00e9fis imagin\u00e9s par les commer\u00e7ants partenaires<\/strong>. Trois arbitres officiels, mandat\u00e9s par la tr\u00e8s s\u00e9rieuse Chambre des Compromis et de la Sagesse, accompagneront les participants tout au long de l\u2019enqu\u00eate.<\/p>\n<p>    <a href=\"https:\/\/www.google.com\/maps\/embed?pb=!1m18!1m12!1m3!1d2888.4987180237654!2d4.006637575739178!3d43.61697795477353!2m3!1f0!2f0!3f0!3m2!1i1024!2i768!4f13.1!3m3!1m2!1s0x12b6a3bd6a868f1d%3A0x5b706ea55c7ef3a2!2sMairie%20de%20Mauguio!5e0!3m2!1sfr!2sfr!4v1751032137978!5m2!1sfr!2sfr\" title=\"Ouvrie le lien\" rel=\"nofollow noopener\" target=\"_blank\">Cliquez ici pour visualiser le contenu<\/a><\/p>\n<p class=\" wall-content\">Les \u00e9quipes (familles, amis, voisins) devront user d\u2019observation, de logique et d\u2019un brin de malice pour progresser d\u2019\u00e9nigme en \u00e9nigme\u2026 jusqu\u2019\u00e0 atteindre la r\u00e9ponse finale. Casquette ou canotier ? Le match des \u00e9poques est lanc\u00e9 !\u00a0<\/p>\n<p>Vid\u00e9os : en ce moment sur Actu<\/p>\n<p><strong>&gt; Pratique : <\/strong>Inscriptions par ici. Pour en savoir plus, c\u2019est au 04 67 29 05 15.<\/p>\n<p class=\" wall-content\">Suivez toute l\u2019actualit\u00e9 de vos villes et m\u00e9dias favoris en vous inscrivant \u00e0 <a href=\"https:\/\/moncompte.actu.fr\" title=\"D\u00e9couvez Mon Actu\" rel=\"nofollow noopener\" data-trk=\"{&quot;cta&quot;:{&quot;action&quot;:&quot;https:\\\/\\\/moncompte.actu.fr&quot;,&quot;category&quot;:&quot;mon compte&quot;,&quot;from&quot;:&quot;article footer&quot;,&quot;name&quot;:&quot;Mon actu&quot;,&quot;type&quot;:&quot;cta&quot;}}\" target=\"_blank\">Mon Actu<\/a>.<\/p>\n","protected":false},"excerpt":{"rendered":"Par R\u00e9daction M\u00e9tropolitain Publi\u00e9 le 8 juil. 2025 \u00e0 17h30 Le samedi 12 juillet, Mauguio met au d\u00e9fi&hellip;\n","protected":false},"author":2,"featured_media":235515,"comment_status":"","ping_status":"","sticky":false,"template":"","format":"standard","meta":{"footnotes":""},"categories":[9599],"tags":[1111,11,1777,674,1011,27,1305,2208,12,2680,25],"class_list":{"0":"post-235514","1":"post","2":"type-post","3":"status-publish","4":"format-standard","5":"has-post-thumbnail","7":"category-montpellier","8":"tag-actu","9":"tag-actualites","10":"tag-eu","11":"tag-europe","12":"tag-fr","13":"tag-france","14":"tag-lifestyle","15":"tag-montpellier","16":"tag-news","17":"tag-occitanie","18":"tag-republique-francaise"},"share_on_mastodon":{"url":"https:\/\/pubeurope.com\/@fr\/114818498302459349","error":""},"_links":{"self":[{"href":"https:\/\/www.europesays.com\/fr\/wp-json\/wp\/v2\/posts\/235514","targetHints":{"allow":["GET"]}}],"collection":[{"href":"https:\/\/www.europesays.com\/fr\/wp-json\/wp\/v2\/posts"}],"about":[{"href":"https:\/\/www.europesays.com\/fr\/wp-json\/wp\/v2\/types\/post"}],"author":[{"embeddable":true,"href":"https:\/\/www.europesays.com\/fr\/wp-json\/wp\/v2\/users\/2"}],"replies":[{"embeddable":true,"href":"https:\/\/www.europesays.com\/fr\/wp-json\/wp\/v2\/comments?post=235514"}],"version-history":[{"count":0,"href":"https:\/\/www.europesays.com\/fr\/wp-json\/wp\/v2\/posts\/235514\/revisions"}],"wp:featuredmedia":[{"embeddable":true,"href":"https:\/\/www.europesays.com\/fr\/wp-json\/wp\/v2\/media\/235515"}],"wp:attachment":[{"href":"https:\/\/www.europesays.com\/fr\/wp-json\/wp\/v2\/media?parent=235514"}],"wp:term":[{"taxonomy":"category","embeddable":true,"href":"https:\/\/www.europesays.com\/fr\/wp-json\/wp\/v2\/categories?post=235514"},{"taxonomy":"post_tag","embeddable":true,"href":"https:\/\/www.europesays.com\/fr\/wp-json\/wp\/v2\/tags?post=235514"}],"curies":[{"name":"wp","href":"https:\/\/api.w.org\/{rel}","templated":true}]}}