{"id":235520,"date":"2025-07-08T16:17:17","date_gmt":"2025-07-08T16:17:17","guid":{"rendered":"https:\/\/www.europesays.com\/fr\/235520\/"},"modified":"2025-07-08T16:17:17","modified_gmt":"2025-07-08T16:17:17","slug":"saint-egreve-billetterie-ouverte-pour-la-12e-saison-de-la-vence-scene","status":"publish","type":"post","link":"https:\/\/www.europesays.com\/fr\/235520\/","title":{"rendered":"Saint-\u00c9gr\u00e8ve. Billetterie ouverte pour la 12e saison de la Vence Sc\u00e8ne"},"content":{"rendered":"<p>La salle de spectacles a d\u00e9voil\u00e9 la programmation de sa 12e saison 2025-2026. Du 1er au 15\u00a0juillet, la billetterie est ouverte pour les abonnements sur son site Internet ainsi qu\u2019aux horaires d\u2019ouverture de la billetterie et par correspondance.<\/p>\n<p>\u00ab\u00a0On ouvre la saison avec un spectacle qui d\u00e9m\u00e9nage, du hip-hop sur trampoline, mais toute la saison, \u00e7a bouscule, \u00e7a interroge, \u00e7a fait parler\u00a0\u00bb, promettent R\u00e9mi Barquet et Julie Broucqsault, qui ont de nouveau r\u00e9ussi \u00e0 programmer une saison \u00e9clectique avec des spectacles phares comme\u00a0 Le biblioth\u00e9caire en mars\u00a02026.<\/p>\n<p>  La musique en filigrane<\/p>\n<p>\u00ab\u00a0C\u2019est un clin d\u2019\u0153il \u00e0 la biblioth\u00e8que Barnave pour sa r\u00e9ouverture. Le Qu\u00e9b\u00e9cois Hippolyte a incarn\u00e9 plus de 600 fois dans le monde entier son personnage loufoque qui encha\u00eene acrobatie sur un m\u00e2t chinois, jonglerie et breakdance. En novembre, ce sera la 10e \u00e9dition du Tremplin jeunes talents suivi de Boxe Boxe Brasil , un challenge chor\u00e9graphique de la troupe br\u00e9silienne K\u00e4fig. Rayon humour, on accueillera Micka\u00ebl Bi\u00e8che, notre vedette locale pour son spectacle Classe moyenne et Les Goguettes pour leur Troisi\u00e8me quinquennat.\u00a0\u00bb<\/p>\n<p>La musique ne sera pas en reste avec du jazz (Guillaume Poncelet), de la musique \u00e9lectronique (Temps calme) et pour le jeune public, le collectif Duende et le tout dernier spectacle de M\u00e9li M\u00f4mes seront propos\u00e9s en avril, avant la cl\u00f4ture en mai par un portrait \u00e9blouissant de femmes circassiennes.<\/p>\n<p>  Au programme<\/p>\n<p> \u25b6 \u2002 Vendredi 20\u00a0septembre\u00a0: ouverture de la saison avec \u00c7a d\u00e9m\u00e9nage\u00a0! De la danse hip-hop par la compagnie Racines Carr\u00e9es.<\/p>\n<p> \u25b6 \u2002 Dimanche 28\u00a0septembre\u00a0: du jazz avec Guillaume Poncelet. Son dernier album Durango  r\u00e9sonne comme un hommage aux 20 ans du K\u00f6ln Concert de Keith Jarett.<\/p>\n<p> \u25b6 \u2002 Vendredi 10\u00a0octobre\u00a0: Mort d\u2019une montagne. Ce polar \u00e0 suspense rugueux comme une paroi des Alpes sera jou\u00e9 par la compagnie Le Chant des pistes, en r\u00e9sidence dans la commune.<\/p>\n<p> \u25b6 \u2002 Vendredi 14\u00a0novembre\u00a0: Point de bascule. Un spectacle d\u2019humour sur le changement climatique.<\/p>\n<p> \u25b6 \u2002 Jeudi 20\u00a0novembre\u00a0: Boxe Boxe Brasil , par la compagnie K\u00e4fig et le quatuor Debussy.<\/p>\n<p> \u25b6 \u2002 Samedi 29\u00a0novembre\u00a0: le Tremplin jeunes talents sur les\u00a0cultures urbaines.<\/p>\n<p> \u25b6 \u2002 Jeudi 4\u00a0d\u00e9cembre\u00a0: cin\u00e9-concert\u00a0 Trafic  par Temps calme, une relecture singuli\u00e8re du chef-d\u2019\u0153uvre de Jacques Tati.<\/p>\n<p> \u25b6 \u2002 Vendredi 12\u00a0d\u00e9cembre\u00a0: M\u00e9lange 2 temps \u00a0avec Philippe Martz et Bernie Collins, un duo de clowns connu dans le monde entier.<\/p>\n<p> \u25b6 \u2002 Vendredi 16\u00a0janvier\u00a0: Classe moyenne \u00a0avec Micka\u00ebl Bi\u00e8che en porte-drapeau color\u00e9 de la classe moyenne.<\/p>\n<p> \u25b6 \u2002 Vendredi 23\u00a0janvier\u00a0: Les Goguettes pr\u00e9sents pour un \u00e9norme d\u00e9tournement des grands classiques de la chanson fran\u00e7aise dans une revue de presse musicale.<\/p>\n<p> \u25b6 \u2002 Mercredi 25\u00a0f\u00e9vrier\u00a0: un voyage sonore pour jeune public avec le collectif Duende et sa Cosmogonie de poche.<\/p>\n<p> \u25b6 \u2002 Vendredi 13\u00a0mars\u00a0: 4\u00a0211\u00a0km par la compagnie Nouveau jour. 4\u00a0211\u00a0km, c\u2019est la distance entre T\u00e9h\u00e9ran et Paris, parcourue par Mina et Fereydoun, venus d\u2019Iran pour se r\u00e9fugier en France apr\u00e8s une r\u00e9volution qu\u2019on leur a vol\u00e9e.<\/p>\n<p> \u25b6 \u2002 Vendredi 27\u00a0mars\u00a0: Le biblioth\u00e9caire par la compagnie Le gros orteil.<\/p>\n<p> \u25b6 \u2002 Vendredi 24\u00a0avril\u00a0: le dernier spectacle de M\u00e9li M\u00f4mes, nomm\u00e9 Et pis c\u2019est tout\u00a0!<\/p>\n<p> \u25b6 \u2002 Jeudi 21\u00a0mai\u00a0: La b\u00eate noire  et Petite reine par la compagnie L\u2019Oubli\u00e9(e) et Rapha\u00eblle Boitel.<\/p>\n<p class=\"note\">Billetterie des spectacles par Internet sur lavencescene.saint-egreve.fr du 1er au 15\u00a0juillet pour les abonnements, puis \u00e0 compter du 20\u00a0ao\u00fbt. Sur place aux horaires d\u2019ouverture de la billetterie mardi 15\u00a0juillet\u00a0de 9\u00a0heures \u00e0 12\u00a0h\u00a030. D\u00e8s trois spectacles diff\u00e9rents choisis dans la saison, vous b\u00e9n\u00e9ficiez d\u2019un abonnement \u00e0 la Vence Sc\u00e8ne et d\u2019un tarif sp\u00e9cial abonn\u00e9 pour les autres spectacles.<\/p>\n","protected":false},"excerpt":{"rendered":"La salle de spectacles a d\u00e9voil\u00e9 la programmation de sa 12e saison 2025-2026. Du 1er au 15\u00a0juillet, la&hellip;\n","protected":false},"author":2,"featured_media":235521,"comment_status":"","ping_status":"","sticky":false,"template":"","format":"standard","meta":{"footnotes":""},"categories":[9566],"tags":[1111,11,2430,1687,112,1777,674,1011,27,2731,12,25,275,276,3140],"class_list":{"0":"post-235520","1":"post","2":"type-post","3":"status-publish","4":"format-standard","5":"has-post-thumbnail","7":"category-grenoble","8":"tag-actu","9":"tag-actualites","10":"tag-auvergne-rhone-alpes","11":"tag-culture-loisirs","12":"tag-edition-grenoble-agglomeration","13":"tag-eu","14":"tag-europe","15":"tag-fr","16":"tag-france","17":"tag-grenoble","18":"tag-news","19":"tag-republique-francaise","20":"tag-saint-egreve","21":"tag-saint-egreve-et-autour","22":"tag-spectacle"},"share_on_mastodon":{"url":"https:\/\/pubeurope.com\/@fr\/114818517792876013","error":""},"_links":{"self":[{"href":"https:\/\/www.europesays.com\/fr\/wp-json\/wp\/v2\/posts\/235520","targetHints":{"allow":["GET"]}}],"collection":[{"href":"https:\/\/www.europesays.com\/fr\/wp-json\/wp\/v2\/posts"}],"about":[{"href":"https:\/\/www.europesays.com\/fr\/wp-json\/wp\/v2\/types\/post"}],"author":[{"embeddable":true,"href":"https:\/\/www.europesays.com\/fr\/wp-json\/wp\/v2\/users\/2"}],"replies":[{"embeddable":true,"href":"https:\/\/www.europesays.com\/fr\/wp-json\/wp\/v2\/comments?post=235520"}],"version-history":[{"count":0,"href":"https:\/\/www.europesays.com\/fr\/wp-json\/wp\/v2\/posts\/235520\/revisions"}],"wp:featuredmedia":[{"embeddable":true,"href":"https:\/\/www.europesays.com\/fr\/wp-json\/wp\/v2\/media\/235521"}],"wp:attachment":[{"href":"https:\/\/www.europesays.com\/fr\/wp-json\/wp\/v2\/media?parent=235520"}],"wp:term":[{"taxonomy":"category","embeddable":true,"href":"https:\/\/www.europesays.com\/fr\/wp-json\/wp\/v2\/categories?post=235520"},{"taxonomy":"post_tag","embeddable":true,"href":"https:\/\/www.europesays.com\/fr\/wp-json\/wp\/v2\/tags?post=235520"}],"curies":[{"name":"wp","href":"https:\/\/api.w.org\/{rel}","templated":true}]}}