{"id":235522,"date":"2025-07-08T16:18:11","date_gmt":"2025-07-08T16:18:11","guid":{"rendered":"https:\/\/www.europesays.com\/fr\/235522\/"},"modified":"2025-07-08T16:18:11","modified_gmt":"2025-07-08T16:18:11","slug":"des-ter-supprimes-entre-annecy-grenoble-et-annecy-lyon","status":"publish","type":"post","link":"https:\/\/www.europesays.com\/fr\/235522\/","title":{"rendered":"des TER supprim\u00e9s entre Annecy-Grenoble et Annecy-Lyon"},"content":{"rendered":"<p>\t\t\t\t\t\t\t\t\t\t\t<img loading=\"lazy\" decoding=\"async\" width=\"1110\" title=\"SNCF : des TER supprim\u00e9s entre Annecy-Grenoble et Annecy-Lyon\" class=\"img-fluid not_lzld mb-3\" src=\"https:\/\/www.odsradio.com\/media\/news\/thumb\/1110x624_sncf-des-ter-supprimes-entre-annecy-grenoble-et-annecy-lyon_686d38549c1f0.webp\" alt=\"SNCF : des TER supprim\u00e9s entre Annecy-Grenoble et Annecy-Lyon\" itemprop=\"image\" height=\"624\"\/>\t\t\t\t\t\t\t\t\t\t\t\t<\/p>\n<p>SNCF : des TER supprim\u00e9s entre Annecy-Grenoble et Annecy-Lyon &#8211; ODS<\/p>\n<p itemprop=\"description\"><strong>Les lignes Annecy-Grenoble et Annecy-Lyon seront impact\u00e9es jusqu\u2019au 22 ao\u00fbt en raison du chantier des voies ferr\u00e9es et des aiguillages des gares de Rumilly et Lovagny.<\/strong><\/p>\n<p>Les usagers de la SNCF devront prendre leur pr\u00e9caution. Des lignes de trains r\u00e9gionaux en partance d\u2019Annecy seront fortement impact\u00e9es par la r\u00e9novation des voies ferr\u00e9es et des aiguillages des gares de Rumilly et de Lovagny. Il s\u2019agit des lignes Annecy-Grenoble et Annecy-Lyon.<\/p>\n<p>Ce chantier s\u2019inscrit dans la r\u00e9novation du parc ferroviaire entre Aix-les-Bains et Annecy. Les travaux s\u2019effectueront la nuit, entre 22 heures et 5 heures du matin. Deux op\u00e9rations exceptionnelles seront r\u00e9alis\u00e9es du mardi 15 juillet 23h30 au vendredi 18 juillet 7 heures \u00e0 la gare de Rumilly, puis du vendredi 15 ao\u00fbt \u00e0 17h30 jusqu\u2019au samedi 16 ao\u00fbt 12 heures en gare de Lovagny.<\/p>\n<p>Des suppressions de trains sont \u00e9galement \u00e0 pr\u00e9voir le samedi 12 et 13 juillet sur l\u2019axe Valence-Annecy. Des dessertes par autocars seront mises en place.<\/p>\n","protected":false},"excerpt":{"rendered":"SNCF : des TER supprim\u00e9s entre Annecy-Grenoble et Annecy-Lyon &#8211; ODS Les lignes Annecy-Grenoble et Annecy-Lyon seront impact\u00e9es&hellip;\n","protected":false},"author":2,"featured_media":235523,"comment_status":"","ping_status":"","sticky":false,"template":"","format":"standard","meta":{"footnotes":""},"categories":[9566],"tags":[1111,11,7733,3853,2430,7736,650,7734,2889,2263,1777,674,1011,27,2731,7735,6417,1114,4662,12,7731,7732,3725,1825,25,5508,7737],"class_list":{"0":"post-235522","1":"post","2":"type-post","3":"status-publish","4":"format-standard","5":"has-post-thumbnail","7":"category-grenoble","8":"tag-actu","9":"tag-actualites","10":"tag-alpes","11":"tag-annecy","12":"tag-auvergne-rhone-alpes","13":"tag-cds","14":"tag-cinema","15":"tag-ecoute","16":"tag-emission","17":"tag-equipe","18":"tag-eu","19":"tag-europe","20":"tag-fr","21":"tag-france","22":"tag-grenoble","23":"tag-hautes-savoie","24":"tag-information","25":"tag-infos","26":"tag-journal","27":"tag-news","28":"tag-ods","29":"tag-odsradio","30":"tag-podcast","31":"tag-radio","32":"tag-republique-francaise","33":"tag-savoie","34":"tag-winamp"},"share_on_mastodon":{"url":"https:\/\/pubeurope.com\/@fr\/114818521861240244","error":""},"_links":{"self":[{"href":"https:\/\/www.europesays.com\/fr\/wp-json\/wp\/v2\/posts\/235522","targetHints":{"allow":["GET"]}}],"collection":[{"href":"https:\/\/www.europesays.com\/fr\/wp-json\/wp\/v2\/posts"}],"about":[{"href":"https:\/\/www.europesays.com\/fr\/wp-json\/wp\/v2\/types\/post"}],"author":[{"embeddable":true,"href":"https:\/\/www.europesays.com\/fr\/wp-json\/wp\/v2\/users\/2"}],"replies":[{"embeddable":true,"href":"https:\/\/www.europesays.com\/fr\/wp-json\/wp\/v2\/comments?post=235522"}],"version-history":[{"count":0,"href":"https:\/\/www.europesays.com\/fr\/wp-json\/wp\/v2\/posts\/235522\/revisions"}],"wp:featuredmedia":[{"embeddable":true,"href":"https:\/\/www.europesays.com\/fr\/wp-json\/wp\/v2\/media\/235523"}],"wp:attachment":[{"href":"https:\/\/www.europesays.com\/fr\/wp-json\/wp\/v2\/media?parent=235522"}],"wp:term":[{"taxonomy":"category","embeddable":true,"href":"https:\/\/www.europesays.com\/fr\/wp-json\/wp\/v2\/categories?post=235522"},{"taxonomy":"post_tag","embeddable":true,"href":"https:\/\/www.europesays.com\/fr\/wp-json\/wp\/v2\/tags?post=235522"}],"curies":[{"name":"wp","href":"https:\/\/api.w.org\/{rel}","templated":true}]}}