{"id":235524,"date":"2025-07-08T16:19:19","date_gmt":"2025-07-08T16:19:19","guid":{"rendered":"https:\/\/www.europesays.com\/fr\/235524\/"},"modified":"2025-07-08T16:19:19","modified_gmt":"2025-07-08T16:19:19","slug":"vague-de-chaleur-en-bretagne-a-partir-de-jeudi-a-quoi-faut-il-sattendre","status":"publish","type":"post","link":"https:\/\/www.europesays.com\/fr\/235524\/","title":{"rendered":"Vague de chaleur en Bretagne \u00e0 partir de jeudi\u00a0: \u00e0 quoi faut-il s\u2019attendre\u00a0?"},"content":{"rendered":"<p>Les temp\u00e9ratures remontent \u00e0 partir de mercredi et cela devrait durer, \u00e0 la faveur d\u2019un anticyclone qui regonfle par l\u2019Atlantique et d\u2019une masse d\u2019air chaude qui remonte du nord de l\u2019Afrique. Mais pour combien de temps et jusqu\u2019\u00e0 quelle temp\u00e9rature ? Difficile \u00e0 dire, les mod\u00e8les m\u00e9t\u00e9orologiques \u00e9tant encore tr\u00e8s incertains.<\/p>\n<p>Pour l\u2019heure, c\u2019est l\u2019hypoth\u00e8se d\u2019un gain de 1 \u00e0 2\u00a0\u00b0C par jour jusqu\u2019\u00e0 lundi qui semble s\u2019\u00e9crire. Avec une hausse nette des temp\u00e9ratures d\u00e8s jeudi. \u00ab Alors qu\u2019on attend 30 \u00e0 31\u00b0C \u00e0 Rennes jeudi, le thermom\u00e8tre devrait monter jusqu\u2019\u00e0 35 \u00e0 36\u00b0C, dimanche, dans la capitale bretonne \u00bb, indique Cyril Wuest, de La Cha\u00eene m\u00e9t\u00e9o. \u00c0 Brest, \u00ab le mercure devrait passer de 26\u00b0C jeudi \u00e0 32-33\u00b0C dimanche, jour du pic de chaleur \u00bb.<\/p>\n<blockquote class=\"twitter-tweet\">\n<p lang=\"fr\" dir=\"ltr\">\\ud83c\\udf21\\ufe0f\\ud83d\\udcc8 Apr\u00e8s un bref interlude de fra\u00eecheur et d&rsquo;humidit\u00e9 b\u00e9n\u00e9fique, la <a href=\"https:\/\/twitter.com\/hashtag\/chaleur?src=hash&amp;ref_src=twsrc%5Etfw\" target=\"_blank\" rel=\"noopener\">#chaleur<\/a> va rapidement revenir en vue d&rsquo;un week-end du <a href=\"https:\/\/twitter.com\/hashtag\/14Juillet?src=hash&amp;ref_src=twsrc%5Etfw\" target=\"_blank\" rel=\"noopener\">#14Juillet<\/a> possiblement tr\u00e8s chaud. Des doutes subsistent concernant l&rsquo;intensit\u00e9 de cet \u00e9pisode. <a href=\"https:\/\/twitter.com\/hashtag\/m%C3%A9t%C3%A9o?src=hash&amp;ref_src=twsrc%5Etfw\" target=\"_blank\" rel=\"noopener\">#m\u00e9t\u00e9o<\/a><a href=\"https:\/\/t.co\/59IiYTe2qH\">pic.twitter.com\/59IiYTe2qH<\/a><\/p>\n<p>\u2014 La Cha\u00eene M\u00e9t\u00e9o (@lachainemeteo) <a href=\"https:\/\/twitter.com\/lachainemeteo\/status\/1942240254318010385?ref_src=twsrc%5Etfw\" target=\"_blank\" rel=\"noopener\">July 7, 2025<\/a><\/p><\/blockquote>\n<p>Jusqu\u2019\u00e0 36\u00b0C dans les terres et le Morbihan<\/p>\n<p>Le week-end du 14-Juillet s\u2019annonce donc chaud et ensoleill\u00e9 &#8211; attention, d\u2019ailleurs, aux rayons UV. \u00ab En fait, la Bretagne sera scind\u00e9e en trois zones. Dans sa partie nord, il fera chaud &#8211; jusqu\u2019\u00e0 30\u00b0C \u00e0 Saint-Brieuc &#8211; mais la hausse des temp\u00e9ratures restera limit\u00e9e en raison de l\u2019effet du vent de Manche \u00bb, d\u00e9roule le m\u00e9t\u00e9orologue.<\/p>\n<p>\u00ab \u00c0 l\u2019ouest, il fera un peu plus chaud &#8211; jusqu\u2019\u00e0 33\u00b0C \u00e0 Brest ou Quimper &#8211; mais pas davantage en raison de ce vent de Manche et de l\u2019effet maritime. Au sud de la r\u00e9gion, \u00e0 l\u2019est et \u00e0 l\u2019int\u00e9rieur des terres, c\u2019est l\u00e0 qu\u2019il fera chaud, m\u00eame tr\u00e8s chaud &#8211; jusqu\u2019\u00e0 36\u00b0C &#8211; samedi et dimanche. \u00bb<\/p>\n<p><img decoding=\"async\" src=\"https:\/\/www.europesays.com\/fr\/wp-content\/uploads\/2025\/07\/686d3a9f95249af71707c9be.1.jpeg\" width=\"480\" height=\"300\" class=\"web_golden_m\" loading=\"lazy\" alt=\"Temp\u00e9rature pr\u00e9vue mercredi \u00e0 16h.\"\/>Temp\u00e9rature pr\u00e9vue mercredi \u00e0 16h. (M\u00e9t\u00e9o ciel)5\u00b0C de perdus d\u00e8s lundi ?<\/p>\n<p>Pas de quoi, semble-t-il, parler de temps caniculaire &#8211;\u00a0les temp\u00e9ratures minimales, la nuit, devant rester en dessous des 20\u00a0\u00b0C\u00a0&#8211; ni se situer <a href=\"https:\/\/www.letelegramme.fr\/bretagne\/canicule-en-bretagne-ou-a-t-il-fait-le-plus-chaud-ce-lundi-6846500.php\" target=\"_blank\" rel=\"noopener\">dans la m\u00eame configuration qu\u2019il y a une semaine<\/a>. \u00ab Mais on devrait pouvoir parler de vague de chaleur pour Rennes car les 25\u00b0C seront d\u00e9pass\u00e9s pendant plus de deux jours, confirme Cyril Wuest. Pour Brest, cela reste \u00e0 voir. Tout d\u00e9pendra de la dur\u00e9e de l\u2019\u00e9pisode. \u00bb<\/p>\n<p>Car si on sait que le pic de chaleur est programm\u00e9 pour dimanche, difficile de pr\u00e9voir ce qu\u2019il va se passer lundi. \u00ab Il est possible que dans le Finist\u00e8re, on perde 5\u00a0\u00b0C en une seule journ\u00e9e, \u00e0 la faveur d\u2019un vent d\u2019ouest oc\u00e9anique. \u00c0 Rennes, les temp\u00e9ratures pourraient mettre un peu plus de temps \u00e0 baisser. Mais cela n\u2019est qu\u2019une hypoth\u00e8se : d\u2019ici l\u00e0, les mod\u00e8les pourraient encore changer. \u00bb<\/p>\n<p><script async src=\"https:\/\/platform.twitter.com\/widgets.js\" charset=\"utf-8\"><\/script><\/p>\n","protected":false},"excerpt":{"rendered":"Les temp\u00e9ratures remontent \u00e0 partir de mercredi et cela devrait durer, \u00e0 la faveur d\u2019un anticyclone qui regonfle&hellip;\n","protected":false},"author":2,"featured_media":235525,"comment_status":"","ping_status":"","sticky":false,"template":"","format":"standard","meta":{"footnotes":""},"categories":[2821],"tags":[1111,11,829,2171,765,1777,674,3321,1011,27,848,2487,21570,3729,12,16048,584,25],"class_list":{"0":"post-235524","1":"post","2":"type-post","3":"status-publish","4":"format-standard","5":"has-post-thumbnail","7":"category-rennes","8":"tag-actu","9":"tag-actualites","10":"tag-bretagne","11":"tag-cotes-darmor","12":"tag-en-continu","13":"tag-eu","14":"tag-europe","15":"tag-finistere","16":"tag-fr","17":"tag-france","18":"tag-ille-et-vilaine","19":"tag-meteo","20":"tag-meteo-en-bretagne","21":"tag-morbihan","22":"tag-news","23":"tag-newsletter-aujourdhui-en-bretagne","24":"tag-rennes","25":"tag-republique-francaise"},"share_on_mastodon":{"url":"https:\/\/pubeurope.com\/@fr\/114818525681511828","error":""},"_links":{"self":[{"href":"https:\/\/www.europesays.com\/fr\/wp-json\/wp\/v2\/posts\/235524","targetHints":{"allow":["GET"]}}],"collection":[{"href":"https:\/\/www.europesays.com\/fr\/wp-json\/wp\/v2\/posts"}],"about":[{"href":"https:\/\/www.europesays.com\/fr\/wp-json\/wp\/v2\/types\/post"}],"author":[{"embeddable":true,"href":"https:\/\/www.europesays.com\/fr\/wp-json\/wp\/v2\/users\/2"}],"replies":[{"embeddable":true,"href":"https:\/\/www.europesays.com\/fr\/wp-json\/wp\/v2\/comments?post=235524"}],"version-history":[{"count":0,"href":"https:\/\/www.europesays.com\/fr\/wp-json\/wp\/v2\/posts\/235524\/revisions"}],"wp:featuredmedia":[{"embeddable":true,"href":"https:\/\/www.europesays.com\/fr\/wp-json\/wp\/v2\/media\/235525"}],"wp:attachment":[{"href":"https:\/\/www.europesays.com\/fr\/wp-json\/wp\/v2\/media?parent=235524"}],"wp:term":[{"taxonomy":"category","embeddable":true,"href":"https:\/\/www.europesays.com\/fr\/wp-json\/wp\/v2\/categories?post=235524"},{"taxonomy":"post_tag","embeddable":true,"href":"https:\/\/www.europesays.com\/fr\/wp-json\/wp\/v2\/tags?post=235524"}],"curies":[{"name":"wp","href":"https:\/\/api.w.org\/{rel}","templated":true}]}}