{"id":235528,"date":"2025-07-08T16:21:19","date_gmt":"2025-07-08T16:21:19","guid":{"rendered":"https:\/\/www.europesays.com\/fr\/235528\/"},"modified":"2025-07-08T16:21:19","modified_gmt":"2025-07-08T16:21:19","slug":"spectacle-la-revue-dete-de-la-chouc-part-sur-les-routes-dalsace-de-lingolsheim-a-selestat","status":"publish","type":"post","link":"https:\/\/www.europesays.com\/fr\/235528\/","title":{"rendered":"Spectacle. La revue d\u2019\u00e9t\u00e9 de la Chouc\u2019 part sur les routes d\u2019Alsace, de Lingolsheim \u00e0 S\u00e9lestat"},"content":{"rendered":"<p>Pas d\u2019\u00e9t\u00e9 sans la revue du th\u00e9\u00e2tre de la Choucrouterie qui vaille\u00a0! Avec sa bande <a href=\"https:\/\/www.lalsace.fr\/p\/roger-siffer\" target=\"_blank\" rel=\"nofollow noopener\">Roger Siffer<\/a> a concoct\u00e9 un 38e spectacle multilingue, acrobatique et satirique. \u00ab\u00a0H\u00e2tez-vous lentement, Langsam Dummle\u00a0\u00bb, le th\u00e8me de la 38 e  revue colle parfaitement au farniente estival et \u00e0 une m\u00e9t\u00e9o qui peut virer \u00e0 la canicule. <\/p>\n<p>Entour\u00e9 de Fayssal Benbahmed, Laurence Bergmiller, Sophie Dungler, Susanne Mayer, Sabrina Rauch, le barde alsacien s\u2019en donne \u00e0 c\u0153ur joie, \u00e7a chante. En puisant dans le r\u00e9pertoire des chansons de vari\u00e9t\u00e9s internationales sur des musiques jou\u00e9es par les formidables Micha\u00ebl Alizon, Paul Alizon, Christian Clua, Michel Ott et Pilou Wurtz.<\/p>\n<p>  \u00ab\u00a0La qu\u00eate \u00e0 l\u2019ancienne\u00a0\u00bb<\/p>\n<p>Pour conjurer le climat anxiog\u00e8ne, <a href=\"https:\/\/www.lalsace.fr\/culture-loisirs\/2024\/12\/07\/au-menu-de-la-nouvelle-revue-de-la-choucrouterie-ia-de-la-joie\" target=\"_blank\" rel=\"nofollow noopener\">Roger et sa bande<\/a> offrent une ode \u00e0 la lumi\u00e8re qu\u2019elle soit produite de mani\u00e8re naturelle (soleil, feu\u2026) ou artificielle (lampe, projecteurs, boule \u00e0 facettes,\u00a0etc.). Entre des interm\u00e8des drolatiques, \u00e7a danse aussi. Karim Barbouchi, Lisa Lescout et Clo\u00e9 Pugnotti ex\u00e9cutent des figures de hip-hop et autres figures de style.<\/p>\n<p>Et que serait une tourn\u00e9e d\u2019\u00e9t\u00e9 de la Chouc\u2019 sans la \u00ab\u00a0qu\u00eate \u00e0 l\u2019ancienne\u00a0\u00bb\u00a0? \u0152ufs, farine, confiture et autres Schnaps car \u00ab\u00a0pour bien aimer un pays, il faut le manger, le boire et le chanter\u00a0\u00bb, lance traditionnellement Roger Siffer. Pour f\u00eater la vie et la joie comme disent les Allemands, \u00ab\u00a0Es lebe das leben\u00a0\u00bb. L\u2019engagement artistique de la bande \u00e0 Roger ne faiblit pas.<\/p>\n<p class=\"note\">Le 11\u00a0juillet \u00e0 20\u00a0h\u00a030, au stade Joffre Lefebvre, \u00e0 Lingolsheim. Le 14\u00a0juillet \u00e0 21\u00a0h, \u00e0 l\u2019Espace Vieille \u00cele, \u00e0 Haguenau. Le 18\u00a0juillet \u00e0 21\u00a0h au Square Ehm, \u00e0 S\u00e9lestat. Le 19\u00a0juillet \u00e0 21\u00a0h, au B\u00fcrger Park, \u00e0 Offenbourg. Les 24 et 25\u00a0juillet \u00e0 21\u00a0h, Place du March\u00e9 de Neudorf, \u00e0 Strasbourg. Et le 20\u00a0septembre \u00e0 18\u00a0h, aux Jardins du Diapason, \u00e0 Vendenheim. Gratuit, infos sur <a href=\"https:\/\/www.theatredelachouc.com\/tournee-dete\/\" target=\"_blank\" rel=\"nofollow noopener\">www.theatredelachouc.com<\/a><\/p>\n","protected":false},"excerpt":{"rendered":"Pas d\u2019\u00e9t\u00e9 sans la revue du th\u00e9\u00e2tre de la Choucrouterie qui vaille\u00a0! Avec sa bande Roger Siffer a&hellip;\n","protected":false},"author":2,"featured_media":235529,"comment_status":"","ping_status":"","sticky":false,"template":"","format":"standard","meta":{"footnotes":""},"categories":[2820],"tags":[1111,11,2389,1687,1777,674,107,1011,27,775,12,25,3140,640],"class_list":{"0":"post-235528","1":"post","2":"type-post","3":"status-publish","4":"format-standard","5":"has-post-thumbnail","7":"category-strasbourg","8":"tag-actu","9":"tag-actualites","10":"tag-alsace","11":"tag-culture-loisirs","12":"tag-eu","13":"tag-europe","14":"tag-fil-info","15":"tag-fr","16":"tag-france","17":"tag-grand-est","18":"tag-news","19":"tag-republique-francaise","20":"tag-spectacle","21":"tag-strasbourg"},"share_on_mastodon":{"url":"https:\/\/pubeurope.com\/@fr\/114818533636289930","error":""},"_links":{"self":[{"href":"https:\/\/www.europesays.com\/fr\/wp-json\/wp\/v2\/posts\/235528","targetHints":{"allow":["GET"]}}],"collection":[{"href":"https:\/\/www.europesays.com\/fr\/wp-json\/wp\/v2\/posts"}],"about":[{"href":"https:\/\/www.europesays.com\/fr\/wp-json\/wp\/v2\/types\/post"}],"author":[{"embeddable":true,"href":"https:\/\/www.europesays.com\/fr\/wp-json\/wp\/v2\/users\/2"}],"replies":[{"embeddable":true,"href":"https:\/\/www.europesays.com\/fr\/wp-json\/wp\/v2\/comments?post=235528"}],"version-history":[{"count":0,"href":"https:\/\/www.europesays.com\/fr\/wp-json\/wp\/v2\/posts\/235528\/revisions"}],"wp:featuredmedia":[{"embeddable":true,"href":"https:\/\/www.europesays.com\/fr\/wp-json\/wp\/v2\/media\/235529"}],"wp:attachment":[{"href":"https:\/\/www.europesays.com\/fr\/wp-json\/wp\/v2\/media?parent=235528"}],"wp:term":[{"taxonomy":"category","embeddable":true,"href":"https:\/\/www.europesays.com\/fr\/wp-json\/wp\/v2\/categories?post=235528"},{"taxonomy":"post_tag","embeddable":true,"href":"https:\/\/www.europesays.com\/fr\/wp-json\/wp\/v2\/tags?post=235528"}],"curies":[{"name":"wp","href":"https:\/\/api.w.org\/{rel}","templated":true}]}}