{"id":235536,"date":"2025-07-08T16:25:20","date_gmt":"2025-07-08T16:25:20","guid":{"rendered":"https:\/\/www.europesays.com\/fr\/235536\/"},"modified":"2025-07-08T16:25:20","modified_gmt":"2025-07-08T16:25:20","slug":"ces-maraichers-cultivent-des-legumes-bio-au-coeur-du-quartier-des-dervallieres-a-nantes","status":"publish","type":"post","link":"https:\/\/www.europesays.com\/fr\/235536\/","title":{"rendered":"Ces mara\u00eechers cultivent des l\u00e9gumes bio au c\u0153ur du quartier des Dervalli\u00e8res, \u00e0 Nantes"},"content":{"rendered":"<p>Sur l\u2019immense plaine des<a href=\"https:\/\/nantes.maville.com\/actu\/actudet_-commerces-et-logements-la-place-des-dervallieres-a-nantes-attend-un-nouveau-souffle-_52716-6653881_actu.Htm\" rel=\"nofollow noopener\" target=\"_blank\"> Dervalli\u00e8res<\/a>, entre les vestiges de l\u2019ancien ch\u00e2teau \u00e9ponyme, un \u00e9tang et des terrains de sport, un potager g\u00e9ant a pouss\u00e9 cette ann\u00e9e. Cultiv\u00e9 par l\u2019association Oc\u00e9an, sise \u00e0 Cou\u00ebron, et une dizaine d\u2019habitants b\u00e9n\u00e9voles, le terrain inconstructible, o\u00f9 parties de foot et autres courses de quad se tenaient jadis, s\u2019av\u00e8re tr\u00e8s fertile.<\/p>\n<p>Mathilde Berthelot, responsable du projet, confirme\u00a0: \u00a0Une surproduction de salades nous a amen\u00e9s \u00e0 les vendre, lundi 7\u00a0juillet, et elles sont parties comme des petits pains.\u00a0 On y fait aussi pousser d\u2019\u00e9normes courgettes vertes et jaunes, du fenouil bien odorant et des herbes aromatiques comme du persil et de la menthe.<\/p>\n<p>Un projet de ferme urbaine<\/p>\n<p>Le projet de ferme urbaine a \u00e9clos cette ann\u00e9e apr\u00e8s avoir \u00e9t\u00e9 pr\u00e9sent\u00e9 sous forme de maquette, non loin de la maison de quartier, afin que les riverains en saisissent tout l\u2019int\u00e9r\u00eat. \u00a0Pour l\u2019instant, il s\u2019agit de faire pousser et de r\u00e9colter des l\u00e9gumes bio, cultiv\u00e9s avec des personnes en insertion employ\u00e9es par la r\u00e9gie Oc\u00e9an et vendus en circuit court et \u00e0 prix libre.\u00a0 \u00c0 1\u00a0\u20ac la salade, 3\u00a0\u20ac le kilo de l\u00e9gumes frais, le but est que tout le monde puisse manger local, sain et pas cher.<\/p>\n<p>L\u2019objectif est aussi de cr\u00e9er du lien, chacun \u00e9tant bienvenu pour participer au b\u00eachage, \u00e0 la r\u00e9colte, \u00e0 la vente ou juste pour papoter. Des serres devraient \u00eatre implant\u00e9es dans l\u2019enclos d\u00e9limitant cette friche bien accueillie et un labourage est m\u00eame pr\u00e9vu avec l\u2019intervention de chevaux. \u00c0 terme, 80 \u00e0 100\u00a0paniers de l\u00e9gumes seront produits par 8 \u00e0 10\u00a0salari\u00e9s en insertion.<\/p>\n<p>Les prochaines ventes devraient avoir lieu le <strong>mercredi 16\u00a0juillet,<\/strong> de 16\u00a0h \u00e0 18\u00a0h sur la place des Dervalli\u00e8res et le<strong> jeudi 24\u00a0juillet,<\/strong> de 17\u00a0h \u00e0 18\u00a0h, au Pigeonnier.<\/p>\n<p><strong>Contact\u00a0:<\/strong> mathilde.berthelot@ocean-rdq.org ou t\u00e9l. 06\u00a059\u00a050\u00a092\u00a094.<\/p>\n<p>\u00a0<\/p>\n","protected":false},"excerpt":{"rendered":"Sur l\u2019immense plaine des Dervalli\u00e8res, entre les vestiges de l\u2019ancien ch\u00e2teau \u00e9ponyme, un \u00e9tang et des terrains de&hellip;\n","protected":false},"author":2,"featured_media":235537,"comment_status":"","ping_status":"","sticky":false,"template":"","format":"standard","meta":{"footnotes":""},"categories":[2818],"tags":[1111,11,9897,37421,37422,1777,674,1011,27,18222,9896,766,12,2636,5775,25,11489],"class_list":{"0":"post-235536","1":"post","2":"type-post","3":"status-publish","4":"format-standard","5":"has-post-thumbnail","7":"category-nantes","8":"tag-actu","9":"tag-actualites","10":"tag-bio","11":"tag-cultivent","12":"tag-dervallieres","13":"tag-eu","14":"tag-europe","15":"tag-fr","16":"tag-france","17":"tag-legumes","18":"tag-maraichers","19":"tag-nantes","20":"tag-news","21":"tag-pays-de-la-loire","22":"tag-quartier","23":"tag-republique-francaise","24":"tag-ur"},"share_on_mastodon":{"url":"https:\/\/pubeurope.com\/@fr\/114818549259817481","error":""},"_links":{"self":[{"href":"https:\/\/www.europesays.com\/fr\/wp-json\/wp\/v2\/posts\/235536","targetHints":{"allow":["GET"]}}],"collection":[{"href":"https:\/\/www.europesays.com\/fr\/wp-json\/wp\/v2\/posts"}],"about":[{"href":"https:\/\/www.europesays.com\/fr\/wp-json\/wp\/v2\/types\/post"}],"author":[{"embeddable":true,"href":"https:\/\/www.europesays.com\/fr\/wp-json\/wp\/v2\/users\/2"}],"replies":[{"embeddable":true,"href":"https:\/\/www.europesays.com\/fr\/wp-json\/wp\/v2\/comments?post=235536"}],"version-history":[{"count":0,"href":"https:\/\/www.europesays.com\/fr\/wp-json\/wp\/v2\/posts\/235536\/revisions"}],"wp:featuredmedia":[{"embeddable":true,"href":"https:\/\/www.europesays.com\/fr\/wp-json\/wp\/v2\/media\/235537"}],"wp:attachment":[{"href":"https:\/\/www.europesays.com\/fr\/wp-json\/wp\/v2\/media?parent=235536"}],"wp:term":[{"taxonomy":"category","embeddable":true,"href":"https:\/\/www.europesays.com\/fr\/wp-json\/wp\/v2\/categories?post=235536"},{"taxonomy":"post_tag","embeddable":true,"href":"https:\/\/www.europesays.com\/fr\/wp-json\/wp\/v2\/tags?post=235536"}],"curies":[{"name":"wp","href":"https:\/\/api.w.org\/{rel}","templated":true}]}}