{"id":235538,"date":"2025-07-08T16:26:14","date_gmt":"2025-07-08T16:26:14","guid":{"rendered":"https:\/\/www.europesays.com\/fr\/235538\/"},"modified":"2025-07-08T16:26:14","modified_gmt":"2025-07-08T16:26:14","slug":"un-incendie-au-milieu-des-voies-provoque-dimportants-bouchons-sur-la-nationale-entre-nantes-et-vannes","status":"publish","type":"post","link":"https:\/\/www.europesays.com\/fr\/235538\/","title":{"rendered":"Un incendie au milieu des voies provoque d\u2019importants bouchons sur la Nationale entre Nantes et Vannes"},"content":{"rendered":"<p>            Par<br \/>\n        <strong><br \/>\n            <a href=\"https:\/\/actu.fr\/auteur\/julien-bouliou\" title=\"Consulter tous les articles de Julien Bouliou\" rel=\"nofollow noopener\" target=\"_blank\">Julien Bouliou<\/a><br \/>\n        <\/strong><\/p>\n<p>        Publi\u00e9 le<\/p>\n<p>            8 juil. 2025 \u00e0 18h18<br \/>\n        ; mis \u00e0 jour le 8 juil. 2025 \u00e0 18h21    <\/p>\n<p>Un incendie s\u2019est d\u00e9clar\u00e9 dans l\u2019apr\u00e8s-midi du <b>mardi 8\u00a0juillet 2025<\/b> sur \u00ab\u00a0le terre-plein central\u00a0\u00bb de la voie express <b>entre Nantes (Loire-Atlantique) et Vannes (Morbihan).<\/b><\/p>\n<p class=\" wall-content\">Le feu s\u2019est d\u00e9clar\u00e9 vers 17\u2009h\u200930 \u00ab\u00a0entre les PR 55 et 57\u00a0\u00bb, indique la Direction interd\u00e9partementale des routes Ouest \u00e0 la hauteur des communes de Sainte-Reine-de-Bretagne et Missillac (Loire-Atlantique).<\/p>\n<p>Importants bouchons<\/p>\n<p class=\" wall-content\">L\u2019intervention des pompiers provoque d\u2019importants bouchons, sur plusieurs kilom\u00e8tres, particuli\u00e8rement dans le sens Nantes\/Vannes.<\/p>\n<p class=\" wall-content\">Suivez toute l\u2019actualit\u00e9 de vos villes et m\u00e9dias favoris en vous inscrivant \u00e0 <a href=\"https:\/\/moncompte.actu.fr\" title=\"D\u00e9couvez Mon Actu\" rel=\"nofollow noopener\" data-trk=\"{&quot;cta&quot;:{&quot;action&quot;:&quot;https:\\\/\\\/moncompte.actu.fr&quot;,&quot;category&quot;:&quot;mon compte&quot;,&quot;from&quot;:&quot;article footer&quot;,&quot;name&quot;:&quot;Mon actu&quot;,&quot;type&quot;:&quot;cta&quot;}}\" target=\"_blank\">Mon Actu<\/a>.<\/p>\n","protected":false},"excerpt":{"rendered":"Par Julien Bouliou Publi\u00e9 le 8 juil. 2025 \u00e0 18h18 ; mis \u00e0 jour le 8 juil. 2025&hellip;\n","protected":false},"author":2,"featured_media":235539,"comment_status":"","ping_status":"","sticky":false,"template":"","format":"standard","meta":{"footnotes":""},"categories":[2818],"tags":[1111,11,3542,1777,674,118,1011,27,1310,766,12,2636,25],"class_list":{"0":"post-235538","1":"post","2":"type-post","3":"status-publish","4":"format-standard","5":"has-post-thumbnail","7":"category-nantes","8":"tag-actu","9":"tag-actualites","10":"tag-circulation","11":"tag-eu","12":"tag-europe","13":"tag-faits-divers","14":"tag-fr","15":"tag-france","16":"tag-incendie","17":"tag-nantes","18":"tag-news","19":"tag-pays-de-la-loire","20":"tag-republique-francaise"},"share_on_mastodon":{"url":"https:\/\/pubeurope.com\/@fr\/114818553185778245","error":""},"_links":{"self":[{"href":"https:\/\/www.europesays.com\/fr\/wp-json\/wp\/v2\/posts\/235538","targetHints":{"allow":["GET"]}}],"collection":[{"href":"https:\/\/www.europesays.com\/fr\/wp-json\/wp\/v2\/posts"}],"about":[{"href":"https:\/\/www.europesays.com\/fr\/wp-json\/wp\/v2\/types\/post"}],"author":[{"embeddable":true,"href":"https:\/\/www.europesays.com\/fr\/wp-json\/wp\/v2\/users\/2"}],"replies":[{"embeddable":true,"href":"https:\/\/www.europesays.com\/fr\/wp-json\/wp\/v2\/comments?post=235538"}],"version-history":[{"count":0,"href":"https:\/\/www.europesays.com\/fr\/wp-json\/wp\/v2\/posts\/235538\/revisions"}],"wp:featuredmedia":[{"embeddable":true,"href":"https:\/\/www.europesays.com\/fr\/wp-json\/wp\/v2\/media\/235539"}],"wp:attachment":[{"href":"https:\/\/www.europesays.com\/fr\/wp-json\/wp\/v2\/media?parent=235538"}],"wp:term":[{"taxonomy":"category","embeddable":true,"href":"https:\/\/www.europesays.com\/fr\/wp-json\/wp\/v2\/categories?post=235538"},{"taxonomy":"post_tag","embeddable":true,"href":"https:\/\/www.europesays.com\/fr\/wp-json\/wp\/v2\/tags?post=235538"}],"curies":[{"name":"wp","href":"https:\/\/api.w.org\/{rel}","templated":true}]}}