{"id":235543,"date":"2025-07-08T16:29:22","date_gmt":"2025-07-08T16:29:22","guid":{"rendered":"https:\/\/www.europesays.com\/fr\/235543\/"},"modified":"2025-07-08T16:29:22","modified_gmt":"2025-07-08T16:29:22","slug":"pres-de-toulouse-pris-en-flagrant-delit-le-voleur-de-pharmacies-visait-un-produit-tres-convoite-en-plein-ete","status":"publish","type":"post","link":"https:\/\/www.europesays.com\/fr\/235543\/","title":{"rendered":"Pr\u00e8s de Toulouse. Pris en flagrant d\u00e9lit, le voleur de pharmacies visait un produit tr\u00e8s convoit\u00e9 en plein \u00e9t\u00e9"},"content":{"rendered":"<p>            Par<br \/>\n        <strong><br \/>\n            <a href=\"https:\/\/actu.fr\/auteur\/mareva-laville-actu-fr\" title=\"Consulter tous les articles de Mar\u00e9va Laville\" rel=\"nofollow noopener\" target=\"_blank\">Mar\u00e9va Laville<\/a><br \/>\n        <\/strong><\/p>\n<p>        Publi\u00e9 le<\/p>\n<p>            8 juil. 2025 \u00e0 16h35        <\/p>\n<p>Le soleil lui aurait-il un peu trop tap\u00e9 sur la t\u00eate\u2009? Apr\u00e8s plusieurs jours de canicule, alors que le mercure continuait de br\u00fbler <a href=\"http:\/\/www.actu.fr\/toulouse\" rel=\"nofollow noopener\" target=\"_blank\">Toulouse<\/a>, un <strong>homme de 29\u00a0ans<\/strong> a \u00e9t\u00e9 pris en flagrant d\u00e9lit de vol dans une <strong>pharmacie d\u2019Aussonne<\/strong>, au nord-ouest de la Ville rose.<\/p>\n<p>    <a href=\"https:\/\/www.google.com\/maps\/embed?pb=!1m18!1m12!1m3!1d23082.17845263555!2d1.307197577385562!3d43.684101950427866!2m3!1f0!2f0!3f0!3m2!1i1024!2i768!4f13.1!3m3!1m2!1s0x12aeaee8c7d5e15d%3A0x24766da1a85242c2!2s31840%20Aussonne!5e0!3m2!1sfr!2sfr!4v1751979614008!5m2!1sfr!2sfr\" title=\"Ouvrie le lien\" rel=\"nofollow noopener\" target=\"_blank\">Cliquez ici pour visualiser le contenu<\/a><\/p>\n<p>Des dizaines de cr\u00e8mes solaires vol\u00e9es<\/p>\n<p class=\" wall-content\">L\u2019objet de sa convoitise\u2009? De la <strong>cr\u00e8me solaire.<\/strong> Prot\u00e9ger sa peau est un luxe qui n\u2019a, semble-t-il, pas de prix aux yeux du voleur, originaire de G\u00e9orgie.<\/p>\n<p class=\" wall-content\">Avec l\u2019aide d\u2019un complice faisant diversion au comptoir, qui n\u2019a ni \u00e9t\u00e9 identifi\u00e9 ni intercept\u00e9, le jeune homme a r\u00e9ussi \u00e0 d\u00e9rober <strong>plusieurs dizaines de produits<\/strong> de type cr\u00e8me solaire. Tous gliss\u00e9s dans son grand sac.<\/p>\n<p class=\" wall-content\">Il a \u00e9t\u00e9 pris sur le fait dans un rayon, par la police municipale pr\u00e9venue par le pharmacien. \u00ab\u2009Il vidait une \u00e9tag\u00e8re\u2009\u00bb, indique le parquet de Toulouse.<\/p>\n<p>Vid\u00e9os : en ce moment sur ActuTrois autres pharmacies vis\u00e9es<\/p>\n<p class=\" wall-content\">Le voleur n\u2019en \u00e9tait pas \u00e0 son coup d\u2019essai. Apr\u00e8s son arrestation, les forces de l\u2019ordre ont pu \u00e9lucider d\u2019autres vols survenus dans <strong>trois autres pharmacies du secteur.<\/strong> Le m\u00eame jour, vendredi 4\u00a0juillet, le mis en cause avait d\u00e9rob\u00e9 des produits dans l\u2019officine de Cornebarrieu et avait tent\u00e9 la m\u00eame chose \u00e0 Beauzelle.<\/p>\n<p class=\" wall-content\">Quelques jours plus t\u00f4t, le 26\u00a0juin, il avait op\u00e9r\u00e9 dans la pharmacie de Pibrac. \u00ab\u2009Pour chaque vol, la valeur des marchandises allait <strong>de 400 \u00e0 1\u2009600\u00a0euros<\/strong>\u2009\u00bb, souligne le parquet de Toulouse.<\/p>\n<p>Le voleur compara\u00eet devant le tribunal<\/p>\n<p class=\" wall-content\">Le ressortissant g\u00e9orgien, non r\u00e9sidant en France, a comparu devant le <strong>tribunal correctionnel de Toulouse<\/strong> lundi 7\u00a0juillet 2025.<\/p>\n<p class=\" wall-content\">Il a \u00e9cop\u00e9 d\u2019une peine de<strong> six mois d\u2019emprisonnement avec sursis<\/strong> et est interdit de territoire fran\u00e7ais, pour une dur\u00e9e de trois ans avec ex\u00e9cution provisoire.<\/p>\n<p class=\" wall-content\">Suivez toute l\u2019actualit\u00e9 de vos villes et m\u00e9dias favoris en vous inscrivant \u00e0 <a href=\"https:\/\/moncompte.actu.fr\" title=\"D\u00e9couvez Mon Actu\" rel=\"nofollow noopener\" data-trk=\"{&quot;cta&quot;:{&quot;action&quot;:&quot;https:\\\/\\\/moncompte.actu.fr&quot;,&quot;category&quot;:&quot;mon compte&quot;,&quot;from&quot;:&quot;article footer&quot;,&quot;name&quot;:&quot;Mon actu&quot;,&quot;type&quot;:&quot;cta&quot;}}\" target=\"_blank\">Mon Actu<\/a>.<\/p>\n","protected":false},"excerpt":{"rendered":"Par Mar\u00e9va Laville Publi\u00e9 le 8 juil. 2025 \u00e0 16h35 Le soleil lui aurait-il un peu trop tap\u00e9&hellip;\n","protected":false},"author":2,"featured_media":235544,"comment_status":"","ping_status":"","sticky":false,"template":"","format":"standard","meta":{"footnotes":""},"categories":[2816],"tags":[1111,11,1777,674,118,1011,27,3381,303,12,2680,1072,25,2312],"class_list":{"0":"post-235543","1":"post","2":"type-post","3":"status-publish","4":"format-standard","5":"has-post-thumbnail","7":"category-toulouse","8":"tag-actu","9":"tag-actualites","10":"tag-eu","11":"tag-europe","12":"tag-faits-divers","13":"tag-fr","14":"tag-france","15":"tag-gendarmerie","16":"tag-justice","17":"tag-news","18":"tag-occitanie","19":"tag-police","20":"tag-republique-francaise","21":"tag-toulouse"},"share_on_mastodon":{"url":"https:\/\/pubeurope.com\/@fr\/114818565001571605","error":""},"_links":{"self":[{"href":"https:\/\/www.europesays.com\/fr\/wp-json\/wp\/v2\/posts\/235543","targetHints":{"allow":["GET"]}}],"collection":[{"href":"https:\/\/www.europesays.com\/fr\/wp-json\/wp\/v2\/posts"}],"about":[{"href":"https:\/\/www.europesays.com\/fr\/wp-json\/wp\/v2\/types\/post"}],"author":[{"embeddable":true,"href":"https:\/\/www.europesays.com\/fr\/wp-json\/wp\/v2\/users\/2"}],"replies":[{"embeddable":true,"href":"https:\/\/www.europesays.com\/fr\/wp-json\/wp\/v2\/comments?post=235543"}],"version-history":[{"count":0,"href":"https:\/\/www.europesays.com\/fr\/wp-json\/wp\/v2\/posts\/235543\/revisions"}],"wp:featuredmedia":[{"embeddable":true,"href":"https:\/\/www.europesays.com\/fr\/wp-json\/wp\/v2\/media\/235544"}],"wp:attachment":[{"href":"https:\/\/www.europesays.com\/fr\/wp-json\/wp\/v2\/media?parent=235543"}],"wp:term":[{"taxonomy":"category","embeddable":true,"href":"https:\/\/www.europesays.com\/fr\/wp-json\/wp\/v2\/categories?post=235543"},{"taxonomy":"post_tag","embeddable":true,"href":"https:\/\/www.europesays.com\/fr\/wp-json\/wp\/v2\/tags?post=235543"}],"curies":[{"name":"wp","href":"https:\/\/api.w.org\/{rel}","templated":true}]}}