{"id":235547,"date":"2025-07-08T16:31:15","date_gmt":"2025-07-08T16:31:15","guid":{"rendered":"https:\/\/www.europesays.com\/fr\/235547\/"},"modified":"2025-07-08T16:31:15","modified_gmt":"2025-07-08T16:31:15","slug":"juge-pour-homicide-involontaire-lautomobiliste-de-23-ans-finalement-relaxe","status":"publish","type":"post","link":"https:\/\/www.europesays.com\/fr\/235547\/","title":{"rendered":"jug\u00e9 pour homicide involontaire, l&rsquo;automobiliste de 23 ans finalement relax\u00e9"},"content":{"rendered":"<p>            Par<br \/>\n        <strong><br \/>\n            <a href=\"https:\/\/actu.fr\/auteur\/margot-nicodeme\" title=\"Consulter tous les articles de Margot Nicod\u00e8me\" rel=\"nofollow noopener\" target=\"_blank\">Margot Nicod\u00e8me<\/a><br \/>\n        <\/strong><\/p>\n<p>        Publi\u00e9 le<\/p>\n<p>            8 juil. 2025 \u00e0 16h42        <\/p>\n<p><b>L\u2019affaire \u00e9tait sensible<\/b>, et les familles, dans un clan comme dans l\u2019autre, visiblement \u00e9prouv\u00e9es. <a href=\"https:\/\/actu.fr\/hauts-de-france\/fretin_59256\/accident-a-fretin-le-jeune-homme-qui-conduisait-alcoolise-fait-face-a-la-famille-de-la-femme-decedee_62836106.html\" rel=\"nofollow noopener\" target=\"_blank\">Le 25 juin 2025, un jeune homme \u00e9tait jug\u00e9 \u00e0 Lille<\/a> pour<b> un homicide involontaire<\/b>, survenu 3 ans plus t\u00f4t \u00e0 <a href=\"https:\/\/actu.fr\/hauts-de-france\/fretin_59256\" rel=\"nofollow noopener\" target=\"_blank\">Fretin<\/a> (Nord). \u00c0 l\u2019issue d\u2019une nuit de f\u00eate du c\u00f4t\u00e9 de <a href=\"https:\/\/actu.fr\/hauts-de-france\/lille_59350\/en-images-le-fan-park-du-tour-de-france-pris-dassaut-des-son-ouverture-a-lille_62863508.html\" rel=\"nofollow noopener\" target=\"_blank\">la place de la R\u00e9publique<\/a> de Lille, il conduisait une Mini Cooper qui est venue s\u2019encastrer dans une Peugeot 308, sur une route d\u00e9partementale. <b>Une m\u00e8re de famille, aussi grand-m\u00e8re, avait p\u00e9ri dans l\u2019accident<\/b>. Le pr\u00e9venu, aujourd\u2019hui \u00e2g\u00e9 de 23 ans, a \u00e9t\u00e9<b> condamn\u00e9 au paiement de dommages et int\u00e9r\u00eats \u00e0 la famille<\/b> de la victime, mais pas sur le plan p\u00e9nal. <b>Il a ainsi \u00e9t\u00e9 relax\u00e9<\/b>, ce dont s\u2019est f\u00e9licit\u00e9 son avocat, <a href=\"https:\/\/actu.fr\/hauts-de-france\/lille_59350\/a-lille-antoine-regley-est-avocat-des-victimes-de-la-route-l-adversaire-c-est-l-assurance_50944338.html\" rel=\"nofollow noopener\" target=\"_blank\">Me Antoine R\u00e9gley<\/a>.<\/p>\n<p>Homicide involontaire \u00e0 Fretin : la circonstance aggravante de l\u2019alcool\u00e9mie \u00e9cart\u00e9e<\/p>\n<p class=\" wall-content\">Il encourait jusqu\u2019\u00e0 5 ans de prison, dont deux ans ferme, conform\u00e9ment \u00e0 ce qu\u2019avait requis la procureure. Le jeune homme, qui poursuit aujourd\u2019hui une carri\u00e8re d\u2019animateur en club de vacances, est ressorti libre du tribunal de Lille, ce 8 juillet 2025.<\/p>\n<p class=\" wall-content\">La circonstance aggravante de l\u2019alcool\u00e9mie a \u00e9t\u00e9 \u00ab\u00a0\u00e9cart\u00e9e\u00a0\u00bb, en raison d\u2019un vice de forme qu\u2019avait fait valoir Me R\u00e9gley. Les pr\u00e9l\u00e8vements r\u00e9alis\u00e9s sur le pr\u00e9venu, qui avaient alors indiqu\u00e9 un taux \u00e0 0,84 g\/L de sang, n\u2019ont finalement pas \u00e9t\u00e9 retenus.<\/p>\n<p class=\" wall-content\">L\u2019avocat synth\u00e9tise : \u00ab\u00a0Le nom du m\u00e9decin ou de l\u2019interne qui les a effectu\u00e9s n\u2019a pas \u00e9t\u00e9 indiqu\u00e9 dans un document r\u00e9dig\u00e9 par la police. On ne pouvait pas v\u00e9rifier que c\u2019\u00e9tait bien tel ou tel m\u00e9decin. C\u2019est un vice de forme.\u00a0\u00bb<\/p>\n<p class=\" wall-content\">L\u2019absence d\u2019expertise en accidentologie, alors qu\u2019elle est pr\u00e9sente \u00ab\u00a0dans 90% des dossiers\u00a0\u00bb d\u2019homicides involontaires, avait dit Me R\u00e9gler \u00e0 l\u2019audience du 25 juin, a manifestement pes\u00e9 dans la balance.<\/p>\n<p class=\" wall-content\">\u00ab\u00a0C\u2019est au minist\u00e8re public d\u2019apporter les preuves de la culpabilit\u00e9 du pr\u00e9venu\u00a0\u00bb, rappelle Me R\u00e9gley. Et d\u2019ajouter : \u00ab\u00a0Les parties civiles le vivent comme une injustice, mais c\u2019est le tribunal du droit qui s\u2019est exprim\u00e9, m\u00eame sur un dossier \u00e0 \u00e9motions fortes.\u00a0\u00bb<\/p>\n<p class=\" wall-content\"><b>Les dommages et int\u00e9r\u00eats <\/b>\u00e0 verser aux proches de la victime \u2013 enfants, petits-enfants, compagnon, gendre \u2013 <b>avoisinent les 45 000 \u20ac<\/b>.<\/p>\n<p class=\" wall-content\">Suivez toute l\u2019actualit\u00e9 de vos villes et m\u00e9dias favoris en vous inscrivant \u00e0 <a href=\"https:\/\/moncompte.actu.fr\" title=\"D\u00e9couvez Mon Actu\" rel=\"nofollow noopener\" data-trk=\"{&quot;cta&quot;:{&quot;action&quot;:&quot;https:\\\/\\\/moncompte.actu.fr&quot;,&quot;category&quot;:&quot;mon compte&quot;,&quot;from&quot;:&quot;article footer&quot;,&quot;name&quot;:&quot;Mon actu&quot;,&quot;type&quot;:&quot;cta&quot;}}\" target=\"_blank\">Mon Actu<\/a>.<\/p>\n","protected":false},"excerpt":{"rendered":"Par Margot Nicod\u00e8me Publi\u00e9 le 8 juil. 2025 \u00e0 16h42 L\u2019affaire \u00e9tait sensible, et les familles, dans un&hellip;\n","protected":false},"author":2,"featured_media":235548,"comment_status":"","ping_status":"","sticky":false,"template":"","format":"standard","meta":{"footnotes":""},"categories":[2815],"tags":[119,1111,11,1777,674,118,1011,27,811,303,1307,12,25],"class_list":{"0":"post-235547","1":"post","2":"type-post","3":"status-publish","4":"format-standard","5":"has-post-thumbnail","7":"category-lille","8":"tag-accident","9":"tag-actu","10":"tag-actualites","11":"tag-eu","12":"tag-europe","13":"tag-faits-divers","14":"tag-fr","15":"tag-france","16":"tag-hauts-de-france","17":"tag-justice","18":"tag-lille","19":"tag-news","20":"tag-republique-francaise"},"share_on_mastodon":{"url":"https:\/\/pubeurope.com\/@fr\/114818572825570633","error":""},"_links":{"self":[{"href":"https:\/\/www.europesays.com\/fr\/wp-json\/wp\/v2\/posts\/235547","targetHints":{"allow":["GET"]}}],"collection":[{"href":"https:\/\/www.europesays.com\/fr\/wp-json\/wp\/v2\/posts"}],"about":[{"href":"https:\/\/www.europesays.com\/fr\/wp-json\/wp\/v2\/types\/post"}],"author":[{"embeddable":true,"href":"https:\/\/www.europesays.com\/fr\/wp-json\/wp\/v2\/users\/2"}],"replies":[{"embeddable":true,"href":"https:\/\/www.europesays.com\/fr\/wp-json\/wp\/v2\/comments?post=235547"}],"version-history":[{"count":0,"href":"https:\/\/www.europesays.com\/fr\/wp-json\/wp\/v2\/posts\/235547\/revisions"}],"wp:featuredmedia":[{"embeddable":true,"href":"https:\/\/www.europesays.com\/fr\/wp-json\/wp\/v2\/media\/235548"}],"wp:attachment":[{"href":"https:\/\/www.europesays.com\/fr\/wp-json\/wp\/v2\/media?parent=235547"}],"wp:term":[{"taxonomy":"category","embeddable":true,"href":"https:\/\/www.europesays.com\/fr\/wp-json\/wp\/v2\/categories?post=235547"},{"taxonomy":"post_tag","embeddable":true,"href":"https:\/\/www.europesays.com\/fr\/wp-json\/wp\/v2\/tags?post=235547"}],"curies":[{"name":"wp","href":"https:\/\/api.w.org\/{rel}","templated":true}]}}