{"id":235557,"date":"2025-07-08T16:36:18","date_gmt":"2025-07-08T16:36:18","guid":{"rendered":"https:\/\/www.europesays.com\/fr\/235557\/"},"modified":"2025-07-08T16:36:18","modified_gmt":"2025-07-08T16:36:18","slug":"lyon-la-gare-sncf-part-dieu-bondee-de-nombreux-trains-annules-ce-quil-se-passe","status":"publish","type":"post","link":"https:\/\/www.europesays.com\/fr\/235557\/","title":{"rendered":"Lyon. La gare SNCF Part-Dieu bond\u00e9e, de nombreux trains annul\u00e9s : ce qu&rsquo;il se passe"},"content":{"rendered":"<p>            Par<br \/>\n        <strong><br \/>\n            <a href=\"https:\/\/actu.fr\/auteur\/theophile-blondet\" title=\"Consulter tous les articles de Theophile Blondet\" target=\"_blank\" rel=\"noopener\">Theophile Blondet<\/a><br \/>\n        <\/strong><\/p>\n<p>        Publi\u00e9 le<\/p>\n<p>            8 juil. 2025 \u00e0 18h06        <\/p>\n<p>C\u2019est la pagaille \u00e0 la gare de Lyon Part-Dieu. En raison de <a href=\"https:\/\/actu.fr\/provence-alpes-cote-d-azur\/marseille_13055\/violent-incendie-aux-pennes-mirabeau-le-feu-se-propage-a-marseille-des-habitants-confines_62883361.html\" target=\"_blank\" rel=\"noopener\">l\u2019incendie qui touche Marseille en ce moment m\u00eame<\/a>, la SNCF a d\u00e9cid\u00e9 de stopper les trains au d\u00e9part et \u00e0 l\u2019arriv\u00e9e de la cit\u00e9 phoc\u00e9enne, impactant la gare de Lyon Part-Dieu.<\/p>\n<p class=\" wall-content\">De nombreux trains sont ainsi supprim\u00e9s, d\u00e9rout\u00e9s ou retard\u00e9s.<\/p>\n<p>De nombreux trains supprim\u00e9s ou d\u00e9rout\u00e9s<\/p>\n<p class=\" wall-content\">La d\u00e9cision de la SNCF d\u2019interrompre la circulation des trains \u00e0 Marseille touche \u00e9galement la gare de Lyon Part-Dieu. Ainsi, tous les trains qui devaient passer par la gare lyonnaise et arriver dans la cit\u00e9 phoc\u00e9enne sont concern\u00e9s depuis 17h ce mardi 8 juillet. C\u2019est le cas des trains Ouigo, Inoui et TER.<\/p>\n<p class=\" wall-content\">C\u2019est ainsi le cas du TER 17705 qui devait arriver \u00e0 Marseille a \u00e9t\u00e9 d\u00e9rout\u00e9 et fera finalement son terminus \u00e0 la gare d\u2019Avignon Centre. Aucun horaire d\u2019arriv\u00e9e n\u2019est pour le moment pr\u00e9cis\u00e9. De son c\u00f4t\u00e9, le TGV Inoui 9896 qui devait partir de Marseille et passer par Lyon \u00e0 17h50 a \u00e9t\u00e9 annul\u00e9.<\/p>\n<p class=\" wall-content\">En raison de l\u2019\u00e9volution de l\u2019incendie, la situation est susceptible de changer rapidement.\u00a0<\/p>\n<p>Vid\u00e9os : en ce moment sur ActuUn accident de personne touche la liaison Paris-Lyon<\/p>\n<p class=\" wall-content\">Si les trains sont interrompus \u00e0 Marseille, la liaison entre Lyon et Paris est aussi boulevers\u00e9e. En effet, un accident de personne \u00ab\u2009perturbe tr\u00e8s fortement le trafic entre Paris et M\u00e2con\u2009\u00bb, pr\u00e9cise la SNCF.<\/p>\n<p class=\" wall-content\">De nombreux trains sont \u00e9galement retard\u00e9s ou annul\u00e9s. C\u2019est ainsi le cas du TGV Inoui 6617 au d\u00e9part de Paris, qui est retard\u00e9 de 2h pour arriver \u00e0 18h normalement \u00e0 la gare de Part-Dieu.<\/p>\n<p>    <img   decoding=\"async\" loading=\"lazy\" src=\"https:\/\/www.europesays.com\/fr\/wp-content\/uploads\/2025\/07\/gare-part-dieu-lyon-960x640.jpg\" alt=\"De nombreux trains sont retard\u00e9s ou annul\u00e9s depuis la gare SNCF de Lyon Part-Dieu, ce mardi.\" width=\"960\" height=\"640\"\/><br \/>\n    De nombreux trains sont retard\u00e9s ou annul\u00e9s depuis la gare SNCF de Lyon Part-Dieu, ce mardi. (\u00a9Th\u00e9ophile Blondet \/ actu Lyon)<\/p>\n<p class=\" wall-content\">Pire, le TGV 6696 qui devait partir de Saint-Etienne Chateaucreux \u00e0 16h42 et relier Paris Gare de Lyon en passant par Lyon est finalement annul\u00e9 par la SNCF en raison de cet accident de personne.<\/p>\n<p class=\" wall-content\">\u00c0 noter que la liaison entre la capitale des Gaules et la cit\u00e9 phoc\u00e9enne est par ailleurs <a href=\"https:\/\/actu.fr\/auvergne-rhone-alpes\/colombier-saugnieu_69299\/incendie-violent-en-cours-a-marseille-un-vol-depuis-lyon-deroute-la-liaison-coupee_62883701.html\" target=\"_blank\" rel=\"noopener\">perturb\u00e9e dans les airs<\/a>.<\/p>\n<p class=\" wall-content\">Suivez toute l\u2019actualit\u00e9 de vos villes et m\u00e9dias favoris en vous inscrivant \u00e0 <a href=\"https:\/\/moncompte.actu.fr\" title=\"D\u00e9couvez Mon Actu\" rel=\"nofollow noopener\" data-trk=\"{&quot;cta&quot;:{&quot;action&quot;:&quot;https:\\\/\\\/moncompte.actu.fr&quot;,&quot;category&quot;:&quot;mon compte&quot;,&quot;from&quot;:&quot;article footer&quot;,&quot;name&quot;:&quot;Mon actu&quot;,&quot;type&quot;:&quot;cta&quot;}}\" target=\"_blank\">Mon Actu<\/a>.<\/p>\n","protected":false},"excerpt":{"rendered":"Par Theophile Blondet Publi\u00e9 le 8 juil. 2025 \u00e0 18h06 C\u2019est la pagaille \u00e0 la gare de Lyon&hellip;\n","protected":false},"author":2,"featured_media":235558,"comment_status":"","ping_status":"","sticky":false,"template":"","format":"standard","meta":{"footnotes":""},"categories":[1889],"tags":[1111,11,2430,1777,674,1011,27,1310,2428,6178,12,25,2215,104],"class_list":{"0":"post-235557","1":"post","2":"type-post","3":"status-publish","4":"format-standard","5":"has-post-thumbnail","7":"category-lyon","8":"tag-actu","9":"tag-actualites","10":"tag-auvergne-rhone-alpes","11":"tag-eu","12":"tag-europe","13":"tag-fr","14":"tag-france","15":"tag-incendie","16":"tag-lyon","17":"tag-lyon-part-dieu","18":"tag-news","19":"tag-republique-francaise","20":"tag-sncf","21":"tag-societe"},"share_on_mastodon":{"url":"https:\/\/pubeurope.com\/@fr\/114818592488399558","error":""},"_links":{"self":[{"href":"https:\/\/www.europesays.com\/fr\/wp-json\/wp\/v2\/posts\/235557","targetHints":{"allow":["GET"]}}],"collection":[{"href":"https:\/\/www.europesays.com\/fr\/wp-json\/wp\/v2\/posts"}],"about":[{"href":"https:\/\/www.europesays.com\/fr\/wp-json\/wp\/v2\/types\/post"}],"author":[{"embeddable":true,"href":"https:\/\/www.europesays.com\/fr\/wp-json\/wp\/v2\/users\/2"}],"replies":[{"embeddable":true,"href":"https:\/\/www.europesays.com\/fr\/wp-json\/wp\/v2\/comments?post=235557"}],"version-history":[{"count":0,"href":"https:\/\/www.europesays.com\/fr\/wp-json\/wp\/v2\/posts\/235557\/revisions"}],"wp:featuredmedia":[{"embeddable":true,"href":"https:\/\/www.europesays.com\/fr\/wp-json\/wp\/v2\/media\/235558"}],"wp:attachment":[{"href":"https:\/\/www.europesays.com\/fr\/wp-json\/wp\/v2\/media?parent=235557"}],"wp:term":[{"taxonomy":"category","embeddable":true,"href":"https:\/\/www.europesays.com\/fr\/wp-json\/wp\/v2\/categories?post=235557"},{"taxonomy":"post_tag","embeddable":true,"href":"https:\/\/www.europesays.com\/fr\/wp-json\/wp\/v2\/tags?post=235557"}],"curies":[{"name":"wp","href":"https:\/\/api.w.org\/{rel}","templated":true}]}}