{"id":23556,"date":"2025-04-14T03:14:11","date_gmt":"2025-04-14T03:14:11","guid":{"rendered":"https:\/\/www.europesays.com\/fr\/23556\/"},"modified":"2025-04-14T03:14:11","modified_gmt":"2025-04-14T03:14:11","slug":"le-kenyan-benard-biwott-lemporte-chez-les-hommes-lethiopienne-hirpa-chez-les-femmes","status":"publish","type":"post","link":"https:\/\/www.europesays.com\/fr\/23556\/","title":{"rendered":"Le K\u00e9nyan Benard Biwott l\u2019emporte chez les hommes, l\u2019Ethiopienne Hirpa chez les femmes"},"content":{"rendered":"<p>L\u2019Afrique \u00e0 l\u2019honneur, <a href=\"https:\/\/www.20minutes.fr\/sport\/4085260-20240407-marathon-paris-ethiopiens-uma-fikir-domptent-routes-parisiennes\" class=\"color-ultramarine c-link\" target=\"_blank\" rel=\"noopener\">comme souvent<\/a> sur la distance. Le K\u00e9nyan Benard Biwott a remport\u00e9 son deuxi\u00e8me marathon dimanche en s\u2019imposant \u00e0 Paris en 2 heures 5 minutes 25 secondes, <a href=\"https:\/\/rmcsport.bfmtv.com\/athletisme\/marathon-de-paris-le-kenyan-benard-biwott-triomphe-dans-la-capitale_AN-202504130135.html\" target=\"_blank\" class=\"color-ultramarine c-link\" rel=\"noopener\">am\u00e9liorant son record personnel<\/a>, apr\u00e8s avoir l\u00e2ch\u00e9 tous ses concurrents \u00e0 10 kilom\u00e8tres de l\u2019arriv\u00e9e. A bient\u00f4t 23 ans, le coureur participait seulement \u00e0 sa deuxi\u00e8me course sur cette distance en carri\u00e8re, apr\u00e8s celui de Francfort en octobre\u00a02024, qu\u2019il avait l\u00e0 aussi remport\u00e9.<\/p>\n<\/p>\n<p>Le Djiboutien Ibrahim Hassan, qui avait \u00e9t\u00e9 le seul \u00e0 suivre le K\u00e9nyan sur son acc\u00e9l\u00e9ration, a termin\u00e9 deuxi\u00e8me en 2 heures 6 minutes 13 secondes, devant un autre K\u00e9nyan, Sila Kiptoo, qui explose son record personnel de pr\u00e8s de deux minutes (2 h 06 min 21 sec).<\/p>\n<p>Seulement sa deuxi\u00e8me course sur la distance<\/p>\n<p>L\u2019Ethiopienne Bedatu Hirpa a devanc\u00e9 au finish sa compatriote Dera Dida dimanche lors du marathon de Paris en s\u2019imposant en 2 heures 20 minutes 45 secondes. A 25 ans, elle remporte son deuxi\u00e8me marathon de l\u2019ann\u00e9e, apr\u00e8s s\u2019\u00eatre impos\u00e9e \u00e0 Duba\u00ef mi-janvier dernier, d\u00e9j\u00e0 devant Dida dans un finish similaire.<\/p>\n<p><a href=\"https:\/\/www.20minutes.fr\/sport\/marathon_de_paris\/4085281-20240407-marathon-paris-2024-etat-arrivent-coureurs\" class=\"color-ultramarine c-link\" target=\"_blank\" rel=\"noopener\">Apr\u00e8s avoir c\u00e9d\u00e9 dans les derniers m\u00e8tres<\/a>, Dera Dida a termin\u00e9 en 2 heures 20 minutes 49 secondes. La coureuse k\u00e9nyane Angela Tanui se place elle \u00e0 la derni\u00e8re place du podium en 2 heures 21 minutes 7 secondes.<\/p>\n","protected":false},"excerpt":{"rendered":"L\u2019Afrique \u00e0 l\u2019honneur, comme souvent sur la distance. Le K\u00e9nyan Benard Biwott a remport\u00e9 son deuxi\u00e8me marathon dimanche&hellip;\n","protected":false},"author":2,"featured_media":23557,"comment_status":"","ping_status":"","sticky":false,"template":"","format":"standard","meta":{"footnotes":""},"categories":[1888],"tags":[11,7712,8558,1777,674,1011,27,8557,6463,12,626,25,517],"class_list":{"0":"post-23556","1":"post","2":"type-post","3":"status-publish","4":"format-standard","5":"has-post-thumbnail","7":"category-paris","8":"tag-actualites","9":"tag-course-a-pied","10":"tag-ethiopie","11":"tag-eu","12":"tag-europe","13":"tag-fr","14":"tag-france","15":"tag-kenya","16":"tag-marathon-de-paris","17":"tag-news","18":"tag-paris","19":"tag-republique-francaise","20":"tag-sport"},"share_on_mastodon":{"url":"https:\/\/pubeurope.com\/@fr\/114334142537664698","error":""},"_links":{"self":[{"href":"https:\/\/www.europesays.com\/fr\/wp-json\/wp\/v2\/posts\/23556","targetHints":{"allow":["GET"]}}],"collection":[{"href":"https:\/\/www.europesays.com\/fr\/wp-json\/wp\/v2\/posts"}],"about":[{"href":"https:\/\/www.europesays.com\/fr\/wp-json\/wp\/v2\/types\/post"}],"author":[{"embeddable":true,"href":"https:\/\/www.europesays.com\/fr\/wp-json\/wp\/v2\/users\/2"}],"replies":[{"embeddable":true,"href":"https:\/\/www.europesays.com\/fr\/wp-json\/wp\/v2\/comments?post=23556"}],"version-history":[{"count":0,"href":"https:\/\/www.europesays.com\/fr\/wp-json\/wp\/v2\/posts\/23556\/revisions"}],"wp:featuredmedia":[{"embeddable":true,"href":"https:\/\/www.europesays.com\/fr\/wp-json\/wp\/v2\/media\/23557"}],"wp:attachment":[{"href":"https:\/\/www.europesays.com\/fr\/wp-json\/wp\/v2\/media?parent=23556"}],"wp:term":[{"taxonomy":"category","embeddable":true,"href":"https:\/\/www.europesays.com\/fr\/wp-json\/wp\/v2\/categories?post=23556"},{"taxonomy":"post_tag","embeddable":true,"href":"https:\/\/www.europesays.com\/fr\/wp-json\/wp\/v2\/tags?post=23556"}],"curies":[{"name":"wp","href":"https:\/\/api.w.org\/{rel}","templated":true}]}}